{"id":120229,"date":"2025-05-22T19:48:08","date_gmt":"2025-05-22T19:48:08","guid":{"rendered":"https:\/\/www.europesays.com\/fr\/120229\/"},"modified":"2025-05-22T19:48:08","modified_gmt":"2025-05-22T19:48:08","slug":"le-comedien-eric-legrand-est-mort","status":"publish","type":"post","link":"https:\/\/www.europesays.com\/fr\/120229\/","title":{"rendered":"le com\u00e9dien Eric Legrand est mort"},"content":{"rendered":"<p>            Par<br \/>\n        <strong><br \/>\n            <a href=\"https:\/\/actu.fr\/auteur\/maxime-tsjoen\" title=\"Consulter tous les articles de Maxime T&#039;sjoen\" target=\"_blank\" rel=\"noopener\">Maxime T&rsquo;sjoen<\/a><br \/>\n        <\/strong><\/p>\n<p>        Publi\u00e9 le<\/p>\n<p>            22 mai 2025 \u00e0 19h57        <\/p>\n<p>Figure du doublage en France et tr\u00e8s connu pour avoir pr\u00eat\u00e9 sa voix \u00e0 Vegeta dans la saga Dragon Ball, Eric Legrand est mort, apprend-on ce jeudi 22\u00a0mai \u00e0 l\u2019\u00e2ge de 67\u00a0ans.<\/p>\n<p class=\" wall-content\">L\u2019annonce de sa mort a \u00e9t\u00e9 faite par son ami et coll\u00e8gue, Patrick Borg, la voix fran\u00e7aise de Sangoku.<\/p>\n<p class=\" wall-content\">Sur Facebook, le com\u00e9dien lui rend hommage.<\/p>\n<blockquote class=\"ac-article-quote wall-content\">\n<p>Depuis des mois, nous nous sommes \u00e9crit tous les jours sur WhatsApp jusqu&rsquo;\u00e0 lundi dernier, le 19 mai au matin, on te transf\u00e9rai dans un service de soins palliatifs&#8230; Tu as cess\u00e9 de me r\u00e9pondre.<\/p>\n<p>    <strong>Patrick Borg<\/strong>\n            <\/p><\/blockquote>\n<p class=\" wall-content\">Il partage notamment un message qui lui avait \u00e9t\u00e9 envoy\u00e9 dimanche par \u00c9ric Legrand\u2009: \u00ab\u2009On me transf\u00e8re lundi dans une unit\u00e9 de soins palliatifs. J\u2019esp\u00e8re qu\u2019ensuite \u00e7a ira tr\u00e8s vite\u2026 Je ne t\u2019oublierai pas\u2009! Je suis malheureux, tr\u00e8s malheureux\u2026 Adieu mon ami.\u2009\u00bb<\/p>\n<p class=\" wall-content\">\n<p>Vid\u00e9os : en ce moment sur ActuVoix iconique du Club Doroth\u00e9e<\/p>\n<p class=\" wall-content\">N\u00e9 en 1957, Eric Legrand est connu pour davantage que sa voix dans Dragon Ball. Iconique voix des s\u00e9ries du Club Doroth\u00e9e, on a pu entendre le doubleur dans Les Chevaliers du Zodiaque.<\/p>\n<p class=\" wall-content\">Il avait aussi doubl\u00e9 l\u2019acteur Owen Wilson dans une douzaine de films.<\/p>\n<p class=\" wall-content\">La disparition d\u2019Eric Legrand suscite une vive \u00e9motion dans la communaut\u00e9 (importante) des anim\u00e9s. Sur les r\u00e9seaux sociaux, les hommages se multiplient ce jeudi soir.<\/p>\n<p class=\" wall-content\">\u00ab\u2009Tu vas manquer \u00e0 tes fans\u2009\u00bb, \u00e9crit Patrick Borg. \u00ab\u2009Tu \u00e9tais un vrai Sayen.\u2009\u00bb<\/p>\n<p class=\" wall-content\">Suivez toute l\u2019actualit\u00e9 de vos villes et m\u00e9dias favoris en vous inscrivant \u00e0 <a href=\"https:\/\/moncompte.actu.fr\" title=\"D\u00e9couvez Mon Actu\" rel=\"nofollow noopener\" data-trk=\"{&quot;cta&quot;:{&quot;action&quot;:&quot;https:\\\/\\\/moncompte.actu.fr&quot;,&quot;category&quot;:&quot;mon compte&quot;,&quot;from&quot;:&quot;article footer&quot;,&quot;name&quot;:&quot;Mon actu&quot;,&quot;type&quot;:&quot;cta&quot;}}\" target=\"_blank\">Mon Actu<\/a>.<\/p>\n","protected":false},"excerpt":{"rendered":"Par Maxime T&rsquo;sjoen Publi\u00e9 le 22 mai 2025 \u00e0 19h57 Figure du doublage en France et tr\u00e8s connu&hellip;\n","protected":false},"author":2,"featured_media":120230,"comment_status":"","ping_status":"","sticky":false,"template":"","format":"standard","meta":{"footnotes":""},"categories":[8],"tags":[58,59,1011,27,1391,104],"class_list":{"0":"post-120229","1":"post","2":"type-post","3":"status-publish","4":"format-standard","5":"has-post-thumbnail","7":"category-divertissement","8":"tag-divertissement","9":"tag-entertainment","10":"tag-fr","11":"tag-france","12":"tag-necrologie","13":"tag-societe"},"share_on_mastodon":{"url":"https:\/\/pubeurope.com\/@fr\/114553218934469494","error":""},"_links":{"self":[{"href":"https:\/\/www.europesays.com\/fr\/wp-json\/wp\/v2\/posts\/120229","targetHints":{"allow":["GET"]}}],"collection":[{"href":"https:\/\/www.europesays.com\/fr\/wp-json\/wp\/v2\/posts"}],"about":[{"href":"https:\/\/www.europesays.com\/fr\/wp-json\/wp\/v2\/types\/post"}],"author":[{"embeddable":true,"href":"https:\/\/www.europesays.com\/fr\/wp-json\/wp\/v2\/users\/2"}],"replies":[{"embeddable":true,"href":"https:\/\/www.europesays.com\/fr\/wp-json\/wp\/v2\/comments?post=120229"}],"version-history":[{"count":0,"href":"https:\/\/www.europesays.com\/fr\/wp-json\/wp\/v2\/posts\/120229\/revisions"}],"wp:featuredmedia":[{"embeddable":true,"href":"https:\/\/www.europesays.com\/fr\/wp-json\/wp\/v2\/media\/120230"}],"wp:attachment":[{"href":"https:\/\/www.europesays.com\/fr\/wp-json\/wp\/v2\/media?parent=120229"}],"wp:term":[{"taxonomy":"category","embeddable":true,"href":"https:\/\/www.europesays.com\/fr\/wp-json\/wp\/v2\/categories?post=120229"},{"taxonomy":"post_tag","embeddable":true,"href":"https:\/\/www.europesays.com\/fr\/wp-json\/wp\/v2\/tags?post=120229"}],"curies":[{"name":"wp","href":"https:\/\/api.w.org\/{rel}","templated":true}]}}