{"id":120234,"date":"2025-05-22T19:51:09","date_gmt":"2025-05-22T19:51:09","guid":{"rendered":"https:\/\/www.europesays.com\/fr\/120234\/"},"modified":"2025-05-22T19:51:09","modified_gmt":"2025-05-22T19:51:09","slug":"netanyahou-defie-la-justice-et-devoile-le-prochain-chef-du-shin-bet","status":"publish","type":"post","link":"https:\/\/www.europesays.com\/fr\/120234\/","title":{"rendered":"Netanyahou d\u00e9fie la justice et d\u00e9voile le prochain chef du Shin Bet"},"content":{"rendered":"<p>                             Par Le Figaro avec AFP<\/p>\n<p>                Il y a 1 minute<\/p>\n<p>\u00a0\u00bb<br \/>\n        data-script=\u00a0\u00bbhttps:\/\/static.lefigaro.fr\/widget-video\/short-ttl\/video\/index.js\u00a0\u00bb<br \/>\n    &gt;<\/p>\n<p>En d\u00e9pit d\u2019une r\u00e9cente d\u00e9cision de la cour supr\u00eame isra\u00e9lienne, Benyamin Netanyahou a annonc\u00e9 le g\u00e9n\u00e9ral David Zini comme futur chef de l\u2019Agence de la s\u00e9curit\u00e9 int\u00e9rieure.<\/p>\n<p class=\"fig-paragraph\">Le premier ministre isra\u00e9lien Benyamin Netanyahou a annonc\u00e9 jeudi soir avoir choisi le g\u00e9n\u00e9ral de division David Zini comme prochain chef de l&rsquo;Agence de la s\u00e9curit\u00e9 int\u00e9rieure (Shin Bet),<a href=\"http:\/\/www.lefigaro.fr\/international\/israel-la-cour-supreme-juge-contraire-a-la-loi-le-renvoi-du-chef-de-la-securite-interieure-20250521\" data-fig-type=\"NewsFlash\" data-gtm-custom-categorie=\"navigation\" data-gtm-custom-action=\"crossclick\" data-gtm-custom-label=\"Contextuel\" data-gtm-event=\"customEventSPE\" data-fig-domain=\"LEFIGARO\" target=\"_blank\" rel=\"noopener\">\u00a0d\u00e9fiant l&rsquo;interdit<\/a>\u00a0que lui avait signifi\u00e9 la veille la procureure g\u00e9n\u00e9rale de l&rsquo;\u00c9tat. \u00abLe premier ministre Netanyahou a annonc\u00e9 ce soir sa d\u00e9cision de nommer le g\u00e9n\u00e9ral de division David Zini comme prochain chef du Shin Bet\u00bb, indique un communiqu\u00e9 de son bureau.<\/p>\n<p class=\"fig-paragraph\">La procureure g\u00e9n\u00e9rale de l\u2019\u00c9tat, Gali Baharav Miara, a r\u00e9agi en d\u00e9non\u00e7ant un processus de nomination \u00abvici\u00e9\u00bb. \u00abIl existe un s\u00e9rieux soup\u00e7on [que M. Netanyahu] ait agi en situation de conflit d\u2019int\u00e9r\u00eats, et le processus de nomination est vici\u00e9\u00bb, a-t-elle d\u00e9clar\u00e9, \u00e9galement conseill\u00e8re juridique du gouvernement, dans un communiqu\u00e9 laissant entrevoir une contestation de cette nomination, annonc\u00e9e peu avant, devant la Cour supr\u00eame.<\/p>\n<p class=\"fig-paragraph\">Le chef de l\u2019opposition isra\u00e9lienne, Ya\u00efr Lapid, a appel\u00e9 jeudi soir le g\u00e9n\u00e9ral David Zini \u00e0 refuser de prendre la direction de l\u2019agence tandis qu\u2019une ONG a annonc\u00e9 un recours \u00e0 la Cour supr\u00eame.<\/p>\n<p>D\u00e9cision \u00abcontraire \u00e0 la loi\u00bb<\/p>\n<p class=\"fig-paragraph\">Fils d\u2019\u00e9migr\u00e9s venus de France et petit-fils d\u2019une survivante du camp d\u2019extermination nazi d\u2019Auschwitz, le g\u00e9n\u00e9ral Zini est actuellement chef du commandement de cette formation et du corps d\u2019\u00e9tat-major g\u00e9n\u00e9ral. Le gouvernement le cr\u00e9dite d\u2019avoir r\u00e9dig\u00e9 en mars 2023 un rapport exposant les failles de l\u2019arm\u00e9e isra\u00e9lienne en cas \u00abd\u2019incursion surprise\u00bb en Isra\u00ebl \u00e0 partir de la bande de Gaza.<\/p>\n<p class=\"fig-paragraph\">Gali Baharav-Miara avait interdit mercredi soir \u00e0 Benyamin Netanyahou de nommer en l\u2019\u00e9tat un successeur au\u00a0<a href=\"http:\/\/www.lefigaro.fr\/flash-actu\/israel-le-gouvernement-limoge-le-chef-du-shin-bet-20250321\" data-fig-type=\"NewsFlash\" data-gtm-custom-categorie=\"navigation\" data-gtm-custom-action=\"crossclick\" data-gtm-custom-label=\"Contextuel\" data-gtm-event=\"customEventSPE\" data-fig-domain=\"LEFIGARO\" target=\"_blank\" rel=\"noopener\">chef d\u00e9missionnaire du Shin Bet<\/a>, Ronen Bar. Arguant d\u2019un \u00abconflit d\u2019int\u00e9r\u00eats\u00bb du premier ministre dans cette affaire, elle avait justifi\u00e9 sa d\u00e9cision en s\u2019appuyant sur un arr\u00eat rendu le m\u00eame soir par la Cour supr\u00eame et jugeant \u00abcontraire \u00e0 la loi\u00bb la d\u00e9cision prise en mars par le gouvernement de limoger Ronen Bar.<\/p>\n<p class=\"fig-paragraph\">Mais le chef de l\u2019ex\u00e9cutif a camp\u00e9 sur sa ligne affirmant qu\u2019il avait bel et bien l\u2019intention de proposer un candidat au vote du gouvernement. Benyamin Netanyahou affirme que le gouvernement peut d\u00e9cider \u00e0 sa guise de nommer et renvoyer le chef du Shin Bet, auquel il reproche de n\u2019avoir pas su emp\u00eacher l\u2019attaque sanglante du Hamas contre Isra\u00ebl, qui a le 7 octobre 2023 engendr\u00e9 la guerre \u00e0 Gaza.<\/p>\n","protected":false},"excerpt":{"rendered":"Par Le Figaro avec AFP Il y a 1 minute \u00a0\u00bb data-script=\u00a0\u00bbhttps:\/\/static.lefigaro.fr\/widget-video\/short-ttl\/video\/index.js\u00a0\u00bb &gt; En d\u00e9pit d\u2019une r\u00e9cente d\u00e9cision&hellip;\n","protected":false},"author":2,"featured_media":120235,"comment_status":"","ping_status":"","sticky":false,"template":"","format":"standard","meta":{"footnotes":""},"categories":[5],"tags":[259,11,260,952,1011,27,14,664,261,12,262,24167,28],"class_list":{"0":"post-120234","1":"post","2":"type-post","3":"status-publish","4":"format-standard","5":"has-post-thumbnail","7":"category-international","8":"tag-actualite-internationale","9":"tag-actualites","10":"tag-affaires-etrangeres","11":"tag-benyamin-netanyahou","12":"tag-fr","13":"tag-france","14":"tag-international","15":"tag-israel","16":"tag-ministere-des-affaires-etrangeres","17":"tag-news","18":"tag-politique-etrangere","19":"tag-renseignement","20":"tag-world"},"share_on_mastodon":{"url":"https:\/\/pubeurope.com\/@fr\/114553230707421961","error":""},"_links":{"self":[{"href":"https:\/\/www.europesays.com\/fr\/wp-json\/wp\/v2\/posts\/120234","targetHints":{"allow":["GET"]}}],"collection":[{"href":"https:\/\/www.europesays.com\/fr\/wp-json\/wp\/v2\/posts"}],"about":[{"href":"https:\/\/www.europesays.com\/fr\/wp-json\/wp\/v2\/types\/post"}],"author":[{"embeddable":true,"href":"https:\/\/www.europesays.com\/fr\/wp-json\/wp\/v2\/users\/2"}],"replies":[{"embeddable":true,"href":"https:\/\/www.europesays.com\/fr\/wp-json\/wp\/v2\/comments?post=120234"}],"version-history":[{"count":0,"href":"https:\/\/www.europesays.com\/fr\/wp-json\/wp\/v2\/posts\/120234\/revisions"}],"wp:featuredmedia":[{"embeddable":true,"href":"https:\/\/www.europesays.com\/fr\/wp-json\/wp\/v2\/media\/120235"}],"wp:attachment":[{"href":"https:\/\/www.europesays.com\/fr\/wp-json\/wp\/v2\/media?parent=120234"}],"wp:term":[{"taxonomy":"category","embeddable":true,"href":"https:\/\/www.europesays.com\/fr\/wp-json\/wp\/v2\/categories?post=120234"},{"taxonomy":"post_tag","embeddable":true,"href":"https:\/\/www.europesays.com\/fr\/wp-json\/wp\/v2\/tags?post=120234"}],"curies":[{"name":"wp","href":"https:\/\/api.w.org\/{rel}","templated":true}]}}