{"id":12024,"date":"2025-04-09T07:19:10","date_gmt":"2025-04-09T07:19:10","guid":{"rendered":"https:\/\/www.europesays.com\/fr\/12024\/"},"modified":"2025-04-09T07:19:10","modified_gmt":"2025-04-09T07:19:10","slug":"rima-hassan-deputee-europeenne-lfi-attendue-a-luniversite-rennes-2-jeudi-10-avril","status":"publish","type":"post","link":"https:\/\/www.europesays.com\/fr\/12024\/","title":{"rendered":"Rima Hassan, d\u00e9put\u00e9e europ\u00e9enne LFI, attendue \u00e0 l&rsquo;universit\u00e9 Rennes 2, jeudi 10 avril"},"content":{"rendered":"<p>            Par<br \/>\n        <strong><br \/>\n            <a href=\"https:\/\/actu.fr\/auteur\/brian-legoff\" title=\"Consulter tous les articles de Brian Le Goff\" target=\"_blank\" rel=\"noopener\">Brian Le Goff<\/a><br \/>\n        <\/strong><\/p>\n<p>        Publi\u00e9 le<\/p>\n<p>            9 avr. 2025 \u00e0 9h05        <\/p>\n<p>\u00ab\u00a0On est tr\u00e8s heureux de vous annoncer qu\u2019on accueillera <strong>l\u2019eurod\u00e9put\u00e9e engag\u00e9e pour la dignit\u00e9 de la Palestine et des palestiniens.\u00a0\u00bb<\/strong> C\u2019est par ces premiers posts via les r\u00e9seaux sociaux que le syndicat \u00e9tudiant Union Pirate a annonc\u00e9 la<strong> venue de Rima Hassan<\/strong> \u00e0 l\u2019universit\u00e9 <a href=\"https:\/\/actu.fr\/tag\/rennes-2\" target=\"_blank\" rel=\"noopener\">Rennes 2<\/a>, jeudi 10 avril 2025.<\/p>\n<p class=\" wall-content\"><a href=\"https:\/\/www.instagram.com\/p\/DILpaptsQdA\/embed\" title=\"Ouvrir le lien sur Instagram\" target=\"_blank\" rel=\"noopener\">Visualiser le contenu sur Instagram<\/a><\/p>\n<p>Une conf\u00e9rence<\/p>\n<p class=\" wall-content\">Elle participera \u00e0 <strong>une conf\u00e9rence<\/strong> nomm\u00e9e \u00ab\u00a0<strong>Palestine : le droit international \u00e0 l\u2019\u00e9preuve de l\u2019impunit\u00e9<\/strong>\u00ab\u00a0, au sein de l\u2019Amphi B8, \u00e0 partir de 18 h.<\/p>\n<p class=\" wall-content\">\u00ab\u00a0G\u00e9nocide en Palestine, droit international bafou\u00e9, colonisation en Cisjordanie\u2026\u00a0\u00bb seront les sujets abord\u00e9s durant l\u2019\u00e9v\u00e9nement, qui se tiendra \u00e9galement en pr\u00e9sence de Rafa\u00eblle Maison, professeure de droit public et sp\u00e9cialiste du droit international, indique l\u2019Union Pirate.<\/p>\n<p class=\" wall-content\">Si vous souhaitez participer \u00e0 la conf\u00e9rence, l\u2019inscription est obligatoire, c\u2019est <a href=\"https:\/\/docs.google.com\/forms\/d\/e\/1FAIpQLSdFId-TpO2-GjnZ1wYv0Ynipr-SlmlQV7aQAZ3blHDcEmSY-Q\/viewform\" target=\"_blank\" rel=\"noopener\">ici<\/a>.<\/p>\n<p class=\" wall-content\">Suivez toute l\u2019actualit\u00e9 de vos villes et m\u00e9dias favoris en vous inscrivant \u00e0 <a href=\"https:\/\/moncompte.actu.fr\" title=\"D\u00e9couvez Mon Actu\" rel=\"nofollow noopener\" data-trk=\"{&quot;cta&quot;:{&quot;action&quot;:&quot;https:\\\/\\\/moncompte.actu.fr&quot;,&quot;category&quot;:&quot;mon compte&quot;,&quot;from&quot;:&quot;article footer&quot;,&quot;name&quot;:&quot;Mon actu&quot;,&quot;type&quot;:&quot;cta&quot;}}\" target=\"_blank\">Mon Actu<\/a>.<\/p>\n<p>                    <script async src=\"\/\/www.instagram.com\/embed.js\"><\/script><\/p>\n","protected":false},"excerpt":{"rendered":"Par Brian Le Goff Publi\u00e9 le 9 avr. 2025 \u00e0 9h05 \u00ab\u00a0On est tr\u00e8s heureux de vous annoncer&hellip;\n","protected":false},"author":2,"featured_media":12025,"comment_status":"","ping_status":"","sticky":false,"template":"","format":"standard","meta":{"footnotes":""},"categories":[2821],"tags":[1111,11,829,1777,674,1011,27,665,5643,12,316,584,3538,25],"class_list":{"0":"post-12024","1":"post","2":"type-post","3":"status-publish","4":"format-standard","5":"has-post-thumbnail","7":"category-rennes","8":"tag-actu","9":"tag-actualites","10":"tag-bretagne","11":"tag-eu","12":"tag-europe","13":"tag-fr","14":"tag-france","15":"tag-gaza","16":"tag-guerre-israel-hamas","17":"tag-news","18":"tag-politique","19":"tag-rennes","20":"tag-rennes-2","21":"tag-republique-francaise"},"share_on_mastodon":{"url":"https:\/\/pubeurope.com\/@fr\/114306794342867529","error":""},"_links":{"self":[{"href":"https:\/\/www.europesays.com\/fr\/wp-json\/wp\/v2\/posts\/12024","targetHints":{"allow":["GET"]}}],"collection":[{"href":"https:\/\/www.europesays.com\/fr\/wp-json\/wp\/v2\/posts"}],"about":[{"href":"https:\/\/www.europesays.com\/fr\/wp-json\/wp\/v2\/types\/post"}],"author":[{"embeddable":true,"href":"https:\/\/www.europesays.com\/fr\/wp-json\/wp\/v2\/users\/2"}],"replies":[{"embeddable":true,"href":"https:\/\/www.europesays.com\/fr\/wp-json\/wp\/v2\/comments?post=12024"}],"version-history":[{"count":0,"href":"https:\/\/www.europesays.com\/fr\/wp-json\/wp\/v2\/posts\/12024\/revisions"}],"wp:featuredmedia":[{"embeddable":true,"href":"https:\/\/www.europesays.com\/fr\/wp-json\/wp\/v2\/media\/12025"}],"wp:attachment":[{"href":"https:\/\/www.europesays.com\/fr\/wp-json\/wp\/v2\/media?parent=12024"}],"wp:term":[{"taxonomy":"category","embeddable":true,"href":"https:\/\/www.europesays.com\/fr\/wp-json\/wp\/v2\/categories?post=12024"},{"taxonomy":"post_tag","embeddable":true,"href":"https:\/\/www.europesays.com\/fr\/wp-json\/wp\/v2\/tags?post=12024"}],"curies":[{"name":"wp","href":"https:\/\/api.w.org\/{rel}","templated":true}]}}