{"id":120248,"date":"2025-05-22T19:59:12","date_gmt":"2025-05-22T19:59:12","guid":{"rendered":"https:\/\/www.europesays.com\/fr\/120248\/"},"modified":"2025-05-22T19:59:12","modified_gmt":"2025-05-22T19:59:12","slug":"toulon-election-inedite-du-batonnier-a-deux-voix-le-14-juin-2025","status":"publish","type":"post","link":"https:\/\/www.europesays.com\/fr\/120248\/","title":{"rendered":"Toulon : \u00e9lection in\u00e9dite du b\u00e2tonnier \u00e0 deux voix le 14 juin 2025"},"content":{"rendered":"<p>Le 14 juin 2025, l\u2019assembl\u00e9e g\u00e9n\u00e9rale de l\u2019Ordre des avocats de Toulon se tiendra. \u00c0 cette occasion, <a href=\"https:\/\/barreautoulon.fr\/\" target=\"_blank\" rel=\"noopener\">le barreau de Toulon<\/a> \u00e9lira pour la premi\u00e8re fois un bin\u00f4me b\u00e2tonnier et vice-b\u00e2tonnier. Les candidats sont venus l\u2019expliquer sur le plateau d\u2019Info83.<\/p>\n<p><img loading=\"lazy\" decoding=\"async\" class=\" wp-image-53961\" src=\"https:\/\/www.europesays.com\/fr\/wp-content\/uploads\/2025\/05\/Election-du-batonnier-a-Toulon-un-binome-inedit-face-aux-defis-de-la-profession-Info83-.jpg\" alt=\"une \u00e9lection in\u00e9dite du b\u00e2tonnier\" width=\"1064\" height=\"530\"  \/>Ma\u00eetre Julie Archippe et Ma\u00eetre Olivier Avramo sur le plateau d\u2019Info83, pr\u00e9sentant leur candidature conjointe au b\u00e2tonnat du barreau de Toulon.<br \/>\nUne assembl\u00e9e g\u00e9n\u00e9rale attendue<\/p>\n<p>Le 14 juin 2025 aura lieu l\u2019assembl\u00e9e g\u00e9n\u00e9rale de l\u2019Ordre des avocats de Toulon. Cet \u00e9v\u00e9nement annuel regroupe les membres de la profession. Il pr\u00e9voit cette ann\u00e9e une \u00e9lection importante. Les avocats d\u00e9signeront leur futur b\u00e2tonnier et son vice-b\u00e2tonnier.<\/p>\n<p>Ma\u00eetre Olivier Avramo et Ma\u00eetre Julie Archippe sont venus sur le plateau d\u2019Info83 pour en parler. \u00ab\u202fC\u2019est une fonction exigeante, mais essentielle\u202f\u00bb, a affirm\u00e9 Ma\u00eetre Avramo. \u00ab\u202fNous sommes tr\u00e8s attach\u00e9s \u00e0 l\u2019Ordre et souhaitons lui consacrer du temps\u202f\u00bb, a ajout\u00e9 Ma\u00eetre Archippe.<\/p>\n<p>\u00a0<\/p>\n<p>\u00e9lection in\u00e9dite du b\u00e2tonnier de Toulon : une premi\u00e8re candidature en bin\u00f4me<\/p>\n<p>Une seule liste se pr\u00e9sente pour cette \u00e9lection. Elle r\u00e9unit Ma\u00eetre Olivier Avramo et Ma\u00eetre Julie Archippe. Ils si\u00e8gent d\u00e9j\u00e0 au Conseil de l\u2019Ordre. Ensemble, ils souhaitent partager les responsabilit\u00e9s. \u00ab\u202fC\u2019est un mandat qu\u2019il faut assumer \u00e0 deux, car la charge est lourde\u202f\u00bb, ont-ils expliqu\u00e9.<\/p>\n<p>Cette forme de duo existe d\u00e9j\u00e0 dans d\u2019autres barreaux comme Marseille ou Nice. \u00c0 Toulon, ce sera une premi\u00e8re. Le bin\u00f4me pourrait ainsi \u00eatre \u00e9lu d\u00e8s l\u2019assembl\u00e9e, en l\u2019absence de concurrents.<\/p>\n<p>\u00a0<\/p>\n<p>Un r\u00f4le cl\u00e9 pour l\u2019institution<\/p>\n<p>Le b\u00e2tonnier repr\u00e9sente l\u2019ensemble du barreau. Il intervient pour r\u00e9gler les conflits, d\u00e9fendre la profession et organiser les services. Il peut \u00eatre saisi directement par les justiciables. \u00ab\u202fLe b\u00e2tonnier doit parfois arbitrer entre avocats ou entre avocats et clients\u202f\u00bb, a pr\u00e9cis\u00e9 Ma\u00eetre Archippe.<\/p>\n<p>Il peut aussi r\u00e9agir face \u00e0 des plaintes concernant la conduite d\u2019un avocat. \u00ab\u202fDans certains cas, nous pouvons ouvrir une enqu\u00eate d\u00e9ontologique ou proposer une m\u00e9diation rapide\u202f\u00bb, a ajout\u00e9 Ma\u00eetre Avramo.<\/p>\n<p>\u00a0<\/p>\n<p>Un barreau confront\u00e9 \u00e0 des d\u00e9fis concrets<\/p>\n<p>Le barreau de Toulon compte 517 avocats. Il est jeune et en mutation. Les cabinets peinent \u00e0 recruter. Les jeunes avocats s\u2019installent directement, sans passer par la collaboration. \u00ab\u202fOn constate une crise du recrutement dans les cabinets\u202f\u00bb, ont-ils confi\u00e9.<\/p>\n<p>De plus, la gestion des audiences devient plus complexe. \u00ab\u202fIl faut organiser des services adapt\u00e9s aux r\u00e9alit\u00e9s de terrain\u202f\u00bb, soulignent-ils. L\u2019Ordre agit pour r\u00e9pondre \u00e0 ces enjeux.<\/p>\n<p>Sur le plateau d\u2019Info83, les candidats ont exprim\u00e9 leur volont\u00e9 d\u2019un engagement partag\u00e9. Le 14 juin 2025, les avocats toulonnais choisiront une gouvernance \u00e0 deux voix, tourn\u00e9e vers l\u2019avenir.<\/p>\n<p>\u00a0<\/p>\n<p>A lire aussi<\/p>\n<p class=\"jeg_post_title\"><a href=\"https:\/\/www.info83.fr\/responsabilite-du-chef-dentreprise-les-conseils-dexperts-a-toulon\/\" target=\"_blank\" rel=\"noopener\">Responsabilit\u00e9 du chef d\u2019entreprise : les conseils d\u2019experts \u00e0 Toulon !\u00a0<\/a><\/p>\n<p class=\"jeg_post_title\"><a href=\"https:\/\/www.info83.fr\/maitre-olivier-ferri-nouveau-batonnier-de-lordre-des-avocats-de-toulon\/\" target=\"_blank\" rel=\"noopener\">Ma\u00eetre Olivier Ferri : nouveau b\u00e2tonnier de l\u2019ordre des avocats de Toulon depuis janvier 2024\u00a0<\/a><\/p>\n<p><a href=\"https:\/\/www.info83.fr\/droit-les-avocats-du-barreau-de-toulon-au-micro-dinfo83\/\" target=\"_blank\" rel=\"noopener\">Droit : les avocats du barreau de Toulon au micro d\u2019Info83<\/a><\/p>\n<p class=\"jeg_post_title\"><a href=\"https:\/\/www.info83.fr\/une-avocate-au-barreau-de-toulon-nous-parle-du-droit-des-animaux\/\" target=\"_blank\" rel=\"noopener\">Une avocate au Barreau de Toulon nous parle du droit des animaux<\/a><\/p>\n<p><strong><img decoding=\"async\" class=\"emoji\" role=\"img\" draggable=\"false\" src=\"https:\/\/www.europesays.com\/fr\/wp-content\/uploads\/2025\/04\/1744930092_464_1f538.svg.svg+xml\" alt=\"\ud83d\udd38\" data-pin-no-hover=\"true\"\/>Info83, toute l\u2019info du Var<br \/><\/strong><\/p>\n<p><img decoding=\"async\" class=\"emoji\" role=\"img\" draggable=\"false\" src=\"https:\/\/www.europesays.com\/fr\/wp-content\/uploads\/2025\/04\/1744930092_704_27a1.svg.svg+xml\" alt=\"\u27a1\ufe0f\" data-pin-no-hover=\"true\"\/>\u00a0<a href=\"https:\/\/bit.ly\/2OZZMMK\" target=\"_blank\" rel=\"noopener noreferrer\">Facebook Info83<\/a><\/p>\n<p><img decoding=\"async\" class=\"emoji\" role=\"img\" draggable=\"false\" src=\"https:\/\/www.europesays.com\/fr\/wp-content\/uploads\/2025\/04\/1744930092_704_27a1.svg.svg+xml\" alt=\"\u27a1\ufe0f\" data-pin-no-hover=\"true\"\/>\u00a0<a href=\"https:\/\/bit.ly\/2ONkTC9\" target=\"_blank\" rel=\"noopener noreferrer\">Youtube Info83<\/a><\/p>\n","protected":false},"excerpt":{"rendered":"Le 14 juin 2025, l\u2019assembl\u00e9e g\u00e9n\u00e9rale de l\u2019Ordre des avocats de Toulon se tiendra. \u00c0 cette occasion, le&hellip;\n","protected":false},"author":2,"featured_media":120249,"comment_status":"","ping_status":"","sticky":false,"template":"","format":"standard","meta":{"footnotes":""},"categories":[9619],"tags":[1111,24168,11,24169,24170,24171,24172,24173,24174,24175,24176,24177,24178,1777,674,1011,27,24179,23763,23764,24180,24181,12,23765,24182,882,25,2310,24183],"class_list":{"0":"post-120248","1":"post","2":"type-post","3":"status-publish","4":"format-standard","5":"has-post-thumbnail","7":"category-toulon","8":"tag-actu","9":"tag-actualite-juridique-toulon","10":"tag-actualites","11":"tag-assemblee-generale-ordre-des-avocats","12":"tag-avocats-paca","13":"tag-avocats-toulon","14":"tag-barreau-de-toulon","15":"tag-batonnier","16":"tag-binome-batonnier","17":"tag-conseil-de-lordre","18":"tag-crise-du-recrutement-avocats","19":"tag-deontologie-avocats","20":"tag-election-batonnier-toulon","21":"tag-eu","22":"tag-europe","23":"tag-fr","24":"tag-france","25":"tag-gouvernance-ordre-des-avocats","26":"tag-info83","27":"tag-julie-archippe","28":"tag-justice-toulon","29":"tag-mediation-ordre-des-avocats","30":"tag-news","31":"tag-olivier-avramo","32":"tag-ordre-des-avocats","33":"tag-provence-alpes-cote-dazur","34":"tag-republique-francaise","35":"tag-toulon","36":"tag-vice-batonnier"},"share_on_mastodon":{"url":"","error":"Validation failed: Text character limit of 500 exceeded"},"_links":{"self":[{"href":"https:\/\/www.europesays.com\/fr\/wp-json\/wp\/v2\/posts\/120248","targetHints":{"allow":["GET"]}}],"collection":[{"href":"https:\/\/www.europesays.com\/fr\/wp-json\/wp\/v2\/posts"}],"about":[{"href":"https:\/\/www.europesays.com\/fr\/wp-json\/wp\/v2\/types\/post"}],"author":[{"embeddable":true,"href":"https:\/\/www.europesays.com\/fr\/wp-json\/wp\/v2\/users\/2"}],"replies":[{"embeddable":true,"href":"https:\/\/www.europesays.com\/fr\/wp-json\/wp\/v2\/comments?post=120248"}],"version-history":[{"count":0,"href":"https:\/\/www.europesays.com\/fr\/wp-json\/wp\/v2\/posts\/120248\/revisions"}],"wp:featuredmedia":[{"embeddable":true,"href":"https:\/\/www.europesays.com\/fr\/wp-json\/wp\/v2\/media\/120249"}],"wp:attachment":[{"href":"https:\/\/www.europesays.com\/fr\/wp-json\/wp\/v2\/media?parent=120248"}],"wp:term":[{"taxonomy":"category","embeddable":true,"href":"https:\/\/www.europesays.com\/fr\/wp-json\/wp\/v2\/categories?post=120248"},{"taxonomy":"post_tag","embeddable":true,"href":"https:\/\/www.europesays.com\/fr\/wp-json\/wp\/v2\/tags?post=120248"}],"curies":[{"name":"wp","href":"https:\/\/api.w.org\/{rel}","templated":true}]}}