{"id":120254,"date":"2025-05-22T20:03:10","date_gmt":"2025-05-22T20:03:10","guid":{"rendered":"https:\/\/www.europesays.com\/fr\/120254\/"},"modified":"2025-05-22T20:03:10","modified_gmt":"2025-05-22T20:03:10","slug":"rouen-deux-nouveaux-departs-officialises","status":"publish","type":"post","link":"https:\/\/www.europesays.com\/fr\/120254\/","title":{"rendered":"Rouen : deux nouveaux d\u00e9parts officialis\u00e9s"},"content":{"rendered":"<p>Zapping Foot National Entretien &#8211; Les dessous du football amateur, avec Romain Molina<\/p>\n<p>Le FC Rouen 1899, qui a assur\u00e9 son maintien en National en terminant la saison 2024-2025 \u00e0 la dixi\u00e8me place, poursuit la r\u00e9organisation de son effectif pour le prochain exercice et a officialis\u00e9 ses huiti\u00e8me et neuvi\u00e8me d\u00e9parts. Par le biais d&rsquo;un communiqu\u00e9 publi\u00e9 sur les r\u00e9seaux sociaux, le club normand a annonc\u00e9 les d\u00e9parts des d\u00e9fenseurs Adon Gomis (32 ans) et Paul Lehoux (23 ans). Ces nouveaux mouvements s&rsquo;ajoutent \u00e0 la liste des joueurs quittant le FCR apr\u00e8s une saison en demi-teinte (neuf victoires, treize nuls, dix d\u00e9faites), signalant une reconstruction plus profonde de l&rsquo;\u00e9quipe.<\/p>\n<blockquote class=\"twitter-tweet\">\n<p dir=\"ltr\" lang=\"fr\">\ud83d\udd1a L\u2019aventure de Paul Lehoux au FC Rouen 1899 touche \u00e0 sa fin. \ud83d\udd34\u26aa<\/p>\n<p>Arriv\u00e9 il y a un an sur les bords de Seine, puis g\u00ean\u00e9 apr\u00e8s quelques semaines par une blessure au talon, Paul a su revenir \u00e0 son meilleur niveau et terminer la saison avec de belles prestations.<\/p>\n<p>Le FC Rouen\u2026 <a href=\"https:\/\/t.co\/kQmcNTfEQm\" rel=\"nofollow\">pic.twitter.com\/kQmcNTfEQm<\/a><\/p>\n<p>\u2014 FC Rouen 1899 (@fcr1899) <a href=\"https:\/\/twitter.com\/fcr1899\/status\/1925620558575591490?ref_src=twsrc%5Etfw\" rel=\"nofollow noopener\" target=\"_blank\">May 22, 2025<\/a><\/p>\n<\/blockquote>\n<p><strong>Gomis et Lehoux disent adieu au FCR<\/strong><\/p>\n<p>Le club a tenu \u00e0 remercier chaleureusement les deux joueurs pour leur engagement. Concernant Adon Gomis, \u00e9loign\u00e9 des terrains suite \u00e0 une grave blessure, le FCR a salu\u00e9 son \u00ab\u00a0comportement exemplaire\u00a0\u00bb et sa d\u00e9termination \u00e0 revenir. Pour Paul Lehoux, arriv\u00e9 il y a un an et auteur de 19 matchs et un but malgr\u00e9 une blessure au talon, le club a soulign\u00e9 son implication et ses \u00ab\u00a0belles prestations\u00a0\u00bb en fin de saison. La direction rouennaise leur a souhait\u00e9 \u00e0 tous deux pleine r\u00e9ussite pour la suite de leur carri\u00e8re professionnelle, marquant une nouvelle \u00e9tape dans la refonte de l&rsquo;effectif.<\/p>\n<blockquote class=\"twitter-tweet\">\n<p dir=\"ltr\" lang=\"fr\">\ud83d\udd1a L\u2019aventure d\u2019Adon Gomis au FC Rouen 1899 touche \u00e0 sa fin. \ud83d\udd34\u26aa<\/p>\n<p>\u00c9loign\u00e9 des terrains apr\u00e8s une blessure au ligament crois\u00e9 survenue sur le terrain de Versailles, il a tout donn\u00e9 pour revenir, faisant preuve d\u2019un comportement exemplaire et apportant son aide pr\u00e9cieuse \u00e0\u2026 <a href=\"https:\/\/t.co\/ohbIaWk9hx\" rel=\"nofollow\">pic.twitter.com\/ohbIaWk9hx<\/a><\/p>\n<p>\u2014 FC Rouen 1899 (@fcr1899) <a href=\"https:\/\/twitter.com\/fcr1899\/status\/1925594369211396385?ref_src=twsrc%5Etfw\" rel=\"nofollow noopener\" target=\"_blank\">May 22, 2025<\/a><\/p>\n<\/blockquote>\n<p>Partagez cette info avec vos amis et vos proches en cliquant iciPour r\u00e9sumer<\/p>\n<p>Le FC Rouen poursuit sa refonte avec les d\u00e9parts de Gomis et Lehoux. Apr\u00e8s avoir assur\u00e9 son maintien en National, le FC Rouen 1899 continue de remodeler son effectif pour la saison prochaine. Le club normand a officialis\u00e9 les d\u00e9parts des d\u00e9fenseurs Adon Gomis et Paul Lehoux, portant \u00e0 neuf le nombre de joueurs ayant quitt\u00e9 les rangs rouennais cet \u00e9t\u00e9.<\/p>\n<p> <img decoding=\"async\" width=\"76\" height=\"76\" loading=\"lazy\" src=\"https:\/\/static.wui.fr\/images_v3\/avatar-footnational.png\" alt=\"Aris Djennadi\"\/><script async src=\"https:\/\/platform.twitter.com\/widgets.js\" charset=\"utf-8\"><\/script><\/p>\n","protected":false},"excerpt":{"rendered":"Zapping Foot National Entretien &#8211; Les dessous du football amateur, avec Romain Molina Le FC Rouen 1899, qui&hellip;\n","protected":false},"author":2,"featured_media":120255,"comment_status":"","ping_status":"","sticky":false,"template":"","format":"standard","meta":{"footnotes":""},"categories":[9587],"tags":[1111,11,1777,674,1011,27,12,5161,25,9590],"class_list":{"0":"post-120254","1":"post","2":"type-post","3":"status-publish","4":"format-standard","5":"has-post-thumbnail","7":"category-rouen","8":"tag-actu","9":"tag-actualites","10":"tag-eu","11":"tag-europe","12":"tag-fr","13":"tag-france","14":"tag-news","15":"tag-normandie","16":"tag-republique-francaise","17":"tag-rouen"},"share_on_mastodon":{"url":"https:\/\/pubeurope.com\/@fr\/114553277832890936","error":""},"_links":{"self":[{"href":"https:\/\/www.europesays.com\/fr\/wp-json\/wp\/v2\/posts\/120254","targetHints":{"allow":["GET"]}}],"collection":[{"href":"https:\/\/www.europesays.com\/fr\/wp-json\/wp\/v2\/posts"}],"about":[{"href":"https:\/\/www.europesays.com\/fr\/wp-json\/wp\/v2\/types\/post"}],"author":[{"embeddable":true,"href":"https:\/\/www.europesays.com\/fr\/wp-json\/wp\/v2\/users\/2"}],"replies":[{"embeddable":true,"href":"https:\/\/www.europesays.com\/fr\/wp-json\/wp\/v2\/comments?post=120254"}],"version-history":[{"count":0,"href":"https:\/\/www.europesays.com\/fr\/wp-json\/wp\/v2\/posts\/120254\/revisions"}],"wp:featuredmedia":[{"embeddable":true,"href":"https:\/\/www.europesays.com\/fr\/wp-json\/wp\/v2\/media\/120255"}],"wp:attachment":[{"href":"https:\/\/www.europesays.com\/fr\/wp-json\/wp\/v2\/media?parent=120254"}],"wp:term":[{"taxonomy":"category","embeddable":true,"href":"https:\/\/www.europesays.com\/fr\/wp-json\/wp\/v2\/categories?post=120254"},{"taxonomy":"post_tag","embeddable":true,"href":"https:\/\/www.europesays.com\/fr\/wp-json\/wp\/v2\/tags?post=120254"}],"curies":[{"name":"wp","href":"https:\/\/api.w.org\/{rel}","templated":true}]}}