{"id":120258,"date":"2025-05-22T20:06:18","date_gmt":"2025-05-22T20:06:18","guid":{"rendered":"https:\/\/www.europesays.com\/fr\/120258\/"},"modified":"2025-05-22T20:06:18","modified_gmt":"2025-05-22T20:06:18","slug":"au-nord-de-rennes-un-homme-blesse-dans-une-collision-entre-une-moto-et-un-engin-agricole","status":"publish","type":"post","link":"https:\/\/www.europesays.com\/fr\/120258\/","title":{"rendered":"Au nord de Rennes, un homme bless\u00e9 dans une collision entre une moto et un engin agricole"},"content":{"rendered":"<p>Un motard de 51\u00a0ans a \u00e9t\u00e9 transport\u00e9 d\u2019urgence au CHU de Rennes (Ille-et-Vilaine) apr\u00e8s un accident de la route, jeudi 22\u00a0mai 2025, sur la\u00a0route d\u00e9partementale 91. L\u2019accident a eu lieu peu apr\u00e8s midi, dans la commune de Betton, \u00e0 hauteur du lieu-dit La Pierrue.<\/p>\n<p>La moto serait entr\u00e9e en collision avec un engin agricole, dans des circonstances qui restent \u00e0 \u00e9tablir. Le motard a \u00e9t\u00e9 gri\u00e8vement bless\u00e9.<\/p>\n<p>Dix sapeurs-pompiers ont \u00e9t\u00e9 mobilis\u00e9s pour cette intervention, ainsi qu\u2019une unit\u00e9 mobile m\u00e9dicalis\u00e9e (Smur).<\/p>\n<p>\u00a0<\/p>\n","protected":false},"excerpt":{"rendered":"Un motard de 51\u00a0ans a \u00e9t\u00e9 transport\u00e9 d\u2019urgence au CHU de Rennes (Ille-et-Vilaine) apr\u00e8s un accident de la&hellip;\n","protected":false},"author":2,"featured_media":120259,"comment_status":"","ping_status":"","sticky":false,"template":"","format":"standard","meta":{"footnotes":""},"categories":[2821],"tags":[1111,11,15092,3916,829,4504,16868,1777,674,1011,27,4933,1457,12,1308,584,25,3728],"class_list":{"0":"post-120258","1":"post","2":"type-post","3":"status-publish","4":"format-standard","5":"has-post-thumbnail","7":"category-rennes","8":"tag-actu","9":"tag-actualites","10":"tag-agricole","11":"tag-blesse","12":"tag-bretagne","13":"tag-collision","14":"tag-engin","15":"tag-eu","16":"tag-europe","17":"tag-fr","18":"tag-france","19":"tag-homme","20":"tag-moto","21":"tag-news","22":"tag-nord","23":"tag-rennes","24":"tag-republique-francaise","25":"tag-saint-malo"},"share_on_mastodon":{"url":"https:\/\/pubeurope.com\/@fr\/114553289686816892","error":""},"_links":{"self":[{"href":"https:\/\/www.europesays.com\/fr\/wp-json\/wp\/v2\/posts\/120258","targetHints":{"allow":["GET"]}}],"collection":[{"href":"https:\/\/www.europesays.com\/fr\/wp-json\/wp\/v2\/posts"}],"about":[{"href":"https:\/\/www.europesays.com\/fr\/wp-json\/wp\/v2\/types\/post"}],"author":[{"embeddable":true,"href":"https:\/\/www.europesays.com\/fr\/wp-json\/wp\/v2\/users\/2"}],"replies":[{"embeddable":true,"href":"https:\/\/www.europesays.com\/fr\/wp-json\/wp\/v2\/comments?post=120258"}],"version-history":[{"count":0,"href":"https:\/\/www.europesays.com\/fr\/wp-json\/wp\/v2\/posts\/120258\/revisions"}],"wp:featuredmedia":[{"embeddable":true,"href":"https:\/\/www.europesays.com\/fr\/wp-json\/wp\/v2\/media\/120259"}],"wp:attachment":[{"href":"https:\/\/www.europesays.com\/fr\/wp-json\/wp\/v2\/media?parent=120258"}],"wp:term":[{"taxonomy":"category","embeddable":true,"href":"https:\/\/www.europesays.com\/fr\/wp-json\/wp\/v2\/categories?post=120258"},{"taxonomy":"post_tag","embeddable":true,"href":"https:\/\/www.europesays.com\/fr\/wp-json\/wp\/v2\/tags?post=120258"}],"curies":[{"name":"wp","href":"https:\/\/api.w.org\/{rel}","templated":true}]}}