{"id":12026,"date":"2025-04-09T07:20:09","date_gmt":"2025-04-09T07:20:09","guid":{"rendered":"https:\/\/www.europesays.com\/fr\/12026\/"},"modified":"2025-04-09T07:20:09","modified_gmt":"2025-04-09T07:20:09","slug":"lautoroute-a4-bloquee-dans-le-sens-paris-strasbourg","status":"publish","type":"post","link":"https:\/\/www.europesays.com\/fr\/12026\/","title":{"rendered":"l&rsquo;autoroute A4 bloqu\u00e9e dans le sens Paris-Strasbourg"},"content":{"rendered":"<p>L&rsquo;autoroute A4 dans le sens Paris-Strasbourg est bloqu\u00e9e depuis 7h30 ce mercredi matin suite \u00e0 une collision entre deux semi-remorques.<\/p>\n<p>Un des chauffeurs serait l\u00e9g\u00e8rement bless\u00e9, les pompiers et les gendarmes sont sur place, tout comme les agents de la Sanef.<\/p>\n<p>La bretelle d&rsquo;acc\u00e8s \u00e0 Sarre-Union est ferm\u00e9e, les automobilistes sont invit\u00e9s \u00e0 prendre l&rsquo;autoroute \u00e0 Phalsbourg.<\/p>\n<p>L&rsquo;acccident est arriv\u00e9 au km 422, \u00e0 hauteur de Vescheim en Moselle. Des kilom\u00e8tres de bouchon se sont form\u00e9s et le d\u00e9gagement des camions va sans doute prendre 2 \u00e0 3h.<\/p>\n","protected":false},"excerpt":{"rendered":"L&rsquo;autoroute A4 dans le sens Paris-Strasbourg est bloqu\u00e9e depuis 7h30 ce mercredi matin suite \u00e0 une collision entre&hellip;\n","protected":false},"author":2,"featured_media":12027,"comment_status":"","ping_status":"","sticky":false,"template":"","format":"standard","meta":{"footnotes":""},"categories":[2820],"tags":[119,1111,11,2649,5644,1777,674,274,107,1011,27,775,12,25,640],"class_list":{"0":"post-12026","1":"post","2":"type-post","3":"status-publish","4":"format-standard","5":"has-post-thumbnail","7":"category-strasbourg","8":"tag-accident","9":"tag-actu","10":"tag-actualites","11":"tag-bas-rhin","12":"tag-edition-saverne-sarre-union","13":"tag-eu","14":"tag-europe","15":"tag-faits-divers-justice","16":"tag-fil-info","17":"tag-fr","18":"tag-france","19":"tag-grand-est","20":"tag-news","21":"tag-republique-francaise","22":"tag-strasbourg"},"share_on_mastodon":{"url":"https:\/\/pubeurope.com\/@fr\/114306798330396531","error":""},"_links":{"self":[{"href":"https:\/\/www.europesays.com\/fr\/wp-json\/wp\/v2\/posts\/12026","targetHints":{"allow":["GET"]}}],"collection":[{"href":"https:\/\/www.europesays.com\/fr\/wp-json\/wp\/v2\/posts"}],"about":[{"href":"https:\/\/www.europesays.com\/fr\/wp-json\/wp\/v2\/types\/post"}],"author":[{"embeddable":true,"href":"https:\/\/www.europesays.com\/fr\/wp-json\/wp\/v2\/users\/2"}],"replies":[{"embeddable":true,"href":"https:\/\/www.europesays.com\/fr\/wp-json\/wp\/v2\/comments?post=12026"}],"version-history":[{"count":0,"href":"https:\/\/www.europesays.com\/fr\/wp-json\/wp\/v2\/posts\/12026\/revisions"}],"wp:featuredmedia":[{"embeddable":true,"href":"https:\/\/www.europesays.com\/fr\/wp-json\/wp\/v2\/media\/12027"}],"wp:attachment":[{"href":"https:\/\/www.europesays.com\/fr\/wp-json\/wp\/v2\/media?parent=12026"}],"wp:term":[{"taxonomy":"category","embeddable":true,"href":"https:\/\/www.europesays.com\/fr\/wp-json\/wp\/v2\/categories?post=12026"},{"taxonomy":"post_tag","embeddable":true,"href":"https:\/\/www.europesays.com\/fr\/wp-json\/wp\/v2\/tags?post=12026"}],"curies":[{"name":"wp","href":"https:\/\/api.w.org\/{rel}","templated":true}]}}