{"id":120260,"date":"2025-05-22T20:07:18","date_gmt":"2025-05-22T20:07:18","guid":{"rendered":"https:\/\/www.europesays.com\/fr\/120260\/"},"modified":"2025-05-22T20:07:18","modified_gmt":"2025-05-22T20:07:18","slug":"des-etudiants-convoques-le-mauvais-jour-la-boulette-du-rectorat-de-rennes","status":"publish","type":"post","link":"https:\/\/www.europesays.com\/fr\/120260\/","title":{"rendered":"Des \u00e9tudiants convoqu\u00e9s le mauvais jour\u00a0: la boulette du rectorat de Rennes"},"content":{"rendered":"<p>Boulette au rectorat. Lundi 19 mai, des candidats au Deme, le dipl\u00f4me d\u2019\u00c9tat de moniteur \u00e9ducateur, se pr\u00e9sentent \u00e0 un oral pour valider leur formation\ufeff. Les \u00e9preuves sont centralis\u00e9es, tous les candidats bretons, pr\u00e8s de 200 personnes, notamment diss\u00e9min\u00e9s \u00e0 Brest, Saint-Brieuc ou Vannes, doivent se rendre \u00e0 facult\u00e9 d\u2019\u00e9conomie, \u00e0 Rennes, place Hoche, entre le 19 et le 21 mai. Jusqu\u2019ici, tout va bien. Sauf que, voil\u00e0, tous les candidats re\u00e7oivent la m\u00eame convocation, pour le 19 mai\u2026 Alors que deux tiers des candidats devaient s\u2019y rendre les deux autres jours, comme l\u2019\u00e9voque un article de <a href=\"https:\/\/france3-regions.franceinfo.fr\/bretagne\/ille-et-vilaine\/rennes\/convoques-le-mauvais-jour-le-rectorat-de-bretagne-rate-l-oral-des-etudiants-en-filiere-sociale-3157725.html\" target=\"_blank\" rel=\"nofollow noopener\">nos confr\u00e8res de France 3 Bretagne<\/a>.<\/p>\n<p>\u00ab\u00a0J\u2019ai appris, le jour m\u00eame, une fois arriv\u00e9 \u00e0 Rennes, que j\u2019\u00e9tais finalement convoqu\u00e9 deux jours plus tard\u00a0\u00bb, t\u00e9moigne un \u00e9tudiant de l\u2019Ites, l\u2019institut du travail \u00e9ducatif et social, \u00e0 Guipavas, qui souhaite conserver l\u2019anonymat. Lui et trois autres camarades partageaient le m\u00eame v\u00e9hicule, au d\u00e9part de Brest, pour passer leur \u00e9preuve. Demi-tour, direction la maison, 480 km aller et retour, pour rien.<\/p>\n<p>\u00ab\u00a0Ce dysfonctionnement \u00e9mane bien de notre part\u00a0\u00bb<\/p>\n<p>\u00ab\u00a0Et encore, nous \u00e9tions en covoiturage, relativise-t-il, certains d\u2019entre nous avaient r\u00e9serv\u00e9 une nuit\u00e9e la veille de l\u2019\u00e9preuve ou ont pay\u00e9 un aller et retour en train.\u00a0\u00bb Malgr\u00e9 des excuses re\u00e7ues par mail, les \u00e9tudiants reprochent au rectorat de ne pas avoir \u00e9voqu\u00e9 la possibilit\u00e9 d\u2019un remboursement des surco\u00fbts engendr\u00e9s par cette erreur. Certains doutent m\u00eame de la l\u00e9galit\u00e9 de cette convocation en deux temps, alors <a href=\"https:\/\/www.education.gouv.fr\/botexte\/bo000309\/MENS0000500C.htm\" target=\"_blank\" rel=\"nofollow noopener\">qu\u2019une circulaire<\/a> pr\u00e9cise qu\u2019un tel examen doit \u00eatre d\u00e9clar\u00e9 15 jours \u00e0 l\u2019avance.<\/p>\n<p>Pas de d\u00e9bat du c\u00f4t\u00e9 du rectorat\u00a0: \u00ab\u00a0Ce dysfonctionnement \u00e9mane bien de notre part\u00a0\u00bb. Contact\u00e9s par Le T\u00e9l\u00e9gramme, ses services assurent qu\u2019ils \u00e9tudient \u00ab\u00a0les possibilit\u00e9s \u00e0 proposer concernant les surco\u00fbts de frais que cela a engendr\u00e9 aux personnes concern\u00e9es. Pour les candidats dans l\u2019impossibilit\u00e9 d\u2019\u00eatre pr\u00e9sents \u00e0 la date de leur examen, un jury compl\u00e9mentaire sera \u00e9tudi\u00e9\u00a0\u00bb.<\/p>\n","protected":false},"excerpt":{"rendered":"Boulette au rectorat. Lundi 19 mai, des candidats au Deme, le dipl\u00f4me d\u2019\u00c9tat de moniteur \u00e9ducateur, se pr\u00e9sentent&hellip;\n","protected":false},"author":2,"featured_media":120261,"comment_status":"","ping_status":"","sticky":false,"template":"","format":"standard","meta":{"footnotes":""},"categories":[2821],"tags":[1111,11,3450,829,765,9614,1777,674,3321,1011,27,12,584,25,801],"class_list":{"0":"post-120260","1":"post","2":"type-post","3":"status-publish","4":"format-standard","5":"has-post-thumbnail","7":"category-rennes","8":"tag-actu","9":"tag-actualites","10":"tag-brest","11":"tag-bretagne","12":"tag-en-continu","13":"tag-enseignement","14":"tag-eu","15":"tag-europe","16":"tag-finistere","17":"tag-fr","18":"tag-france","19":"tag-news","20":"tag-rennes","21":"tag-republique-francaise","22":"tag-social"},"share_on_mastodon":{"url":"https:\/\/pubeurope.com\/@fr\/114553293625331627","error":""},"_links":{"self":[{"href":"https:\/\/www.europesays.com\/fr\/wp-json\/wp\/v2\/posts\/120260","targetHints":{"allow":["GET"]}}],"collection":[{"href":"https:\/\/www.europesays.com\/fr\/wp-json\/wp\/v2\/posts"}],"about":[{"href":"https:\/\/www.europesays.com\/fr\/wp-json\/wp\/v2\/types\/post"}],"author":[{"embeddable":true,"href":"https:\/\/www.europesays.com\/fr\/wp-json\/wp\/v2\/users\/2"}],"replies":[{"embeddable":true,"href":"https:\/\/www.europesays.com\/fr\/wp-json\/wp\/v2\/comments?post=120260"}],"version-history":[{"count":0,"href":"https:\/\/www.europesays.com\/fr\/wp-json\/wp\/v2\/posts\/120260\/revisions"}],"wp:featuredmedia":[{"embeddable":true,"href":"https:\/\/www.europesays.com\/fr\/wp-json\/wp\/v2\/media\/120261"}],"wp:attachment":[{"href":"https:\/\/www.europesays.com\/fr\/wp-json\/wp\/v2\/media?parent=120260"}],"wp:term":[{"taxonomy":"category","embeddable":true,"href":"https:\/\/www.europesays.com\/fr\/wp-json\/wp\/v2\/categories?post=120260"},{"taxonomy":"post_tag","embeddable":true,"href":"https:\/\/www.europesays.com\/fr\/wp-json\/wp\/v2\/tags?post=120260"}],"curies":[{"name":"wp","href":"https:\/\/api.w.org\/{rel}","templated":true}]}}