{"id":120264,"date":"2025-05-22T20:09:09","date_gmt":"2025-05-22T20:09:09","guid":{"rendered":"https:\/\/www.europesays.com\/fr\/120264\/"},"modified":"2025-05-22T20:09:09","modified_gmt":"2025-05-22T20:09:09","slug":"nouvelles-revelations-sur-laffaire-des-cochons-de-lihu-de-strasbourg-2","status":"publish","type":"post","link":"https:\/\/www.europesays.com\/fr\/120264\/","title":{"rendered":"Nouvelles r\u00e9v\u00e9lations sur l\u2019affaire des cochons de l&rsquo;IHU de Strasbourg"},"content":{"rendered":"<p>\u00c0\u00a0la suite de <a class=\"link \" href=\"https:\/\/www.lepoint.fr\/sante\/les-cochons-prioritaires-sur-les-cancereux-aux-hopitaux-universitaires-de-strasbourg-21-05-2025-2590163_40.php\" rel=\"nofollow noopener\" target=\"_blank\" data-ylk=\"slk:nos r\u00e9v\u00e9lations publi\u00e9es ce mercredi 21\u00a0mai;elm:context_link;itc:0;sec:content-canvas\">nos r\u00e9v\u00e9lations publi\u00e9es ce mercredi 21\u00a0mai<\/a>, le minist\u00e8re de l\u02bcEnseignement sup\u00e9rieur, de la Recherche et de l\u02bcInnovation a d\u00e9cid\u00e9 de saisir l&rsquo;Inspection g\u00e9n\u00e9rale de l&rsquo;\u00e9ducation, du sport et de la recherche (IGESR) pour enqu\u00eater sur l&rsquo;affaire des cochons de l&rsquo;IHU de Strasbourg. Conjointement, le minist\u00e8re de la Sant\u00e9 a saisi l&rsquo;Inspection g\u00e9n\u00e9rale des affaires sociales (Igas).<\/p>\n<p>Enfin, les H\u00f4pitaux universitaires de Strasbourg (HUS) ont, de leur c\u00f4t\u00e9, annonc\u00e9 qu&rsquo;ils lan\u00e7aient une enqu\u00eate administrative interne et qu&rsquo;ils n&rsquo;excluaient pas de saisir le procureur de la R\u00e9publique.<\/p>\n<p>\u00c0 LIRE AUSSI <strong class=\"strong\"><a href=\"https:\/\/www.lepoint.fr\/sante\/exclusif-les-dossiers-noirs-d-un-grand-chirurgien-de-strasbourg-28-05-2024-2561346_40.php\" rel=\"nofollow noopener\" target=\"_blank\" data-ylk=\"slk:EXCLUSIF. Les dossiers noirs d&#039;un grand chirurgien\u00a0de Strasbourg;elm:context_link;itc:0;sec:content-canvas\" class=\"link \">EXCLUSIF. Les dossiers noirs d&rsquo;un grand chirurgien\u00a0de Strasbourg<\/a><\/strong><\/p>\n<p>Dans notre enqu\u00eate, nous avions mis au jour de graves manquements \u00e0 l&rsquo;\u00e9thique m\u00e9dicale et des pratiques inqui\u00e9tantes pouvant \u00eatre pr\u00e9judiciables pour les malades. Les 14,\u00a024\u00a0et 26\u00a0mars derniers, le Pr Christian Debry, directeur g\u00e9n\u00e9ral de l&rsquo;IHU, d\u00e9cidait d&rsquo;annuler les examens de plusieurs dizaines de patients du service d&rsquo;imagerie m\u00e9dicale (GIE), pour que le personnel, en effectif restreint, puisse r\u00e9aliser, \u00e0 la place, des IRM sur des cochons et un cadavre. Ces exp\u00e9riences ont notamment \u00e9t\u00e9 men\u00e9es dans le cadre de contrats de recherche avec deux entreprises, l&rsquo;une allemande, l&rsquo;autre fran\u00e7aise. Le directeur, ne disposant pas d&rsquo;assez de manipulateurs radio, a ainsi donn\u00e9 la priorit\u00e9 \u00e0 des exp\u00e9riences de recherche pr\u00e9-cliniques priv\u00e9es, sans urgence, au d\u00e9triment de la sant\u00e9 des malades.<\/p>\n","protected":false},"excerpt":{"rendered":"\u00c0\u00a0la suite de nos r\u00e9v\u00e9lations publi\u00e9es ce mercredi 21\u00a0mai, le minist\u00e8re de l\u02bcEnseignement sup\u00e9rieur, de la Recherche et&hellip;\n","protected":false},"author":2,"featured_media":120265,"comment_status":"","ping_status":"","sticky":false,"template":"","format":"standard","meta":{"footnotes":""},"categories":[2820],"tags":[1111,11,24185,1777,674,1011,27,775,125,12,24186,959,25,640],"class_list":{"0":"post-120264","1":"post","2":"type-post","3":"status-publish","4":"format-standard","5":"has-post-thumbnail","7":"category-strasbourg","8":"tag-actu","9":"tag-actualites","10":"tag-enquete-administrative","11":"tag-eu","12":"tag-europe","13":"tag-fr","14":"tag-france","15":"tag-grand-est","16":"tag-ministere-de-la-sante","17":"tag-news","18":"tag-pr-christian-debry","19":"tag-recherche","20":"tag-republique-francaise","21":"tag-strasbourg"},"share_on_mastodon":{"url":"https:\/\/pubeurope.com\/@fr\/114553301532113728","error":""},"_links":{"self":[{"href":"https:\/\/www.europesays.com\/fr\/wp-json\/wp\/v2\/posts\/120264","targetHints":{"allow":["GET"]}}],"collection":[{"href":"https:\/\/www.europesays.com\/fr\/wp-json\/wp\/v2\/posts"}],"about":[{"href":"https:\/\/www.europesays.com\/fr\/wp-json\/wp\/v2\/types\/post"}],"author":[{"embeddable":true,"href":"https:\/\/www.europesays.com\/fr\/wp-json\/wp\/v2\/users\/2"}],"replies":[{"embeddable":true,"href":"https:\/\/www.europesays.com\/fr\/wp-json\/wp\/v2\/comments?post=120264"}],"version-history":[{"count":0,"href":"https:\/\/www.europesays.com\/fr\/wp-json\/wp\/v2\/posts\/120264\/revisions"}],"wp:featuredmedia":[{"embeddable":true,"href":"https:\/\/www.europesays.com\/fr\/wp-json\/wp\/v2\/media\/120265"}],"wp:attachment":[{"href":"https:\/\/www.europesays.com\/fr\/wp-json\/wp\/v2\/media?parent=120264"}],"wp:term":[{"taxonomy":"category","embeddable":true,"href":"https:\/\/www.europesays.com\/fr\/wp-json\/wp\/v2\/categories?post=120264"},{"taxonomy":"post_tag","embeddable":true,"href":"https:\/\/www.europesays.com\/fr\/wp-json\/wp\/v2\/tags?post=120264"}],"curies":[{"name":"wp","href":"https:\/\/api.w.org\/{rel}","templated":true}]}}