{"id":120282,"date":"2025-05-22T20:18:13","date_gmt":"2025-05-22T20:18:13","guid":{"rendered":"https:\/\/www.europesays.com\/fr\/120282\/"},"modified":"2025-05-22T20:18:13","modified_gmt":"2025-05-22T20:18:13","slug":"cryptos-garde-denfants-lmnp-a-lille-des-etudiants-en-droit-fiscal-conseillent-les-contribuables","status":"publish","type":"post","link":"https:\/\/www.europesays.com\/fr\/120282\/","title":{"rendered":"Cryptos, garde d\u2019enfants, LMNP : \u00e0 Lille, des \u00e9tudiants en droit fiscal conseillent les contribuables"},"content":{"rendered":"<p class=\"paragraph lpe text_align_left\">\u00ab Cellule fiscale de Lille, bonjour ! Comment puis-je vous aider ? \u00bb \u00c0 l\u2019autre bout du fil, un contribuable pas tr\u00e8s au fait de la mani\u00e8re dont il doit d\u00e9clarer ses revenus de l\u2019ann\u00e9e 2024. Pour l\u2019aider, Thomas, en premi\u00e8re ann\u00e9e de master Droit fiscal \u00e0 l\u2019Universit\u00e9 catholique de Lille. \u00c0 ses c\u00f4t\u00e9s, C\u00e9cile, Amandine et Julie. Tous les quatre se dirigent doucement vers le <a href=\"https:\/\/www.leparisien.fr\/etudiant\/orientation\/guide-metiers\/metier-fiscaliste\/\" target=\"_blank\" rel=\"noopener\">m\u00e9tier d\u2019avocat fiscaliste<\/a>, \u00ab \u00e0 l\u2019international \u00bb, pr\u00e9cise Thomas, ou de notaire.<\/p>\n<p class=\"paragraph lpe text_align_left\">Avant \u00e7a, plong\u00e9e dans le grand bain des conseils aux contribuables avec la \u00ab cellule fiscale \u00bb, une ligne directe imagin\u00e9e par leur prof Simon Daragon pour les mettre dans les conditions du r\u00e9el. Pendant trois jours, de 9 heures \u00e0 18 heures, ils d\u00e9crochent le t\u00e9l\u00e9phone pour aiguiller ceux qui les appellent dans les affres de la d\u00e9claration de revenus.<\/p>\n<p class=\"paragraph lpe text_align_left\">Cr\u00e9\u00e9e il y a 4 ans, la cellule fiscale cherche \u00e0 les confronter, dans la pratique, \u00e0 des cas concrets, qui sortent de l\u2019exercice classique : derri\u00e8re leur combin\u00e9, de vraies personnes attendent de vraies r\u00e9ponses sur comment d\u00e9clarer un logement meubl\u00e9 non professionnel, faut-il d\u00e9clarer ses revenus en France quand on travaille \u00e0 Monaco, que devient l\u2019adresse de r\u00e9sidence principale d\u2019un proche en Ehpad, dans quelle case ajouter ses frais de garde d\u2019enfants, ou encore comment d\u00e9clarer sa cryptomonnaie.<\/p>\n<p>\u00ab L\u2019exercice nous apporte de la confiance en nous \u00bb<\/p>\n<p class=\"paragraph lpe text_align_left\">\u00ab Je les forme \u00e0 bloc pendant plusieurs semaines sur la partie d\u00e9clarative pour qu\u2019ils soient pr\u00eats \u00bb, explique avec enthousiasme Simon Daragon qui leur enseigne le droit fiscal. \u00ab Pour eux, c\u2019est top parce que c\u2019est professionnalisant et derri\u00e8re, quand ils sont recrut\u00e9s, ils ont un temps d\u2019avance \u00e9norme sur les autres candidatures parce qu\u2019ils ont \u00e9t\u00e9 professionnalis\u00e9s sur cette partie-l\u00e0. \u00bb<\/p>\n<p class=\"paragraph lpe text_align_left\">Un atout au moment de d\u00e9fendre leur parcours, mais aussi quand il s\u2018agit de r\u00e9pondre sur le fond. \u00ab En plus, ils savent se comporter \u00bb, poursuit leur prof de droit fiscal : \u00ab Ils savent quelle question poser, comment r\u00e9agir, ce qui est en fait souvent le plus difficile, quand on est un peu timide au d\u00e9but alors qu\u2019on a fait que de la th\u00e9orie. L\u00e0, apr\u00e8s le premier appel o\u00f9 ils peuvent avoir oubli\u00e9 des informations, ils comprennent tr\u00e8s vite ce qui leur a manqu\u00e9 et ils ne le font qu\u2019une fois. \u00bb<\/p>\n<p class=\"paragraph lpe text_align_left\">Et pour r\u00e9pondre avec professionnalisme, ils ont d\u00fb d\u00e9crypter l\u2019ensemble des d\u00e9clarations, des cases et des dispositifs fiscaux. \u00ab D\u00e8s qu\u2019on a un doute on se tourne vers M. Daragon \u00bb, pr\u00e9cise Tanguy. Mais surtout, ils prennent note des questions qui leur sont pos\u00e9es et des situations, puis rappellent apr\u00e8s avoir discut\u00e9 en groupe de la fa\u00e7on dont r\u00e9pondre au contribuable inquiet de l\u2019autre c\u00f4t\u00e9. Pendant qu\u2019ils r\u00e9fl\u00e9chissent \u00e0 la r\u00e9ponse \u00e0 apporter, pas impossible que le t\u00e9l\u00e9phone sonne. \u00ab L\u2019an dernier, on a r\u00e9solu 800 cas en trois jours \u00bb, d\u00e9nombre avec fiert\u00e9 l\u2019enseignant.<\/p>\n<p><img decoding=\"async\" class=\"image \" loading=\"lazy\" src=\"https:\/\/www.europesays.com\/fr\/wp-content\/uploads\/2025\/05\/64DSX3LLAFFWVPYKFD5RSSAZFA.png\" alt=\"Tanguy, Amandine, Thomas, Julie, C\u00e9cile et leurs camarades de promo de master se sont entrain\u00e9s plusieurs semaines avant de r\u00e9pondre aux questions pos\u00e9es \u00e0 la cellule fiscale. LP \/ Claire Berthelemy\" align=\"\" data-rubrique-principale=\"\" data-article-type=\"\" fetchpriority=\"auto\"\/>Tanguy, Amandine, Thomas, Julie, C\u00e9cile et leurs camarades de promo de master se sont entrain\u00e9s plusieurs semaines avant de r\u00e9pondre aux questions pos\u00e9es \u00e0 la cellule fiscale. LP \/ Claire Berthelemy<\/p>\n<p class=\"paragraph lpe text_align_left\">Tanguy, lui, en a trait\u00e9 une dizaine \u00e0 lui tout seul la veille. \u00ab Le premier appel a \u00e9t\u00e9 un peu stressant, mais ensuite non. Ma premi\u00e8re question, c\u2019\u00e9tait une personne dont le mari travaille en Belgique et qui se demandait dans quel pays d\u00e9clarer ses revenus \u00bb, poursuit le jeune homme qui se destine \u00e0 \u00eatre conseiller fiscal. \u00ab L\u2019exercice nous apporte de la confiance en nous, et plus d\u2019assurance : il faut qu\u2019on leur donne les bonnes informations ! \u00bb<\/p>\n<p class=\"paragraph lpe text_align_left\">Le t\u00e9l\u00e9phone sonne de nouveau, c\u2019est sa camarade qui prend des notes pendant qu\u2019il jongle entre les onglets de son ordinateur, du site des imp\u00f4ts \u00e0 une d\u00e9claration vierge en passant par le simulateur. Des sources indispensables pour l\u2019\u00e9l\u00e8ve studieux qui doit r\u00e9pondre \u00e0 des questions bien pr\u00e9cises, parfois sur des dispositifs des ann\u00e9es 1990. \u00ab Hier on m\u2019a demand\u00e9 comment d\u00e9clarer un P\u00e9rissol, mais je ne savais m\u00eame pas ce que c\u2019\u00e9tait \u00bb, rit Tanguy. Pour r\u00e9soudre le probl\u00e8me, ils peuvent compter sur les autres \u00e9tudiants de la promo ou leur prof qui arpente la salle, de grappe d\u2019\u00e9l\u00e8ves en grappe d\u2019\u00e9l\u00e8ves.<\/p>\n<p>Une exp\u00e9rience pratique et en \u00e9quipe<\/p>\n<p class=\"paragraph lpe text_align_left\">D\u00e9j\u00e0 ensemble depuis plusieurs mois, les \u00e9l\u00e8ves du <a href=\"https:\/\/www.leparisien.fr\/etudiant\/orientation\/universites\/master-bac-5-CUUJMN6BRNP3DO3OLXCY4H2YJA.php\" target=\"_self\" rel=\"noopener\">master<\/a> \u00e9voluent pour l\u2019exercice en duo ou en trio, parfois en quatuor. C\u2019est le cas de Thomas, Amandine, Julie et C\u00e9cile, qui en pleine discussion autour de la d\u00e9claration des revenus de cryptomonnaies sont interrompus par la sonnerie du t\u00e9l\u00e9phone devant eux.<\/p>\n<p class=\"paragraph lpe text_align_left\">Thomas, le ton bien plus s\u00e9rieux qu\u2019en \u00e9changeant avec ses camarades de promo, d\u00e9croche. Pendant qu\u2019il prend des notes sur son carnet, les trois autres membres du groupe attendent patiemment qu\u2019il raccroche pour potasser le cas pratique. \u00ab On s\u2019entraide tous ! \u00bb, fait remarquer Julie : \u00ab Hier on a vraiment eu des appels tout le temps et quand on est au t\u00e9l\u00e9phone, on compte sur les autres pour nous aider, parce que parfois c\u2019est tr\u00e8s dur de r\u00e9pondre. Il ne faut pas paniquer, mais chercher vite. \u00bb<\/p>\n<p>\u00ab\u00a0On a surtout des contacts avec les gens et on s\u2019engage \u00e0 leur donner des r\u00e9ponses justes : on apprend beaucoup plus l\u00e0 qu\u2019en stage !\u00a0\u00bb<\/p>\n<p>Julie \u00e9tudiante en Master de droit fiscal \u00e0 la Catho de Lille<\/p>\n<p class=\"paragraph lpe text_align_left\">Des situations <a href=\"https:\/\/www.leparisien.fr\/etudiant\/jobs-stages\/rapport-de-stage\/10-bons-reflexes-pour-reussir-son-stage-et-en-tirer-parti-NVP53DG6XZI77AW4OENKAGKQPQ.php\" target=\"_self\" rel=\"noopener\">qui contrastent avec les stages<\/a> qu\u2019ils ont pendant leur cursus. \u00ab On doit lire des documents, il y a beaucoup de recherche, mais l\u00e0, on a surtout des contacts avec les gens et on s\u2018engage \u00e0 leur donner des r\u00e9ponses justes : on apprend beaucoup plus l\u00e0 qu\u2019en stage ! \u00bb se r\u00e9jouit Julie.<\/p>\n<p class=\"paragraph lpe text_align_left\">Les examens sont termin\u00e9s, <a href=\"https:\/\/www.leparisien.fr\/etudiant\/vie-etudiante\/dates-de-la-rentree-et-des-vacances-SEF7RBXFRJIX5OIEHQFJMKPLQI.php\" target=\"_blank\" rel=\"noopener\">d\u00e9but des vacances<\/a> demain soir. Mais avant \u00e7a, ce soir, ils auront \u00e0 affronter le rush de 17 heures-18h30, \u00ab heure \u00e0 laquelle les gens rentrent du boulot \u00bb sourit Thomas. \u00ab On ne s\u2019en rend pas compte, mais ils sont mobilis\u00e9s non-stop toute la journ\u00e9e ! \u00bb ajoute Simon Daragon : \u00ab Tout \u00e0 l\u2019heure, l\u2019un d\u2019entre eux m\u2019a dit qu\u2019il s\u2019\u00e9tait endormi \u00e0 20h30 hier soir ! \u00bb \u00c9puis\u00e9s, mais ravis de l\u2019exp\u00e9rience.<\/p>\n<p class=\"paragraph lpe text_align_left\">Pour joindre les \u00e9l\u00e8ves, jusqu\u2019au vendredi 23 mai 18h30 : 03 59 30 25 05<\/p>\n<p class=\"paragraph lpe text_align_left\">Dates limites pour d\u00e9clarer vos imp\u00f4ts en 2025 : en ligne jusqu\u2019au 22 mai pour les habitants des d\u00e9partements 1 \u00e0 19, le 28 mai pour ceux des d\u00e9partements 20 \u00e0 54 et le 5 juin pour les habitants des d\u00e9partements 55 jusqu\u2019aux Outre-Mer.<\/p>\n","protected":false},"excerpt":{"rendered":"\u00ab Cellule fiscale de Lille, bonjour ! Comment puis-je vous aider ? \u00bb \u00c0 l\u2019autre bout du fil,&hellip;\n","protected":false},"author":2,"featured_media":120283,"comment_status":"","ping_status":"","sticky":false,"template":"","format":"standard","meta":{"footnotes":""},"categories":[2815],"tags":[1111,11,4019,33,1283,1777,674,1011,27,811,2684,1307,12,25],"class_list":{"0":"post-120282","1":"post","2":"type-post","3":"status-publish","4":"format-standard","5":"has-post-thumbnail","7":"category-lille","8":"tag-actu","9":"tag-actualites","10":"tag-ecoles","11":"tag-economie","12":"tag-etudes","13":"tag-eu","14":"tag-europe","15":"tag-fr","16":"tag-france","17":"tag-hauts-de-france","18":"tag-le-parisien-etudiant","19":"tag-lille","20":"tag-news","21":"tag-republique-francaise"},"share_on_mastodon":{"url":"https:\/\/pubeurope.com\/@fr\/114553337278944849","error":""},"_links":{"self":[{"href":"https:\/\/www.europesays.com\/fr\/wp-json\/wp\/v2\/posts\/120282","targetHints":{"allow":["GET"]}}],"collection":[{"href":"https:\/\/www.europesays.com\/fr\/wp-json\/wp\/v2\/posts"}],"about":[{"href":"https:\/\/www.europesays.com\/fr\/wp-json\/wp\/v2\/types\/post"}],"author":[{"embeddable":true,"href":"https:\/\/www.europesays.com\/fr\/wp-json\/wp\/v2\/users\/2"}],"replies":[{"embeddable":true,"href":"https:\/\/www.europesays.com\/fr\/wp-json\/wp\/v2\/comments?post=120282"}],"version-history":[{"count":0,"href":"https:\/\/www.europesays.com\/fr\/wp-json\/wp\/v2\/posts\/120282\/revisions"}],"wp:featuredmedia":[{"embeddable":true,"href":"https:\/\/www.europesays.com\/fr\/wp-json\/wp\/v2\/media\/120283"}],"wp:attachment":[{"href":"https:\/\/www.europesays.com\/fr\/wp-json\/wp\/v2\/media?parent=120282"}],"wp:term":[{"taxonomy":"category","embeddable":true,"href":"https:\/\/www.europesays.com\/fr\/wp-json\/wp\/v2\/categories?post=120282"},{"taxonomy":"post_tag","embeddable":true,"href":"https:\/\/www.europesays.com\/fr\/wp-json\/wp\/v2\/tags?post=120282"}],"curies":[{"name":"wp","href":"https:\/\/api.w.org\/{rel}","templated":true}]}}