{"id":120286,"date":"2025-05-22T20:20:08","date_gmt":"2025-05-22T20:20:08","guid":{"rendered":"https:\/\/www.europesays.com\/fr\/120286\/"},"modified":"2025-05-22T20:20:08","modified_gmt":"2025-05-22T20:20:08","slug":"retranscrire-la-joie-et-les-couleurs-que-jai-vecues-avec-ces-jeunes","status":"publish","type":"post","link":"https:\/\/www.europesays.com\/fr\/120286\/","title":{"rendered":"Retranscrire la joie et les couleurs que j&rsquo;ai v\u00e9cues avec ces jeunes"},"content":{"rendered":"<p>D\u00e9buts remarqu\u00e9s sur la Croisette pour Pr\u00efncia Car, dont <a href=\"https:\/\/www.laprovence.com\/article\/region\/2555824807829314\/marseille-silence-ca-tourne-en-bas-des-tours-de-la-cite-saint-thys\" target=\"_blank\" rel=\"nofollow noopener\">son premier long m\u00e9trage Les Filles d\u00e9sir<\/a> aborde avec tact la masculinit\u00e9, la sororit\u00e9, l\u2019esprit de bande et la notion de d\u00e9sir. Le r\u00e9sultat authentique et \u00e0 l\u2019\u00e9cart des poncifs s\u00e9duit et percute et pourrait bien la placer dans la short list des pr\u00e9tendants \u00e0 la Cam\u00e9ra d\u2019Or, prix qui r\u00e9compense le premier long-m\u00e9trage.<\/p>\n<p><strong>Situer votre premier long-m\u00e9trage \u00e0 Marseille, une \u00e9vidence\u00a0?<\/strong>&#13;\n<\/p>\n<p>Marseille, c\u2019est ma ville, et le film est n\u00e9 d\u2019une collaboration avec un groupe de jeunes Marseillais rencontr\u00e9s il y a huit ans lors d\u2019un atelier d\u2019\u00e9criture. On a cr\u00e9\u00e9 ensemble, de mani\u00e8re tr\u00e8s participative, d\u2019abord des courts-m\u00e9trages, puis ce long-m\u00e9trage. Le film est ancr\u00e9 dans la cit\u00e9 phoc\u00e9enne, notamment dans les quartiers Nord, car il refl\u00e8te leurs vies et nos questionnements sur la place des femmes, le d\u00e9sir ou la force d\u2019un groupe. Contrairement \u00e0 l\u2019image grise des banlieues, j\u2019ai voulu retranscrire la joie et les couleurs que j\u2019ai v\u00e9cues avec eux.<\/p>\n<p><strong>Vous aviez fond\u00e9 une \u00e9cole de cin\u00e9ma. Les jeunes du film en sont issus\u00a0?<\/strong>&#13;\n<\/p>\n<p>Tout a commenc\u00e9 avec une association qui m\u2019a propos\u00e9 de r\u00e9aliser un film avec ces jeunes. On a tellement aim\u00e9 qu\u2019on a cr\u00e9\u00e9 une \u00e9cole de cin\u00e9ma alternative, avec des cours du soir ouverts \u00e0 tous, sans contrainte formelle. Les jeunes du film, premi\u00e8re promotion de cette \u00e9cole, forment un noyau dur qui m\u2019a suivi dans tous mes projets.<\/p>\n<p><strong>De quelle mani\u00e8re vous est venue l\u2019id\u00e9e d\u2019explorer la notion de d\u00e9sir\u00a0?<\/strong>&#13;\n<\/p>\n<p>En tant que femme dans un groupe majoritairement masculin, j\u2019ai observ\u00e9 des dynamiques complexes. Un groupe, c\u2019est une force, mais aussi un carcan, avec des codes qui enferment. J\u2019ai voulu d\u00e9construire ces m\u00e9canismes, comme la peur de para\u00eetre faible en acceptant certaines choses. Avec les jeunes, on a explor\u00e9 ces questions, notamment \u00e0 travers une fille au pass\u00e9 li\u00e9 \u00e0 la prostitution, pour comprendre ces r\u00e9actions et ces rejets.<\/p>\n<p><strong>On sent un flou g\u00e9n\u00e9rationnel dans le film, entre amour, d\u00e9sir et virilit\u00e9. D\u2019o\u00f9 vient-il\u00a0?<\/strong>&#13;\n<\/p>\n<p>C\u2019est un h\u00e9ritage patriarcal. La virilit\u00e9, comme le disait Bourdieu, est un privil\u00e8ge et un pi\u00e8ge. Dans un groupe, exprimer ses \u00e9motions, c\u2019est risquer d\u2019\u00eatre associ\u00e9 \u00e0 la f\u00e9minit\u00e9, ce qui est mal vu. Le personnage d\u2019Omar, chef de bande, est tiraill\u00e9\u00a0: il aide les autres mais ne s\u2019\u00e9coute pas, car il doit toujours \u00eatre fort. Ce flou est exacerb\u00e9 dans des milieux marqu\u00e9s par une certaine violence, o\u00f9 la faiblesse peut \u00eatre dangereuse.<\/p>\n<p><strong>Les cadres sociaux, comme le mariage ou les origines, semblent aussi peser. Votre regard l\u00e0-dessus\u00a0?<\/strong>&#13;\n<\/p>\n<p>Le film montre des cadres impos\u00e9s \u2013\u00a0comme se marier dans sa communaut\u00e9 ou suivre des normes religieuses\u00a0\u2013 qui dictent les d\u00e9sirs, m\u00eame chez les jeunes. Ces injonctions persistent, malgr\u00e9 les r\u00e9volutions f\u00e9ministes ou les r\u00e9seaux sociaux. Le film ne pointe pas un milieu pr\u00e9cis, mais ces cadres universels dont on peine \u00e0 se lib\u00e9rer.<\/p>\n<p><strong>Votre film est lumineux, presque romanesque, loin du naturalisme. D\u2019o\u00f9 vient cette approche\u00a0?<\/strong>&#13;\n<\/p>\n<p>Ces jeunes sont lumineux dans la vie, malgr\u00e9 leurs d\u00e9fis, avec un humour et une l\u00e9g\u00e8ret\u00e9 incroyables. Je voulais rendre cela. Mon pass\u00e9 dans le th\u00e9\u00e2tre, avec la troupe color\u00e9e de mes parents (L\u2019Agence de Voyage imaginaire de Philippe Car et Val\u00e9rie Bournet, NDLR), m\u2019a aussi influenc\u00e9e. J\u2019aime jouer avec les outils du cin\u00e9ma pour cr\u00e9er du romanesque, en \u00e9tant ici inspir\u00e9e par Jacques Demy. Les d\u00e9cors et costumes color\u00e9s prot\u00e8gent les jeunes et permettent de s\u2019amuser avec la fiction.<\/p>\n","protected":false},"excerpt":{"rendered":"D\u00e9buts remarqu\u00e9s sur la Croisette pour Pr\u00efncia Car, dont son premier long m\u00e9trage Les Filles d\u00e9sir aborde avec&hellip;\n","protected":false},"author":2,"featured_media":120287,"comment_status":"","ping_status":"","sticky":false,"template":"","format":"standard","meta":{"footnotes":""},"categories":[2814],"tags":[17,1111,11,19564,251,1777,674,1011,27,19484,151,11989,884,12,24189,882,24188,25,24190],"class_list":{"0":"post-120286","1":"post","2":"type-post","3":"status-publish","4":"format-standard","5":"has-post-thumbnail","7":"category-marseille","8":"tag-17","9":"tag-actu","10":"tag-actualites","11":"tag-car","12":"tag-culture","13":"tag-eu","14":"tag-europe","15":"tag-fr","16":"tag-france","17":"tag-joie","18":"tag-les","19":"tag-marseillaise","20":"tag-marseille","21":"tag-news","22":"tag-princia","23":"tag-provence-alpes-cote-dazur","24":"tag-realisatrice","25":"tag-republique-francaise","26":"tag-retranscrire"},"share_on_mastodon":{"url":"https:\/\/pubeurope.com\/@fr\/114553344736155430","error":""},"_links":{"self":[{"href":"https:\/\/www.europesays.com\/fr\/wp-json\/wp\/v2\/posts\/120286","targetHints":{"allow":["GET"]}}],"collection":[{"href":"https:\/\/www.europesays.com\/fr\/wp-json\/wp\/v2\/posts"}],"about":[{"href":"https:\/\/www.europesays.com\/fr\/wp-json\/wp\/v2\/types\/post"}],"author":[{"embeddable":true,"href":"https:\/\/www.europesays.com\/fr\/wp-json\/wp\/v2\/users\/2"}],"replies":[{"embeddable":true,"href":"https:\/\/www.europesays.com\/fr\/wp-json\/wp\/v2\/comments?post=120286"}],"version-history":[{"count":0,"href":"https:\/\/www.europesays.com\/fr\/wp-json\/wp\/v2\/posts\/120286\/revisions"}],"wp:featuredmedia":[{"embeddable":true,"href":"https:\/\/www.europesays.com\/fr\/wp-json\/wp\/v2\/media\/120287"}],"wp:attachment":[{"href":"https:\/\/www.europesays.com\/fr\/wp-json\/wp\/v2\/media?parent=120286"}],"wp:term":[{"taxonomy":"category","embeddable":true,"href":"https:\/\/www.europesays.com\/fr\/wp-json\/wp\/v2\/categories?post=120286"},{"taxonomy":"post_tag","embeddable":true,"href":"https:\/\/www.europesays.com\/fr\/wp-json\/wp\/v2\/tags?post=120286"}],"curies":[{"name":"wp","href":"https:\/\/api.w.org\/{rel}","templated":true}]}}