{"id":120288,"date":"2025-05-22T20:21:08","date_gmt":"2025-05-22T20:21:08","guid":{"rendered":"https:\/\/www.europesays.com\/fr\/120288\/"},"modified":"2025-05-22T20:21:08","modified_gmt":"2025-05-22T20:21:08","slug":"formations-vie-etudiante-a-marseille-une-instance-lancee-pour-concerter-les-universites-letat-et-la-region","status":"publish","type":"post","link":"https:\/\/www.europesays.com\/fr\/120288\/","title":{"rendered":"Formations, vie \u00e9tudiante&#8230; \u00c0 Marseille, une instance lanc\u00e9e pour \u00ab\u00a0concerter\u00a0\u00bb les universit\u00e9s, l&rsquo;\u00c9tat et la R\u00e9gion"},"content":{"rendered":"<p>Une \u00ab\u00a0instance r\u00e9gionale de concertation\u00a0\u00bb. Voil\u00e0 ce que Philippe Baptiste, ministre de <a href=\"https:\/\/www.laprovence.com\/article\/societe\/2542745396533815\/parcoursup-nest-pas-remise-en-cause-mais-pourrait-evoluer-selon-le-ministre-de-lenseignement-superieur\" target=\"_blank\" rel=\"noopener\">l\u2019Enseignement sup\u00e9rieur<\/a>, a inaugur\u00e9 jeudi 22\u00a0mai, \u00e0 Marseille, au c\u00f4t\u00e9 de <a href=\"https:\/\/www.laprovence.com\/article\/politique\/2277294023075814\/a-la-region-muselier-ou-l-ebullition-permanente\" target=\"_blank\" rel=\"noopener\">Renaud Muselier<\/a>. Le pr\u00e9sident de la R\u00e9gion Provence-Alpes-C\u00f4te d&rsquo;Azur l\u2019a re\u00e7u pour pr\u00e9senter ce \u00ab\u00a0lieu d\u2019\u00e9change institutionnel\u00a0\u00bb, ayant pour but de favoriser la coordination entre recteurs, universit\u00e9s, R\u00e9gion et \u00c9tat.<\/p>\n<p>Dit comme \u00e7a, cela semble tr\u00e8s abstrait. Mais<strong> l\u2019instance pourrait avoir des cons\u00e9quences concr\u00e8tes<\/strong>, \u00e0 travers de nouveaux \u00ab\u00a0Contrats d\u2019objectifs, de moyens et de performances\u00a0\u00bb (Comp), n\u00e9goci\u00e9s tous les cinq ans entre les \u00e9tablissements et l\u2019\u00c9tat. Selon le ministre, ils visent \u00e0 \u00ab\u00a0renforcer l\u2019autonomie\u00a0\u00bb des \u00e9tablissements, via notamment\u00a0\u00ab\u00a0une accr\u00e9ditation globale de l\u2019offre de formation\u00a0\u00bb.<\/p>\n<p>\u00ab\u00a0Aujourd\u2019hui, quand vous \u00eates Aix-Marseille Universit\u00e9, il vous faut deux ans pour cr\u00e9er une formation, d\u00e9plore Philippe Baptiste. Avec une accr\u00e9ditation globale, l\u2019universit\u00e9 pourra en ouvrir une quand elle veut. Il faut \u00e9valuer, mais pas bloquer le syst\u00e8me.\u00a0\u00bb Les crit\u00e8res portent sur la qualit\u00e9 des formations, l\u2019insertion professionnelle, le taux d\u2019encadrement.<\/p>\n<p>Une meilleure formation et vie \u00e9tudiante au c\u0153ur des discussions<\/p>\n<p>L\u2019enjeu est de <strong>mieux former les \u00e9tudiants<\/strong>, toujours plus nombreux, en leur proposant des formations pr\u00e8s de leur domicile. \u00ab\u00a0On va sur des formations choisies par les \u00e9tudiants, qui doivent leur permettre d\u2019avoir le plus haut niveau possible pour trouver un emploi\u00a0\u00bb, estime Renaud Muselier, qui r\u00e9clame ce projet depuis quatre ans.<\/p>\n","protected":false},"excerpt":{"rendered":"Une \u00ab\u00a0instance r\u00e9gionale de concertation\u00a0\u00bb. Voil\u00e0 ce que Philippe Baptiste, ministre de l\u2019Enseignement sup\u00e9rieur, a inaugur\u00e9 jeudi 22\u00a0mai,&hellip;\n","protected":false},"author":2,"featured_media":120289,"comment_status":"","ping_status":"","sticky":false,"template":"","format":"standard","meta":{"footnotes":""},"categories":[2814],"tags":[17,1111,11,10182,1777,674,24191,1011,27,24192,9957,884,12,882,16,25,96,4717],"class_list":{"0":"post-120288","1":"post","2":"type-post","3":"status-publish","4":"format-standard","5":"has-post-thumbnail","7":"category-marseille","8":"tag-17","9":"tag-actu","10":"tag-actualites","11":"tag-etudiante","12":"tag-eu","13":"tag-europe","14":"tag-formations","15":"tag-fr","16":"tag-france","17":"tag-instance","18":"tag-lancee","19":"tag-marseille","20":"tag-news","21":"tag-provence-alpes-cote-dazur","22":"tag-region","23":"tag-republique-francaise","24":"tag-une","25":"tag-vie"},"share_on_mastodon":{"url":"https:\/\/pubeurope.com\/@fr\/114553348609862466","error":""},"_links":{"self":[{"href":"https:\/\/www.europesays.com\/fr\/wp-json\/wp\/v2\/posts\/120288","targetHints":{"allow":["GET"]}}],"collection":[{"href":"https:\/\/www.europesays.com\/fr\/wp-json\/wp\/v2\/posts"}],"about":[{"href":"https:\/\/www.europesays.com\/fr\/wp-json\/wp\/v2\/types\/post"}],"author":[{"embeddable":true,"href":"https:\/\/www.europesays.com\/fr\/wp-json\/wp\/v2\/users\/2"}],"replies":[{"embeddable":true,"href":"https:\/\/www.europesays.com\/fr\/wp-json\/wp\/v2\/comments?post=120288"}],"version-history":[{"count":0,"href":"https:\/\/www.europesays.com\/fr\/wp-json\/wp\/v2\/posts\/120288\/revisions"}],"wp:featuredmedia":[{"embeddable":true,"href":"https:\/\/www.europesays.com\/fr\/wp-json\/wp\/v2\/media\/120289"}],"wp:attachment":[{"href":"https:\/\/www.europesays.com\/fr\/wp-json\/wp\/v2\/media?parent=120288"}],"wp:term":[{"taxonomy":"category","embeddable":true,"href":"https:\/\/www.europesays.com\/fr\/wp-json\/wp\/v2\/categories?post=120288"},{"taxonomy":"post_tag","embeddable":true,"href":"https:\/\/www.europesays.com\/fr\/wp-json\/wp\/v2\/tags?post=120288"}],"curies":[{"name":"wp","href":"https:\/\/api.w.org\/{rel}","templated":true}]}}