{"id":120301,"date":"2025-05-22T20:29:16","date_gmt":"2025-05-22T20:29:16","guid":{"rendered":"https:\/\/www.europesays.com\/fr\/120301\/"},"modified":"2025-05-22T20:29:16","modified_gmt":"2025-05-22T20:29:16","slug":"le-paris-gallery-weekend-fait-un-retour-festif-avec-de-nombreux-evenements","status":"publish","type":"post","link":"https:\/\/www.europesays.com\/fr\/120301\/","title":{"rendered":"Le Paris Gallery Weekend fait un retour festif avec de nombreux \u00e9v\u00e9nements"},"content":{"rendered":"<p class=\"editor-content__paragraph\">Ce week-end, <strong>\u00e0 Paris et en \u00cele-de-France<\/strong>, les <strong>galeries<\/strong> sont \u00e0 l\u2019honneur\u00a0! Souvent discr\u00e8tes, parfois intimidantes avec leurs murs immacul\u00e9s et leur silence de cath\u00e9drale, elles sont pourtant des <strong>lieux palpitants de la cr\u00e9ation contemporaine<\/strong>, qui donnent le pouls du march\u00e9 de l\u2019art mais aussi de l\u2019air du temps.<\/p>\n<p class=\"editor-content__paragraph\">Loin d\u2019\u00eatre r\u00e9serv\u00e9es aux riches collectionneurs, celles-ci profitent du<strong> Paris Gallery Weekend<\/strong> ces <strong>23,\u00a024\u00a0et 25\u00a0mai <\/strong>pour organiser autour de leurs expositions (toujours gratuites) toutes sortes d\u2019activit\u00e9s, comme des <strong>visites guid\u00e9es<\/strong>, des <strong>performances<\/strong>, des nocturnes, des vernissages festifs, des repas conviviaux, des signatures de livres, des <strong>rencontres<\/strong>\u2026<\/p>\n<p>Un artiste qui tire le portrait<\/p>\n<p class=\"editor-content__paragraph\">Parmi les <strong>70\u00a0galeries<\/strong> participantes, la <strong>H Gallery<\/strong> est celle qui proposera l\u2019une des performances les plus originales\u00a0: jusqu\u2019au 25\u00a0mai, l\u2019artiste <strong>Axel Pahlavi<\/strong> (n\u00e9 en 1975) r\u00e9alisera sur place et en public des <strong>portraits de collectionneurs<\/strong>, qui accepteront de poser pour lui durant sept heures par jour (de 13h \u00e0 20h).<\/p>\n<p>    <img loading=\"lazy\" decoding=\"async\" class=\"image__img\" src=\"https:\/\/www.europesays.com\/fr\/wp-content\/uploads\/2025\/05\/webjavier-ruiz-perez-te-quise-pero-en-realidad-no-oleo-sobre-lienzo-180-x-160-cm-2025-964x1074.jpg\" alt=\"Javier Rui\u0301z Pe\u0301rez, Te quise pero, en realidad, no\" width=\"964\" height=\"1074\"\/><\/p>\n<p>Javier Rui\u0301z Pe\u0301rez, Te quise pero, en realidad, no, 2025<\/p>\n<p>    i<\/p>\n<p class=\"legende__cartel\">Huile sur toile \u2022 180 \u00d7 160\u00a0cm \u2022 \u00a9 Courtesy de Javier Ruiz P\u00e9rez<\/p>\n<p class=\"editor-content__paragraph\">Samedi 24, la <strong>galerie Droste<\/strong> ouvre quant \u00e0 elle ses portes \u00e0 <strong>un brunch <\/strong>de sp\u00e9cialit\u00e9s espagnoles (de 13h \u00e0 15h)\u00a0; avant d\u2019avoir le ventre plein et le regard assoupi, on en profitera pour jeter un \u0153il \u00e0 son exposition du moment, consacr\u00e9e au peintre <strong>Javier Ruiz P\u00e9rez<\/strong> (n\u00e9 en 1989). Le m\u00eame jour, si l\u2019on a encore faim d\u2019art et de gourmandises, on pourra se rendre \u00e0 la <strong>galerie St\u00e9phane Jacob<\/strong>, sp\u00e9cialis\u00e9e en arts d\u2019Australie, pour assister \u00e0 une visite guid\u00e9e de<strong> l\u2019exposition collective \u00ab\u00a0Yallaroo\u00a0\u00bb<\/strong> par le galeriste, puis bavarder autour d\u2019un go\u00fbter.<\/p>\n<p>        \u00c0 lire aussi :<br \/>\n        <a class=\"renvoi-explicite__link\" href=\"https:\/\/www.beauxarts.com\/expos\/5-expos-gratuites-de-reve-dans-les-galeries-parisiennes-en-mai\/\" target=\"_blank\" rel=\"noopener\">Doisneau, John Giorno&#8230; 5 expos gratuites de r\u00eave dans les galeries parisiennes en mai<\/a><\/p>\n<p>Projections, ateliers pour enfants, lectures<\/p>\n<p>    <img loading=\"lazy\" decoding=\"async\" class=\"image__img\" src=\"https:\/\/www.europesays.com\/fr\/wp-content\/uploads\/2025\/05\/web_dsc7219-964x1446.jpg\" alt=\"Le Paris Gallery Weekend propose une programmation sp\u00e9ciale pour les familles\" width=\"964\" height=\"1446\"\/><\/p>\n<p>Le Paris Gallery Weekend propose une programmation sp\u00e9ciale pour les familles<\/p>\n<p>    i<\/p>\n<p class=\"editor-content__paragraph\">\u00c0 Pantin, c\u2019est \u00e0 la <strong>galerie Thaddaeus Ropac<\/strong> que l\u2019on pourra se rendre pour d\u00e9couvrir de vertigineuses <strong>peintures monumentales de <a href=\"https:\/\/www.beauxarts.com\/grand-format\/georg-baselitz-en-2-minutes\/\" target=\"_blank\" rel=\"noopener\">Georg Baselitz<\/a><\/strong> (n\u00e9 en 1938) \u2013 en plus d\u2019\u0153uvres sur papier et d\u2019une sculpture en bronze \u2013, avant d\u2019assister \u00e0 la<strong> projection d\u2019un documentaire<\/strong> autour de son travail sign\u00e9 Evelyn Schels (le 24 \u00e0 16h).<\/p>\n<p class=\"editor-content__paragraph\">Dimanche 25, jour exceptionnel d\u2019ouverture des galeries, on pourra emmener les <strong>enfants<\/strong> (de 5 \u00e0 11\u00a0ans) \u00e0 la <strong>Galleria Continua<\/strong> de la rue du Temple et \u00e0 la<strong> galerie Mor Charpentier<\/strong> tout proche, pour <strong>un atelier<\/strong> inspir\u00e9 par les \u0153uvres de Liliana Porter (n\u00e9e en 1941) et Osvaldo Gonz\u00e1lez (n\u00e9 en 1982)\u00a0; une visite guid\u00e9e et un d\u00e9jeuner compl\u00e9teront ce joli moment (attention, il faut <a href=\"https:\/\/tally.so\/r\/3xo16k\" target=\"_blank\" rel=\"noopener\">s\u2019inscrire<\/a> et la participation co\u00fbte ici 10\u00a0euros).<\/p>\n<p class=\"editor-content__paragraph\">Enfin, on terminera le week-end \u00e0 la <strong>galerie Maria Lund<\/strong>, qui convie <strong>l\u2019acteur Thomas Landbo<\/strong> \u00e0 lire des textes de l\u2019\u00e9crivain norv\u00e9gien et prix Nobel<strong> Jon Fosse<\/strong> au milieu des sublimes \u0153uvres quasi monochromes de Yoo Hye-Sook (le 25 \u00e0 15h30). Prometteur\u2026<\/p>\n<p>        \u00c0 lire aussi :<br \/>\n        <a class=\"renvoi-explicite__link\" href=\"https:\/\/www.beauxarts.com\/lifestyle\/incontournables-intimistes-ou-audacieuses-20-galeries-a-visiter-a-paris\/\" target=\"_blank\" rel=\"noopener\">Nos galeries d&rsquo;art contemporain pr\u00e9f\u00e9r\u00e9es \u00e0 visiter \u00e0 Paris et en \u00cele-de-France !<\/a><\/p>\n<p>  Arrow<\/p>\n<p>Paris Gallery Weekend<\/p>\n<p class=\"annexe-content__subtitle\">Les 23, 24 et 25 mai 2025<\/p>\n<p>Pour en savoir plus, <a href=\"https:\/\/parisgalleryweekend.com\/agenda\/\" target=\"_blank\" rel=\"noopener\">consultez le site du Paris Gallery Weekend<\/a><\/p>\n","protected":false},"excerpt":{"rendered":"Ce week-end, \u00e0 Paris et en \u00cele-de-France, les galeries sont \u00e0 l\u2019honneur\u00a0! Souvent discr\u00e8tes, parfois intimidantes avec leurs&hellip;\n","protected":false},"author":2,"featured_media":120302,"comment_status":"","ping_status":"","sticky":false,"template":"","format":"standard","meta":{"footnotes":""},"categories":[1888],"tags":[11,1396,1777,674,24193,1011,27,12,626,25],"class_list":{"0":"post-120301","1":"post","2":"type-post","3":"status-publish","4":"format-standard","5":"has-post-thumbnail","7":"category-paris","8":"tag-actualites","9":"tag-art-contemporain","10":"tag-eu","11":"tag-europe","12":"tag-expos-gratuites","13":"tag-fr","14":"tag-france","15":"tag-news","16":"tag-paris","17":"tag-republique-francaise"},"share_on_mastodon":{"url":"https:\/\/pubeurope.com\/@fr\/114553380328108241","error":""},"_links":{"self":[{"href":"https:\/\/www.europesays.com\/fr\/wp-json\/wp\/v2\/posts\/120301","targetHints":{"allow":["GET"]}}],"collection":[{"href":"https:\/\/www.europesays.com\/fr\/wp-json\/wp\/v2\/posts"}],"about":[{"href":"https:\/\/www.europesays.com\/fr\/wp-json\/wp\/v2\/types\/post"}],"author":[{"embeddable":true,"href":"https:\/\/www.europesays.com\/fr\/wp-json\/wp\/v2\/users\/2"}],"replies":[{"embeddable":true,"href":"https:\/\/www.europesays.com\/fr\/wp-json\/wp\/v2\/comments?post=120301"}],"version-history":[{"count":0,"href":"https:\/\/www.europesays.com\/fr\/wp-json\/wp\/v2\/posts\/120301\/revisions"}],"wp:featuredmedia":[{"embeddable":true,"href":"https:\/\/www.europesays.com\/fr\/wp-json\/wp\/v2\/media\/120302"}],"wp:attachment":[{"href":"https:\/\/www.europesays.com\/fr\/wp-json\/wp\/v2\/media?parent=120301"}],"wp:term":[{"taxonomy":"category","embeddable":true,"href":"https:\/\/www.europesays.com\/fr\/wp-json\/wp\/v2\/categories?post=120301"},{"taxonomy":"post_tag","embeddable":true,"href":"https:\/\/www.europesays.com\/fr\/wp-json\/wp\/v2\/tags?post=120301"}],"curies":[{"name":"wp","href":"https:\/\/api.w.org\/{rel}","templated":true}]}}