{"id":120304,"date":"2025-05-22T20:31:12","date_gmt":"2025-05-22T20:31:12","guid":{"rendered":"https:\/\/www.europesays.com\/fr\/120304\/"},"modified":"2025-05-22T20:31:12","modified_gmt":"2025-05-22T20:31:12","slug":"la-paix-pourrait-se-negocier-au-vatican-macron-accuse-de-haine-2","status":"publish","type":"post","link":"https:\/\/www.europesays.com\/fr\/120304\/","title":{"rendered":"La paix pourrait se n\u00e9gocier au Vatican, Macron accus\u00e9 de \u00ab haine \u00bb"},"content":{"rendered":"<p><strong>r\u00e9cap &#8211; \u00ab 20 Minutes \u00bb fait le point pour vous tous les soirs sur l\u2019avanc\u00e9e du conflit en Ukraine. Ce jeudi, il a \u00e9t\u00e9 question d\u2019un arbitrage par le pape, de la \u00ab haine \u00bb de Macron et des surtaxes visant la Russie<\/strong><\/p>\n<p>Vous avez rat\u00e9 les derniers \u00e9v\u00e9nements sur la <a href=\"https:\/\/www.20minutes.fr\/monde\/ukraine\/?at_medium=RSS%20feed&amp;at_campaign=ynews&amp;utm_source=yahoo&amp;utm_medium=rss&amp;utm_campaign=news_feed&amp;utm_content=in_article_link\" rel=\"nofollow noopener\" target=\"_blank\" data-ylk=\"slk:guerre en Ukraine;elm:context_link;itc:0;sec:content-canvas\" class=\"link \">guerre en Ukraine<\/a> ? 20 Minutes fait le point pour vous tous les soirs. Entre les d\u00e9clarations fortes, les avanc\u00e9es sur le front et le bilan des combats, voici l\u2019essentiel de ce jeudi 22 mai, au 1.184e jour de la guerre.<\/p>\n<p>Le fait du jour<\/p>\n<p>Y aura-t-il bient\u00f4t de nouveaux pourparlers Russie-Ukraine au Vatican ? C\u2019est l\u2019hypoth\u00e8se avanc\u00e9e par le <a href=\"https:\/\/www.20minutes.fr\/dossier\/wall_street_journal?at_medium=RSS%20feed&amp;at_campaign=ynews&amp;utm_source=yahoo&amp;utm_medium=rss&amp;utm_campaign=news_feed&amp;utm_content=in_article_link\" rel=\"nofollow noopener\" target=\"_blank\" data-ylk=\"slk:Wall Street Journal;elm:context_link;itc:0;sec:content-canvas\" class=\"link \">Wall Street Journal<\/a>. Selon le quotidien am\u00e9ricain, Donald Trump aurait en effet dit aux dirigeants europ\u00e9ens le 19 mai que les prochaines discussions de paix se d\u00e9rouleraient au Saint-Si\u00e8ge. Il faut dire que le nouveau <a href=\"https:\/\/www.20minutes.fr\/dossier\/pape?at_medium=RSS%20feed&amp;at_campaign=ynews&amp;utm_source=yahoo&amp;utm_medium=rss&amp;utm_campaign=news_feed&amp;utm_content=in_article_link\" rel=\"nofollow noopener\" target=\"_blank\" data-ylk=\"slk:pape;elm:context_link;itc:0;sec:content-canvas\" class=\"link \">pape<\/a> am\u00e9ricain, L\u00e9on XIV, a propos\u00e9 la semaine derni\u00e8re sa m\u00e9diation aux bellig\u00e9rants du monde entier.<\/p>\n<p>En parall\u00e8le, le pr\u00e9sident finlandais Alexander Stubb a assur\u00e9 \u00e0 la t\u00e9l\u00e9vision publique finlandaise qu\u2019une r\u00e9union technique pourrait avoir lieu la semaine prochaine entre Russes et Ukrainiens, mais aussi avec les Am\u00e9ricains et les Europ\u00e9ens, au Vatican.<\/p>\n<p>De son c\u00f4t\u00e9, le Kremlin a affirm\u00e9 jeudi qu\u2019il n\u2019y avait toujours \u00ab pas d\u2019accord \u00bb sur une deuxi\u00e8me rencontre russo-ukrainienne en vue d\u2019un \u00e9ventuel cessez-le-feu. \u00ab Il n\u2019y a pas encore d\u2019accord, pas d\u2019accord concret sur de prochaines rencontres \u00bb, a balay\u00e9 le porte-parole de la pr\u00e9sidence russe, Dmitri Peskov.<\/p>\n<p>La Russie et l\u2019Ukraine avaient notamment pr\u00e9venu qu\u2019elles souhaitaient la mise en \u0153uvre de l\u2019\u00e9change de prisonniers \u00ab 1.000 contre 1.000 \u00bb avant d\u2019envisager de poursuivre les discussions. \u00ab Tout le monde souhaite que cela se(&#8230;)<\/p>\n<p><a href=\"https:\/\/www.20minutes.fr\/monde\/ukraine\/4154999-20250522-guerre-ukraine-paix-pourrait-negocier-vatican-macron-accuse-haine?at_medium=RSS%20feed&amp;at_campaign=ynews&amp;utm_source=yahoo&amp;utm_medium=rss&amp;utm_campaign=news_feed&amp;utm_content=read_more_link\" rel=\"nofollow noopener\" target=\"_blank\" data-ylk=\"slk:Lire la suite sur 20minutes;elm:context_link;itc:0;sec:content-canvas\" class=\"link \">Lire la suite sur 20minutes<\/a><\/p>\n<p>\u00c0 lire aussi :<br \/><a href=\"https:\/\/www.20minutes.fr\/monde\/4154694-20250521-guerre-ukraine-tir-missile-intercontinental-rs-24-yars-apporterait-aucun-message-nouveau-russie?at_medium=RSS%20feed&amp;at_campaign=ynews&amp;utm_source=yahoo&amp;utm_medium=rss&amp;utm_campaign=news_feed&amp;utm_content=related_content_link\" rel=\"nofollow noopener\" target=\"_blank\" data-ylk=\"slk:Guerre en Ukraine : \u00ab Un tir du missile intercontinental RS-24 Yars n\u2019apporterait aucun message nouveau de la Russie \u00bb;elm:context_link;itc:0;sec:content-canvas\" class=\"link \">Guerre en Ukraine : \u00ab Un tir du missile intercontinental RS-24 Yars n\u2019apporterait aucun message nouveau de la Russie \u00bb<\/a><br \/><a href=\"https:\/\/www.20minutes.fr\/monde\/ukraine\/4154716-20250521-guerre-ukraine-forces-russes-elles-recu-ordre-tuer-soldats-rendent?at_medium=RSS%20feed&amp;at_campaign=ynews&amp;utm_source=yahoo&amp;utm_medium=rss&amp;utm_campaign=news_feed&amp;utm_content=related_content_link\" rel=\"nofollow noopener\" target=\"_blank\" data-ylk=\"slk:Guerre en Ukraine : Les forces russes ont-elles re\u00e7u l\u2019ordre de tuer les soldats qui se rendent ?;elm:context_link;itc:0;sec:content-canvas\" class=\"link \">Guerre en Ukraine : Les forces russes ont-elles re\u00e7u l\u2019ordre de tuer les soldats qui se rendent ?<\/a><\/p>\n","protected":false},"excerpt":{"rendered":"r\u00e9cap &#8211; \u00ab 20 Minutes \u00bb fait le point pour vous tous les soirs sur l\u2019avanc\u00e9e du conflit&hellip;\n","protected":false},"author":2,"featured_media":120305,"comment_status":"","ping_status":"","sticky":false,"template":"","format":"standard","meta":{"footnotes":""},"categories":[1590],"tags":[642,11,75,1777,674,2489,12,220,22283],"class_list":{"0":"post-120304","1":"post","2":"type-post","3":"status-publish","4":"format-standard","5":"has-post-thumbnail","7":"category-ukraine","8":"tag-20-minutes","9":"tag-actualites","10":"tag-donald-trump","11":"tag-eu","12":"tag-europe","13":"tag-la-russie","14":"tag-news","15":"tag-ukraine","16":"tag-wall-street-journal"},"share_on_mastodon":{"url":"https:\/\/pubeurope.com\/@fr\/114553387960750623","error":""},"_links":{"self":[{"href":"https:\/\/www.europesays.com\/fr\/wp-json\/wp\/v2\/posts\/120304","targetHints":{"allow":["GET"]}}],"collection":[{"href":"https:\/\/www.europesays.com\/fr\/wp-json\/wp\/v2\/posts"}],"about":[{"href":"https:\/\/www.europesays.com\/fr\/wp-json\/wp\/v2\/types\/post"}],"author":[{"embeddable":true,"href":"https:\/\/www.europesays.com\/fr\/wp-json\/wp\/v2\/users\/2"}],"replies":[{"embeddable":true,"href":"https:\/\/www.europesays.com\/fr\/wp-json\/wp\/v2\/comments?post=120304"}],"version-history":[{"count":0,"href":"https:\/\/www.europesays.com\/fr\/wp-json\/wp\/v2\/posts\/120304\/revisions"}],"wp:featuredmedia":[{"embeddable":true,"href":"https:\/\/www.europesays.com\/fr\/wp-json\/wp\/v2\/media\/120305"}],"wp:attachment":[{"href":"https:\/\/www.europesays.com\/fr\/wp-json\/wp\/v2\/media?parent=120304"}],"wp:term":[{"taxonomy":"category","embeddable":true,"href":"https:\/\/www.europesays.com\/fr\/wp-json\/wp\/v2\/categories?post=120304"},{"taxonomy":"post_tag","embeddable":true,"href":"https:\/\/www.europesays.com\/fr\/wp-json\/wp\/v2\/tags?post=120304"}],"curies":[{"name":"wp","href":"https:\/\/api.w.org\/{rel}","templated":true}]}}