{"id":120311,"date":"2025-05-22T20:35:09","date_gmt":"2025-05-22T20:35:09","guid":{"rendered":"https:\/\/www.europesays.com\/fr\/120311\/"},"modified":"2025-05-22T20:35:09","modified_gmt":"2025-05-22T20:35:09","slug":"leurope-doit-faire-evoluer-sa-vision-du-risque-selon-la-federation-bancaire-de-lunion-europeenne","status":"publish","type":"post","link":"https:\/\/www.europesays.com\/fr\/120311\/","title":{"rendered":"L&rsquo;Europe doit faire \u00ab\u00e9voluer sa vision du risque\u00bb, selon la F\u00e9d\u00e9ration bancaire de l\u2019Union europ\u00e9enne"},"content":{"rendered":"<p class=\"fig-paragraph\"><a href=\"http:\/\/www.lefigaro.fr\/international\/le-royaume-uni-et-l-union-europeenne-concluent-un-partenariat-sur-la-securite-et-la-defense-20250519\" data-fig-type=\"NewsFlash\" data-gtm-custom-categorie=\"navigation\" data-gtm-custom-action=\"crossclick\" data-gtm-custom-label=\"Contextuel\" data-gtm-event=\"customEventSPE\" data-fig-domain=\"LEFIGARO\" target=\"_blank\" rel=\"noopener\">L&rsquo;Europe\u00a0<\/a>est-elle trop frileuse\u00a0? \u00abNous devons faire \u00e9voluer notre vision du risque\u00bb pour assurer une \u00ab<a href=\"http:\/\/www.lefigaro.fr\/conjoncture\/la-commission-europeenne-degrade-sa-prevision-de-croissance-pour-la-france-a-0-6-en-2025-20250519\" data-fig-type=\"NewsFlash\" data-gtm-custom-categorie=\"navigation\" data-gtm-custom-action=\"crossclick\" data-gtm-custom-label=\"Contextuel\" data-gtm-event=\"customEventSPE\" data-fig-domain=\"LEFIGARO\" target=\"_blank\" rel=\"noopener\">croissance<\/a> \u00a0significative\u00bb et la comp\u00e9titivit\u00e9 des banques en Europe, estime le pr\u00e9sident de la F\u00e9d\u00e9ration bancaire de l&rsquo;Union europ\u00e9enne (FBE), Slawomir Krupa, dans un entretien aux \u00c9chos et trois autres quotidiens europ\u00e9ens jeudi. \u00abPour dire les choses franchement: l&rsquo;\u00e9tat de risque z\u00e9ro, c&rsquo;est la mort.<\/p>\n<p class=\"fig-paragraph\">\u00abVous ne pouvez pas avoir de croissance, une croissance significative \u00e0 long terme, si vous ne prenez pas de risques\u00bb, a affirm\u00e9 M. Krupa, \u00e9galement directeur g\u00e9n\u00e9ral de Soci\u00e9t\u00e9 G\u00e9n\u00e9rale, interrog\u00e9 sur la diff\u00e9rence croissante entre les \u00c9tats-Unis et l&rsquo;Union europ\u00e9enne en mati\u00e8re de r\u00e9glementation financi\u00e8re. \u00abNous nous sommes trop concentr\u00e9s sur la r\u00e9silience au d\u00e9triment de la croissance\u00bb, a-t-il fustig\u00e9, d\u00e9plorant \u00abtrop de discussions sur la comp\u00e9titivit\u00e9 et pas assez d&rsquo;action\u00bb.<\/p>\n<p>Le virage de Donald Trump<\/p>\n<p class=\"fig-paragraph\">Le patron de Soci\u00e9t\u00e9 G\u00e9n\u00e9rale note entre autres des \u00absignaux croissants\u00bb que les r\u00e8gles dites de \u00abB\u00e2le III\u00bb, vaste \u00e9ventail de r\u00e9formes internationales du secteur bancaire engag\u00e9 apr\u00e8s la crise financi\u00e8re de 2008-2009 afin de renforcer la solidit\u00e9 des banques, ne seraient pas pleinement mises en \u0153uvre aux \u00c9tats-Unis. Une divergence de cadre r\u00e9glementaire, qui selon lui \u00e9quivaut de s&rsquo;\u00abimposer de rouler avec un frein \u00e0 main\u00bb. L&rsquo;arriv\u00e9e \u00e0 la Maison-Blanche de Donald Trump et son programme tr\u00e8s protectionniste font en effet planer un doute sur l&rsquo;application aux \u00c9tats-Unis de la r\u00e9glementation bancaire issue des travaux du comit\u00e9 de B\u00e2le.<\/p>\n<p class=\"fig-paragraph\">Slawomir Krupa a \u00e9galement abord\u00e9 la question des crit\u00e8res ESG (environnementaux, sociaux et de gouvernance) \u00e0 la lueur du retour de Donald Trump \u00e0 la Maison Blanche, qui n&rsquo;a pas cach\u00e9 son hostilit\u00e9 sur la question. \u00abJe ne pense pas que les banques am\u00e9ricaines abandonnent l&rsquo;ESG\u00bb, a assur\u00e9 M. Krupa. \u00abElles ajustent leur discours, mais je ne vois aucune d&rsquo;entre elles se lancer dans de nouveaux projets dans le financement du charbon.\u00bb<\/p>\n<p class=\"fig-paragraph\">Il ajoute que la Net-Zero Banking Alliance (NZBA), l&rsquo;alliance bancaire pour le climat, \u00abdevrait continuer \u00e0 travailler davantage comme un groupe de r\u00e9flexion (&#8230;) que comme un organisme \u00e9mettant des normes\u00bb. Slawomir Krupa a succ\u00e9d\u00e9 en mars \u00e0 Christian Sewing, pr\u00e9sident du directoire de Deustche Bank, \u00e0 la pr\u00e9sidence de la F\u00e9d\u00e9ration bancaire de l&rsquo;Union europ\u00e9enne. Il est \u00e9galement pr\u00e9sident de la F\u00e9d\u00e9ration bancaire fran\u00e7aise (FBF) depuis septembre.<\/p>\n","protected":false},"excerpt":{"rendered":"L&rsquo;Europe\u00a0est-elle trop frileuse\u00a0? \u00abNous devons faire \u00e9voluer notre vision du risque\u00bb pour assurer une \u00abcroissance \u00a0significative\u00bb et la&hellip;\n","protected":false},"author":2,"featured_media":120312,"comment_status":"","ping_status":"","sticky":false,"template":"","format":"standard","meta":{"footnotes":""},"categories":[1586],"tags":[1111,47,11,1117,4282,1109,1112,636,341,257,1777,674,632,1108,107,1106,1107,1119,1011,27,1116,1110,1114,500,12,1113,1118,25,137,401,1115,364],"class_list":{"0":"post-120311","1":"post","2":"type-post","3":"status-publish","4":"format-standard","5":"has-post-thumbnail","7":"category-europe","8":"tag-actu","9":"tag-actualite","10":"tag-actualites","11":"tag-assurance","12":"tag-banques","13":"tag-breves","14":"tag-depeches","15":"tag-devises","16":"tag-emploi","17":"tag-entreprise","18":"tag-eu","19":"tag-europe","20":"tag-fcp","21":"tag-fil","22":"tag-fil-info","23":"tag-flash","24":"tag-flash-actu","25":"tag-formation","26":"tag-fr","27":"tag-france","28":"tag-immobilier","29":"tag-informations","30":"tag-infos","31":"tag-medias","32":"tag-news","33":"tag-nouvelles","34":"tag-placement","35":"tag-republique-francaise","36":"tag-retraite","37":"tag-sicav","38":"tag-taux","39":"tag-union-europeenne"},"share_on_mastodon":{"url":"https:\/\/pubeurope.com\/@fr\/114553403651106259","error":""},"_links":{"self":[{"href":"https:\/\/www.europesays.com\/fr\/wp-json\/wp\/v2\/posts\/120311","targetHints":{"allow":["GET"]}}],"collection":[{"href":"https:\/\/www.europesays.com\/fr\/wp-json\/wp\/v2\/posts"}],"about":[{"href":"https:\/\/www.europesays.com\/fr\/wp-json\/wp\/v2\/types\/post"}],"author":[{"embeddable":true,"href":"https:\/\/www.europesays.com\/fr\/wp-json\/wp\/v2\/users\/2"}],"replies":[{"embeddable":true,"href":"https:\/\/www.europesays.com\/fr\/wp-json\/wp\/v2\/comments?post=120311"}],"version-history":[{"count":0,"href":"https:\/\/www.europesays.com\/fr\/wp-json\/wp\/v2\/posts\/120311\/revisions"}],"wp:featuredmedia":[{"embeddable":true,"href":"https:\/\/www.europesays.com\/fr\/wp-json\/wp\/v2\/media\/120312"}],"wp:attachment":[{"href":"https:\/\/www.europesays.com\/fr\/wp-json\/wp\/v2\/media?parent=120311"}],"wp:term":[{"taxonomy":"category","embeddable":true,"href":"https:\/\/www.europesays.com\/fr\/wp-json\/wp\/v2\/categories?post=120311"},{"taxonomy":"post_tag","embeddable":true,"href":"https:\/\/www.europesays.com\/fr\/wp-json\/wp\/v2\/tags?post=120311"}],"curies":[{"name":"wp","href":"https:\/\/api.w.org\/{rel}","templated":true}]}}