{"id":120335,"date":"2025-05-22T20:49:09","date_gmt":"2025-05-22T20:49:09","guid":{"rendered":"https:\/\/www.europesays.com\/fr\/120335\/"},"modified":"2025-05-22T20:49:09","modified_gmt":"2025-05-22T20:49:09","slug":"julien-et-manon-tanti-auditionnes-ce-contenu-degradant-et-humiliant-envers-leurs-enfants-qui-ne-passe-pas","status":"publish","type":"post","link":"https:\/\/www.europesays.com\/fr\/120335\/","title":{"rendered":"Julien et Manon Tanti auditionn\u00e9s : ce contenu \u00ab\u00a0d\u00e9gradant et humiliant\u00a0\u00bb envers leurs enfants qui ne passe pas"},"content":{"rendered":"<p><a href=\"https:\/\/www.public.fr\/ad-laurent-dans-le-viseur-du-gouvernement-linfluenceur-bientot-interdit-de-reseaux-sociaux\" target=\"_blank\" rel=\"noopener\">AD Laurent ne sera pas le seul \u00e0 se faire auditionner<\/a> par la commission d\u2019enqu\u00eate TikTok pr\u00e9vue pour le 10 juin prochain. Arthur Delaporte, Pr\u00e9sident de la commission d\u2019enqu\u00eate TikTok et d\u00e9put\u00e9 PS, a en effet r\u00e9v\u00e9l\u00e9 \u00e0 nos confr\u00e8res de TF1 que l<strong>e couple form\u00e9 par Julien et Manon Tanti allait lui aussi se faire auditionner.<\/strong><\/p>\n<p>Pour rappel, <a href=\"https:\/\/www.public.fr\/ad-laurent-cest-fini\" target=\"_blank\" rel=\"noopener\">AD Laurent a vu son compte TikTok fermer<\/a> le 15 mai dernier. Il va \u00e0 pr\u00e9sent devoir se d\u00e9fendre afin de convaincre la commission et esp\u00e9rer la r\u00e9ouverture de son compte. Mais le jeune homme, apparu dans <strong>\u00ab\u00a0Garde \u00e0 Vous\u00a0\u00bb<\/strong> ou <strong>\u00ab\u00a0Les Anges\u00a0\u00bb<\/strong>, n\u2019est pas le seul vis\u00e9.<\/p>\n<p><a href=\"https:\/\/vsd.fr\/tag\/julien-tanti\/\" target=\"_blank\" rel=\"noopener\">Julien Tanti<\/a> et sa compagne Manon pourraient eux aussi rencontrer quelques probl\u00e8mes avec leurs comptes dans les prochaines semaines. C\u2019est en tout cas ce qu\u2019a laiss\u00e9 penser Arthur Delaporte au micro de TF1.<\/p>\n<p>AD Laurent dans le viseur du gouvernement<\/p>\n<p>Aupr\u00e8s de nos confr\u00e8res, le d\u00e9put\u00e9 PS a d\u2019abord indiqu\u00e9 le but de la commission TikTok pr\u00e9vue pour le 10 juin prochain. \u00ab\u00a0Ouvrir la bo\u00eete noire de TikTok. Et quand on se dit \u00e7a, ben on a deux enjeux. On doit comprendre comment fonctionne l&rsquo;algorithme, comprendre comment on s&rsquo;expose \u00e0 un certain type de contenu. Mais il faut aussi s&rsquo;int\u00e9resser aux producteurs de contenu eux-m\u00eames et notamment \u00e0 certains producteurs de contenu qu&rsquo;on peut qualifier de probl\u00e9matiques\u00a0\u00bb, a-t-il expliqu\u00e9 dans un premier temps.<\/p>\n<p>Parmi les producteurs \u00ab\u00a0probl\u00e9matiques\u00a0\u00bb, Arthur Delaporte vise donc Julien et Manon Tanti, mais aussi AD Laurent dans un premier temps. \u00ab\u00a0On a demand\u00e9 aux personnes de nous faire remonter des influenceurs qui, pour eux, postaient des contenus probl\u00e9matiques, qui pouvaient choquer des mineurs. Et donc c&rsquo;est comme \u00e7a qu&rsquo;on a pris la d\u00e9cision d&rsquo;auditionner AD Laurent, par exemple\u00a0\u00bb, indique-t-il.<\/p>\n<p>Avant de poursuivre : \u00ab\u00a0qui, en effet, poste des contenus parfois pornographiques ou disons \u00e0 caract\u00e8re sexuel sur tout un tas de r\u00e9seaux et sur TikTok, qui peut avoir eu des propos qui \u00e9taient misogynes ou d\u00e9gradants pour l&rsquo;image des femmes\u00a0\u00bb.<\/p>\n<p>Julien et Manon Tanti, eux aussi auditionn\u00e9s dans les prochains jours<\/p>\n<p>Toujours aupr\u00e8s de TF1, le pr\u00e9sident de la commission TikTok a ensuite \u00e9voqu\u00e9 le cas Julien et Manon Tanti : <strong>\u00ab\u00a0parce que leur nom est remont\u00e9 aussi parce qu&rsquo;ils exposent leurs enfants\u00a0\u00bb.<\/strong> \u00ab\u00a0Cette exposition, ben elle peut poser question aussi parce que \u00e7a porte parfois atteinte \u00e0 l&rsquo;image de ces enfants. C&rsquo;est parfois des contenus qui peuvent \u00eatre d\u00e9gradants ou humiliants. Et donc tout ceci aussi doit nous interroger collectivement parce qu&rsquo;il y a aussi des principes de protection de l&rsquo;image des enfants sur les r\u00e9seaux sociaux\u00a0\u00bb, se justifie-t-il en \u00e9voquant la convocation du couple.<\/p>\n<p>\u00ab\u00a0Il y a aussi, \u00e9videmment, au-del\u00e0 de cette question sp\u00e9cifique aux Tanti sur l&rsquo;exposition de leurs enfants \u00e0 des millions de personnes, des contenus qui peuvent \u00eatre probl\u00e9matiques comme des lives, etc., des promotions dangereuses, voire interdites. Et donc, ben derri\u00e8re, comme ils ont aussi de tr\u00e8s jeunes abonn\u00e9s, est-ce qu&rsquo;ils sont conscients qu&rsquo;ils exposent \u00e0 des publications ill\u00e9gales des jeunes. Et donc c&rsquo;est aussi tout \u00e7a que nous aurons l&rsquo;occasion de leur demander\u00a0\u00bb, a-t-il conclu.<\/p>\n<p>N\u00e9anmoins, \u00e0 ce stade, Manon et Julien Tanti n\u2019ont pas encore r\u00e9pondu \u00e0 leur convocation. Arthur Delaporte rappelle pourtant qu\u2019une \u00ab\u00a0convocation par une commission d&rsquo;enqu\u00eate, elle est imp\u00e9rative, on ne peut pas s\u2019y soustraire\u00a0\u00bb.\u00a0<\/p>\n<p>      Mentionn\u00e9s dans cet article<\/p>\n<p>\u00c0 lire aussi<\/p>\n","protected":false},"excerpt":{"rendered":"AD Laurent ne sera pas le seul \u00e0 se faire auditionner par la commission d\u2019enqu\u00eate TikTok pr\u00e9vue pour&hellip;\n","protected":false},"author":2,"featured_media":120336,"comment_status":"","ping_status":"","sticky":false,"template":"","format":"standard","meta":{"footnotes":""},"categories":[1359],"tags":[58,59,1011,27,24194,24195,973,2439],"class_list":{"0":"post-120335","1":"post","2":"type-post","3":"status-publish","4":"format-standard","5":"has-post-thumbnail","7":"category-people","8":"tag-divertissement","9":"tag-entertainment","10":"tag-fr","11":"tag-france","12":"tag-julien-les-marseillais","13":"tag-manon-lile-des-verites-3","14":"tag-people","15":"tag-tiktok"},"share_on_mastodon":{"url":"https:\/\/pubeurope.com\/@fr\/114553458755951206","error":""},"_links":{"self":[{"href":"https:\/\/www.europesays.com\/fr\/wp-json\/wp\/v2\/posts\/120335","targetHints":{"allow":["GET"]}}],"collection":[{"href":"https:\/\/www.europesays.com\/fr\/wp-json\/wp\/v2\/posts"}],"about":[{"href":"https:\/\/www.europesays.com\/fr\/wp-json\/wp\/v2\/types\/post"}],"author":[{"embeddable":true,"href":"https:\/\/www.europesays.com\/fr\/wp-json\/wp\/v2\/users\/2"}],"replies":[{"embeddable":true,"href":"https:\/\/www.europesays.com\/fr\/wp-json\/wp\/v2\/comments?post=120335"}],"version-history":[{"count":0,"href":"https:\/\/www.europesays.com\/fr\/wp-json\/wp\/v2\/posts\/120335\/revisions"}],"wp:featuredmedia":[{"embeddable":true,"href":"https:\/\/www.europesays.com\/fr\/wp-json\/wp\/v2\/media\/120336"}],"wp:attachment":[{"href":"https:\/\/www.europesays.com\/fr\/wp-json\/wp\/v2\/media?parent=120335"}],"wp:term":[{"taxonomy":"category","embeddable":true,"href":"https:\/\/www.europesays.com\/fr\/wp-json\/wp\/v2\/categories?post=120335"},{"taxonomy":"post_tag","embeddable":true,"href":"https:\/\/www.europesays.com\/fr\/wp-json\/wp\/v2\/tags?post=120335"}],"curies":[{"name":"wp","href":"https:\/\/api.w.org\/{rel}","templated":true}]}}