{"id":120339,"date":"2025-05-22T20:51:09","date_gmt":"2025-05-22T20:51:09","guid":{"rendered":"https:\/\/www.europesays.com\/fr\/120339\/"},"modified":"2025-05-22T20:51:09","modified_gmt":"2025-05-22T20:51:09","slug":"amoureuse-de-la-norvege-la-reine-sonja-contribue-a-un-nouveau-livre","status":"publish","type":"post","link":"https:\/\/www.europesays.com\/fr\/120339\/","title":{"rendered":"Amoureuse de la Norv\u00e8ge, la reine Sonja contribue \u00e0 un nouveau livre"},"content":{"rendered":"<p>En pleine nature, on pourrait la confondre avec une touriste ordinaire. V\u00eatue d\u2019un simple t-shirt blanc et d\u2019un bermuda \u00e0 carreaux, la reine <a href=\"https:\/\/www.pointdevue.fr\/grand-angle\/biographies\/sonja-de-norvege\" rel=\"nofollow noopener\" target=\"_blank\" data-ylk=\"slk:Sonja;elm:context_link;itc:0;sec:content-canvas\" class=\"link \">Sonja<\/a> sort d\u2019une cabane en bois enchant\u00e9e au toit v\u00e9g\u00e9talis\u00e9. Souvenir ancien de ses nombreuses escapades en Norv\u00e8ge, la photo illustre le livre Streif i fjordlandskap (en fran\u00e7ais, Promenade dans les paysages du fjord) dont la couverture a \u00e9t\u00e9 d\u00e9voil\u00e9e par <a href=\"https:\/\/www.dagbladet.no\/bok\/dronning-sonja-gir-ut-bok\/83118191\" rel=\"nofollow noopener\" target=\"_blank\" data-ylk=\"slk:Dagbladet;elm:context_link;itc:0;sec:content-canvas\" class=\"link \">Dagbladet<\/a>.<\/p>\n<p>La meilleure ambassadrice<\/p>\n<p>Au fil des pages de ce nouvel ouvrage auquel la m\u00e8re du prince h\u00e9ritier <a href=\"https:\/\/www.pointdevue.fr\/grand-angle\/biographies\/haakon-de-norvege\" rel=\"nofollow noopener\" target=\"_blank\" data-ylk=\"slk:Haakon;elm:context_link;itc:0;sec:content-canvas\" class=\"link \">Haakon<\/a>, des photos personnelles prises lors de ses voyages se m\u00e9langent aux \u0153uvres du peintre norv\u00e9gien \u00d8rnulf Opdahl. \u00ab\u00a0Pourquoi pensons-nous que certaines natures sont plus belles que d\u2019autres ?\u00a0\u00bb, s\u2019interroge la reine dans le communiqu\u00e9 de presse envoy\u00e9 pour annoncer la sortie du livre. \u00ab\u00a0Je pense que c\u2019est parce que les paysages vous parlent \u00e0 vous, \u00e0 votre personnalit\u00e9, votre appareil sensoriel \u2013 \u00e0 votre c\u0153ur, en fait\u00a0\u00bb, r\u00e9pond-elle.<\/p>\n<p>Membre honoraire de l&rsquo;Association touristique norv\u00e9gienne, l\u2019\u00e9pouse du roi <a href=\"https:\/\/www.pointdevue.fr\/grand-angle\/biographies\/roi-harald\" rel=\"nofollow noopener\" target=\"_blank\" data-ylk=\"slk:Harald V;elm:context_link;itc:0;sec:content-canvas\" class=\"link \">Harald V<\/a> loue r\u00e9guli\u00e8rement les richesses naturelles de son pays. En 2002, Sonja sortait d\u00e9j\u00e0 Klangbunn \u2013 un livre dans lequel elle racontait ses voyages en montagne. Un r\u00e9cit accompagn\u00e9 \u00e9galement de ses photographies et des aquarelles d\u2019\u00d8rnulf Opdahl. Plus de vingt ans apr\u00e8s ce projet, ils collaborent \u00e0 nouveau pour Streif i fjordlandskap dont la sortie sera c\u00e9l\u00e9br\u00e9e le vendredi 30 mai \u00e0 l\u2019occasion de l\u2019inauguration de l\u2019exposition du m\u00eame nom au Norwegian Fjord Center \u00e0 Geiranger.<\/p>\n<p>Le devoir avant tout<\/p>\n<p>Son agenda ne d\u00e9semplit pas. Un mois apr\u00e8s son hospitalisation, Sonja assure de multiples engagements, <a href=\"https:\/\/www.pointdevue.fr\/royal\/norvege\/sonja-de-norvege-prete-a-ralentir-le-rythme-elle-repond\" rel=\"nofollow noopener\" target=\"_blank\" data-ylk=\"slk:sans avoir l\u2019intention de lever le pied;elm:context_link;itc:0;sec:content-canvas\" class=\"link \">sans avoir l\u2019intention de lever le pied<\/a>. La preuve, les prochains jours seront bien charg\u00e9s. Apr\u00e8s avoir lanc\u00e9 le festival international de Bergen ce mercredi 21 mai, elle assiste \u00e0 d\u2019autres manifestations sur place ce jour. Ce mardi, alors que son petit-fils <a href=\"https:\/\/www.pointdevue.fr\/grand-angle\/biographies\/prince-sverre-magnus\" rel=\"nofollow noopener\" target=\"_blank\" data-ylk=\"slk:Sverre Magnus;elm:context_link;itc:0;sec:content-canvas\" class=\"link \">Sverre Magnus<\/a> effectuera <a href=\"https:\/\/www.pointdevue.fr\/royal\/norvege\/grande-premiere-pour-le-prince-sverre-magnus-de-norvege\" rel=\"nofollow noopener\" target=\"_blank\" data-ylk=\"slk:sa premi\u00e8re mission en solitaire;elm:context_link;itc:0;sec:content-canvas\" class=\"link \">sa premi\u00e8re mission en solitaire<\/a>, elle se rendra de son c\u00f4t\u00e9 au vernissage d\u2019une exposition consacr\u00e9e \u00e0 la c\u00e9ramique. D\u00e9cid\u00e9ment une reine tout-terrain.<\/p>\n<p>Lire aussi &gt;&gt; <a href=\"https:\/\/www.pointdevue.fr\/royal\/norvege\/ingrid-alexandra-et-sverre-magnus-reunis-pour-la-fete-nationale-de-norvege\" rel=\"nofollow noopener\" target=\"_blank\" data-ylk=\"slk:Ingrid Alexandra et Sverre Magnus r\u00e9unis pour la f\u00eate nationale de Norv\u00e8ge;elm:context_link;itc:0;sec:content-canvas\" class=\"link \">Ingrid Alexandra et Sverre Magnus r\u00e9unis pour la f\u00eate nationale de Norv\u00e8ge<\/a><\/p>\n","protected":false},"excerpt":{"rendered":"En pleine nature, on pourrait la confondre avec une touriste ordinaire. V\u00eatue d\u2019un simple t-shirt blanc et d\u2019un&hellip;\n","protected":false},"author":2,"featured_media":120340,"comment_status":"","ping_status":"","sticky":false,"template":"","format":"standard","meta":{"footnotes":""},"categories":[1357],"tags":[1379,13,58,59,1011,27,24198,1380,673,24196,24199,24197],"class_list":{"0":"post-120339","1":"post","2":"type-post","3":"status-publish","4":"format-standard","5":"has-post-thumbnail","7":"category-livres","8":"tag-books","9":"tag-communique-de-presse","10":"tag-divertissement","11":"tag-entertainment","12":"tag-fr","13":"tag-france","14":"tag-la-reine","15":"tag-livres","16":"tag-norvege","17":"tag-sonja","18":"tag-streif","19":"tag-sverre-magnus"},"share_on_mastodon":{"url":"https:\/\/pubeurope.com\/@fr\/114553466615044014","error":""},"_links":{"self":[{"href":"https:\/\/www.europesays.com\/fr\/wp-json\/wp\/v2\/posts\/120339","targetHints":{"allow":["GET"]}}],"collection":[{"href":"https:\/\/www.europesays.com\/fr\/wp-json\/wp\/v2\/posts"}],"about":[{"href":"https:\/\/www.europesays.com\/fr\/wp-json\/wp\/v2\/types\/post"}],"author":[{"embeddable":true,"href":"https:\/\/www.europesays.com\/fr\/wp-json\/wp\/v2\/users\/2"}],"replies":[{"embeddable":true,"href":"https:\/\/www.europesays.com\/fr\/wp-json\/wp\/v2\/comments?post=120339"}],"version-history":[{"count":0,"href":"https:\/\/www.europesays.com\/fr\/wp-json\/wp\/v2\/posts\/120339\/revisions"}],"wp:featuredmedia":[{"embeddable":true,"href":"https:\/\/www.europesays.com\/fr\/wp-json\/wp\/v2\/media\/120340"}],"wp:attachment":[{"href":"https:\/\/www.europesays.com\/fr\/wp-json\/wp\/v2\/media?parent=120339"}],"wp:term":[{"taxonomy":"category","embeddable":true,"href":"https:\/\/www.europesays.com\/fr\/wp-json\/wp\/v2\/categories?post=120339"},{"taxonomy":"post_tag","embeddable":true,"href":"https:\/\/www.europesays.com\/fr\/wp-json\/wp\/v2\/tags?post=120339"}],"curies":[{"name":"wp","href":"https:\/\/api.w.org\/{rel}","templated":true}]}}