{"id":12034,"date":"2025-04-09T07:24:07","date_gmt":"2025-04-09T07:24:07","guid":{"rendered":"https:\/\/www.europesays.com\/fr\/12034\/"},"modified":"2025-04-09T07:24:07","modified_gmt":"2025-04-09T07:24:07","slug":"le-courage-dun-passager-permet-deviter-un-carnage-sur-le-quai-de-la-gare-pres-de-nantes","status":"publish","type":"post","link":"https:\/\/www.europesays.com\/fr\/12034\/","title":{"rendered":"Le courage d&rsquo;un passager permet d&rsquo;\u00e9viter un carnage sur le quai de la gare pr\u00e8s de Nantes"},"content":{"rendered":"<p>            Par<br \/>\n        <strong><br \/>\n            <a href=\"https:\/\/actu.fr\/auteur\/laurent-fortin\" title=\"Consulter tous les articles de Laurent Fortin\" target=\"_blank\" rel=\"noopener\">Laurent Fortin<\/a><br \/>\n        <\/strong><\/p>\n<p>        Publi\u00e9 le<\/p>\n<p>            9 avr. 2025 \u00e0 8h46        <\/p>\n<p>Les gendarmes de <a href=\"https:\/\/actu.fr\/pays-de-la-loire\/vertou_44215\" target=\"_blank\" rel=\"noopener\">Vertou <\/a>avaient \u00e9t\u00e9 appel\u00e9s le 7 avril 2023 vers 19 h 25<b> <\/b>pour \u00ab une rixe<b> <\/b>en cours \u00e0 la gare \u00bb de la commune. Sur place, ils avaient d\u00e9couvert \u00ab un homme allong\u00e9<b> <\/b>au sol \u00bb, <b>maintenu par plusieurs personnes<\/b>. Il avait \u00ab du sang sur la bouche \u00bb, \u00e9tait \u00ab virulent \u00bb et \u00ab r\u00e9sistait \u00e0 son<b> <\/b>plaquage au sol \u00bb avaient consign\u00e9 les militaires dans leur proc\u00e8s-verbal.<\/p>\n<p class=\" wall-content\">Initialement, un homme avait voulu<b> <\/b>aider un individu qu\u2019il avait vu \u00ab sortir des toilettes du train<b> avec du sang sur ses mains <\/b>\u00bb. Mais peu de temps apr\u00e8s, cet <b>habitant de<\/b> <b>Clisson <\/b>avait rep\u00e9r\u00e9 \u00ab plein de seringues dans sa veste \u00bb.<\/p>\n<blockquote class=\"ac-article-quote wall-content\">\n<p>\u00a0C\u2019est l\u00e0 que j\u2019ai compris\u2026 Je le voyais chercher quelque chose dans sa poche et je me suis m\u00e9fi\u00e9.<\/p>\n<p>La victime<\/p><\/blockquote>\n<p class=\" wall-content\">Seulement voil\u00e0 : le bless\u00e9 en avait finalement <b>\u00ab sorti un couteau \u00bb<\/b>\u2026 Celui qui avait voulu l\u2019aider l\u2019avait donc \u00ab attrap\u00e9 \u00bb et \u00e9tait \u00ab tomb\u00e9 plusieurs fois avec lui \u00bb. <\/p>\n<blockquote class=\"ac-article-quote wall-content\">\n<p>Avec sa force, je n\u2019arrivais plus \u00e0 respirer.<\/p>\n<p>La victime<\/p><\/blockquote>\n<p class=\" wall-content\">La partie civile avait finalement re\u00e7u de l\u2019aide mais, une fois<b> <\/b>le train arr\u00eat\u00e9 en gare de Vertou, \u00ab les gens avaient rel\u00e2ch\u00e9 \u00bb l\u2019homme \u00e0 terre alors qu\u2019il \u00ab avait <b>toujours le couteau dans la main <\/b>\u00bb.<\/p>\n<blockquote class=\"ac-article-quote wall-content\">\n<p>Je me suis dit que s\u2019il sortait sur le quai il allait faire un carnage. Je l\u2019ai ma\u00eetris\u00e9 sur le quai et les gendarmes sont arriv\u00e9s peu apr\u00e8s.<\/p>\n<p>Le citoyen courageux<\/p><\/blockquote>\n<p>Le seul de la rame \u00e0 \u00eatre intervenu<\/p>\n<p class=\" wall-content\">Salu\u00e9 \u00e0 l\u2019audience<b>, le \u00ab courage \u00bb du passager<\/b> n\u2019a toutefois pas \u00e9t\u00e9 sans cons\u00e9quences sur sa sant\u00e9 : \u00e0 l\u2019audience, pr\u00e8s de deux ans apr\u00e8s les faits, il<b> marchait encore \u00e0 l\u2019aide de b\u00e9quilles<\/b>, suite \u00e0 des \u00ab complications \u00bb de son \u00ab m\u00e9nisque fissur\u00e9 \u00bb.<\/p>\n<p class=\" wall-content\">Cet ancien \u00ab agent de collecte et de tri des d\u00e9chets \u00bb de l\u2019association<a href=\"https:\/\/www.semes-44.fr\/\" target=\"_blank\" rel=\"noopener\"> S\u00e8vre et Maine emploi solidaire<\/a> \u00e9tait par ailleurs en \u00ab reconversion professionnelle \u00bb \u00e0 l\u2019\u00e9poque des faits.<\/p>\n<p class=\" wall-content\">Il avait alors re\u00e7u une \u00ab promesse d\u2019embauche \u00bb dans une autre association et sa r\u00e9mun\u00e9ration devait passer de 600 \u20ac \u00e0 1 600 \u20ac net par mois. Mais ses s\u00e9quelles l\u2019ont emp\u00each\u00e9 d\u2019honorer cette promesse d\u2019embauche et il doit se contenter actuellement d\u2019une \u00ab indemnit\u00e9 journali\u00e8re de 500 \u20ac par mois \u00bb.<\/p>\n<blockquote class=\"ac-article-quote wall-content\">\n<p>C\u2019est le seul dans cette rame de train \u00e0 avoir tent\u00e9 d\u2019\u00e9viter un drame.<\/p>\n<p>Son avocat<\/p><\/blockquote>\n<p class=\" wall-content\">Ce dernier regrettait par ailleurs<b> l\u2019absence du pr\u00e9venu \u00e0 son propre proc\u00e8s.<\/b> L\u2019homme de 39 ans au jour des faits, n\u2019\u00e9tait en effet ni pr\u00e9sent ni repr\u00e9sent\u00e9 par un avocat.<\/p>\n<p class=\" wall-content\">Interrog\u00e9 en garde \u00e0 vue, ce toxicomane avait reconnu avoir une certaine \u00ab d\u00e9pendance \u00e0 l\u2019h\u00e9ro\u00efne \u00bb, \u00e0 raison d\u2019\u00ab un gramme par jour depuis sept ans \u00bb. L\u2019accus\u00e9 avait aussi expliqu\u00e9 qu\u2019il avait un couteau sur lui ce jour-l\u00e0 \u00ab uniquement pour manger \u00bb.<\/p>\n<p class=\" wall-content\">Face \u00e0 cet homme \u00ab \u00e0 la d\u00e9rive \u00bb, <b>d\u00e9j\u00e0 condamn\u00e9 \u00e0 quatre reprises<\/b> pour des violences avec arme, des<b> <\/b>d\u00e9lits routiers et des vols aggrav\u00e9s, il n\u2019y avait \u00ab aucune raison de douter \u00bb des dires du t\u00e9moin selon<b> le procureur de la R\u00e9publique<\/b> : le couteau avait \u00e9t\u00e9 \u00ab retrouv\u00e9 \u00bb et des \u00ab photos montrant des entailles \u00bb avaient \u00e9t\u00e9 produites au dossier.<\/p>\n<p class=\" wall-content\">Le tribunal correctionnel de Nantes a donc suivi ses r\u00e9quisitions en condamnant le pr\u00e9venu en son absence \u00e0 <b>huit mois de prison avec sursis simple <\/b>et \u00e0 une<b> <\/b>interdiction de d\u00e9tenir toute arme soumise \u00e0 autorisation pendant trois ans. Il devra aussi verser une premi\u00e8re \u00ab provision \u00bb de<b> 15 000\u00a0\u20ac \u00e0 la victime<\/b> dans l\u2019attente de son indemnisation d\u00e9finitive. Celle-ci sera arr\u00eat\u00e9e le 11\u00a0septembre 2026.<\/p>\n<p class=\" wall-content\">Suivez toute l\u2019actualit\u00e9 de vos villes et m\u00e9dias favoris en vous inscrivant \u00e0 <a href=\"https:\/\/moncompte.actu.fr\" title=\"D\u00e9couvez Mon Actu\" rel=\"nofollow noopener\" data-trk=\"{&quot;cta&quot;:{&quot;action&quot;:&quot;https:\\\/\\\/moncompte.actu.fr&quot;,&quot;category&quot;:&quot;mon compte&quot;,&quot;from&quot;:&quot;article footer&quot;,&quot;name&quot;:&quot;Mon actu&quot;,&quot;type&quot;:&quot;cta&quot;}}\" target=\"_blank\">Mon Actu<\/a>.<\/p>\n","protected":false},"excerpt":{"rendered":"Par Laurent Fortin Publi\u00e9 le 9 avr. 2025 \u00e0 8h46 Les gendarmes de Vertou avaient \u00e9t\u00e9 appel\u00e9s le&hellip;\n","protected":false},"author":2,"featured_media":12035,"comment_status":"","ping_status":"","sticky":false,"template":"","format":"standard","meta":{"footnotes":""},"categories":[2818],"tags":[1111,11,1052,1777,674,118,1011,27,303,766,12,2636,25,2900],"class_list":{"0":"post-12034","1":"post","2":"type-post","3":"status-publish","4":"format-standard","5":"has-post-thumbnail","7":"category-nantes","8":"tag-actu","9":"tag-actualites","10":"tag-drogue","11":"tag-eu","12":"tag-europe","13":"tag-faits-divers","14":"tag-fr","15":"tag-france","16":"tag-justice","17":"tag-nantes","18":"tag-news","19":"tag-pays-de-la-loire","20":"tag-republique-francaise","21":"tag-vignoble-nantais"},"share_on_mastodon":{"url":"https:\/\/pubeurope.com\/@fr\/114306813978368566","error":""},"_links":{"self":[{"href":"https:\/\/www.europesays.com\/fr\/wp-json\/wp\/v2\/posts\/12034","targetHints":{"allow":["GET"]}}],"collection":[{"href":"https:\/\/www.europesays.com\/fr\/wp-json\/wp\/v2\/posts"}],"about":[{"href":"https:\/\/www.europesays.com\/fr\/wp-json\/wp\/v2\/types\/post"}],"author":[{"embeddable":true,"href":"https:\/\/www.europesays.com\/fr\/wp-json\/wp\/v2\/users\/2"}],"replies":[{"embeddable":true,"href":"https:\/\/www.europesays.com\/fr\/wp-json\/wp\/v2\/comments?post=12034"}],"version-history":[{"count":0,"href":"https:\/\/www.europesays.com\/fr\/wp-json\/wp\/v2\/posts\/12034\/revisions"}],"wp:featuredmedia":[{"embeddable":true,"href":"https:\/\/www.europesays.com\/fr\/wp-json\/wp\/v2\/media\/12035"}],"wp:attachment":[{"href":"https:\/\/www.europesays.com\/fr\/wp-json\/wp\/v2\/media?parent=12034"}],"wp:term":[{"taxonomy":"category","embeddable":true,"href":"https:\/\/www.europesays.com\/fr\/wp-json\/wp\/v2\/categories?post=12034"},{"taxonomy":"post_tag","embeddable":true,"href":"https:\/\/www.europesays.com\/fr\/wp-json\/wp\/v2\/tags?post=12034"}],"curies":[{"name":"wp","href":"https:\/\/api.w.org\/{rel}","templated":true}]}}