{"id":120341,"date":"2025-05-22T20:52:09","date_gmt":"2025-05-22T20:52:09","guid":{"rendered":"https:\/\/www.europesays.com\/fr\/120341\/"},"modified":"2025-05-22T20:52:09","modified_gmt":"2025-05-22T20:52:09","slug":"audrey-fleurot-embarrassee-par-yann-barthes-dans-quotidien-sur-la-fin-dhpi","status":"publish","type":"post","link":"https:\/\/www.europesays.com\/fr\/120341\/","title":{"rendered":"Audrey Fleurot embarrass\u00e9e par Yann Barth\u00e8s dans \u00abQuotidien\u00bb sur la fin d\u2019HPI"},"content":{"rendered":"<p>L\u2019interpr\u00e8te de Morgane Alvaro a lutt\u00e9 pour ne pas trop r\u00e9v\u00e9ler d\u2019\u00e9l\u00e9ments sur l\u2019intrigue de la derni\u00e8re saison de la s\u00e9rie \u00e0 succ\u00e8s de TF1.<\/p>\n<p class=\"fig-paragraph\">La fin de la s\u00e9rie\u00a0<a href=\"http:\/\/tvmag.lefigaro.fr\/programme-tv\/actu-tele\/audrey-fleurot-mehdi-nebbou-ce-que-les-comediens-garderont-de-la-serie-hpi-20250522\" data-fig-type=\"Article\" data-gtm-custom-categorie=\"navigation\" data-gtm-custom-action=\"crossclick\" data-gtm-custom-label=\"Contextuel\" data-gtm-event=\"customEventSPE\" data-fig-domain=\"TVMAG\" rel=\"nofollow noopener\" target=\"_blank\">HPI est act\u00e9e<\/a>. La saison 5, dont les premiers \u00e9pisodes sont actuellement diffus\u00e9s sur TF1, sera la derni\u00e8re. \u00abUne d\u00e9cision raisonn\u00e9e et raisonnable pour partir sur un truc chouette\u00bb, estime\u00a0<a href=\"http:\/\/tvmag.lefigaro.fr\/programme-tv\/series\/audrey-fleurot-aucun-de-nous-n-a-fondamentalement-envie-d-arreter-hpi-20250515\" target=\"_blank\" data-fig-type=\"Article\" rel=\"noopener nofollow\" data-gtm-custom-categorie=\"navigation\" data-gtm-custom-action=\"crossclick\" data-gtm-custom-label=\"Contextuel\" data-gtm-event=\"customEventSPE\" data-fig-domain=\"TVMAG\">Audrey Fleurot<\/a>\u00a0ce jeudi 22 mai dans \u00abQuotidien\u00bb, sur TMC.<\/p>\n<p class=\"fig-paragraph\">Une d\u00e9claration qui ne semble pas au go\u00fbt de\u00a0<a href=\"http:\/\/tvmag.lefigaro.fr\/programme-tv\/actu-tele\/on-n-est-pas-ineligibles-yann-barthes-et-michael-youn-ironisent-sur-la-condamnation-de-marine-le-pen-20250403\" target=\"_blank\" data-fig-type=\"Article\" rel=\"noopener nofollow\" data-gtm-custom-categorie=\"navigation\" data-gtm-custom-action=\"crossclick\" data-gtm-custom-label=\"Contextuel\" data-gtm-event=\"customEventSPE\" data-fig-domain=\"TVMAG\">Yann Barth\u00e8s<\/a>\u00a0qui insiste aupr\u00e8s de son invit\u00e9e pour le tournage \u00abd\u2019une saison de plus\u00bb. \u00abTout le monde est d\u2019accord, TF1 et le producteur. Cela ne bloque que chez vous\u00bb, argumente-t-il. Flatt\u00e9e et d\u00e9j\u00e0 un peu g\u00ean\u00e9e, l\u2019actrice qui pr\u00eate ses traits \u00e0 l\u2019excentrique Morgane Alvaro rappelle que \u00abc\u2019est mieux de partir au top que de d\u00e9cevoir.\u00bb<\/p>\n<p>Un succ\u00e8s d\u2019audience<\/p>\n<p class=\"fig-paragraph\">La semaine derni\u00e8re, 6,23 millions de t\u00e9l\u00e9spectateurs, soit 34,1% du public ont r\u00e9pondu pr\u00e9sents pour visionner le premier in\u00e9dit. Pour profiter au maximum de ces bonnes audiences, TF1 va d\u00e9couper la diffusion en deux parties. Apr\u00e8s l\u2019\u00e9pisode 4, le jeudi 12 juin, la premi\u00e8re cha\u00eene ne proposera plus de nouvel \u00e9pisode avant la rentr\u00e9e en septembre.<\/p>\n<p class=\"fig-paragraph\">\u00abOn s\u2019est d\u00e9merd\u00e9 pour trouver une fin \u00e0 la hauteur\u00bb, assure Audrey Fleurot face \u00e0 l\u2019animateur de \u00abQuotidien\u00bb insistant\u00a0: \u00abLa fin permet d\u2019avoir une saison 6 ou pas\u00a0?\u00bb.<\/p>\n<p class=\"fig-paragraph\">\u00abJe ne m\u2019attendais pas \u00e0 ce traquenard. On m\u2019a dit tout bien ce qu\u2019il fallait que je dise et \u00e7a, je n\u2019ai pas du tout \u00e9t\u00e9 brief\u00e9e\u00bb, panique l\u2019actrice. En effet, entre deux promotions, elle est toujours en train de tourner le final d\u2019HPI. \u00abC\u2019est compliqu\u00e9 d\u2019en parler\u00bb, explique-t-elle. Le risque de d\u00e9voiler des \u00e9l\u00e9ments de l\u2019intrigue en direct sur TMC est grand. Yann Barth\u00e8s, lui, ne perd pas le nord\u00a0: \u00abDonc il est encore temps de changer la fin.\u00bb\u00a0<\/p>\n<p class=\"fig-paragraph\"><strong>\u00c0 VOIR AUSSI &#8211;<\/strong> Mehdi Nebbou\u00a0: \u00abHPI est la s\u00e9rie pr\u00e9f\u00e9r\u00e9e de ma fille\u00bb<\/p>\n<p>\u00a0\u00bb<br \/>\n        data-script=\u00a0\u00bbhttps:\/\/static.lefigaro.fr\/widget-video\/short-ttl\/video\/index.js\u00a0\u00bb<br \/>\n    &gt;<\/p>\n","protected":false},"excerpt":{"rendered":"L\u2019interpr\u00e8te de Morgane Alvaro a lutt\u00e9 pour ne pas trop r\u00e9v\u00e9ler d\u2019\u00e9l\u00e9ments sur l\u2019intrigue de la derni\u00e8re saison&hellip;\n","protected":false},"author":2,"featured_media":120342,"comment_status":"","ping_status":"","sticky":false,"template":"","format":"standard","meta":{"footnotes":""},"categories":[1356],"tags":[497,496,21259,499,58,59,1011,27,500,504,505,495,503,502,501,252,1364,498,1405],"class_list":{"0":"post-120341","1":"post","2":"type-post","3":"status-publish","4":"format-standard","5":"has-post-thumbnail","7":"category-television","8":"tag-actu-tv","9":"tag-actualite-tv","10":"tag-audrey-fleurot","11":"tag-buzz-tv","12":"tag-divertissement","13":"tag-entertainment","14":"tag-fr","15":"tag-france","16":"tag-medias","17":"tag-news-tele","18":"tag-news-television","19":"tag-news-tv","20":"tag-programme-tele","21":"tag-programme-tv","22":"tag-quiz-tv","23":"tag-television","24":"tag-tv","25":"tag-tv-actu","26":"tag-yann-barthes"},"share_on_mastodon":{"url":"https:\/\/pubeurope.com\/@fr\/114553470544833452","error":""},"_links":{"self":[{"href":"https:\/\/www.europesays.com\/fr\/wp-json\/wp\/v2\/posts\/120341","targetHints":{"allow":["GET"]}}],"collection":[{"href":"https:\/\/www.europesays.com\/fr\/wp-json\/wp\/v2\/posts"}],"about":[{"href":"https:\/\/www.europesays.com\/fr\/wp-json\/wp\/v2\/types\/post"}],"author":[{"embeddable":true,"href":"https:\/\/www.europesays.com\/fr\/wp-json\/wp\/v2\/users\/2"}],"replies":[{"embeddable":true,"href":"https:\/\/www.europesays.com\/fr\/wp-json\/wp\/v2\/comments?post=120341"}],"version-history":[{"count":0,"href":"https:\/\/www.europesays.com\/fr\/wp-json\/wp\/v2\/posts\/120341\/revisions"}],"wp:featuredmedia":[{"embeddable":true,"href":"https:\/\/www.europesays.com\/fr\/wp-json\/wp\/v2\/media\/120342"}],"wp:attachment":[{"href":"https:\/\/www.europesays.com\/fr\/wp-json\/wp\/v2\/media?parent=120341"}],"wp:term":[{"taxonomy":"category","embeddable":true,"href":"https:\/\/www.europesays.com\/fr\/wp-json\/wp\/v2\/categories?post=120341"},{"taxonomy":"post_tag","embeddable":true,"href":"https:\/\/www.europesays.com\/fr\/wp-json\/wp\/v2\/tags?post=120341"}],"curies":[{"name":"wp","href":"https:\/\/api.w.org\/{rel}","templated":true}]}}