{"id":120344,"date":"2025-05-22T20:54:15","date_gmt":"2025-05-22T20:54:15","guid":{"rendered":"https:\/\/www.europesays.com\/fr\/120344\/"},"modified":"2025-05-22T20:54:15","modified_gmt":"2025-05-22T20:54:15","slug":"apres-lannonce-dune-suite-le-film-sera-t-il-de-nouveau-tourne-en-seine-et-marne","status":"publish","type":"post","link":"https:\/\/www.europesays.com\/fr\/120344\/","title":{"rendered":"apr\u00e8s l&rsquo;annonce d&rsquo;une suite, le film sera-t-il de nouveau tourn\u00e9 en Seine-et-Marne\u00a0?"},"content":{"rendered":"<p>            Par<br \/>\n        <strong><br \/>\n            <a href=\"https:\/\/actu.fr\/auteur\/maxime-berthelot\" title=\"Consulter tous les articles de Maxime Berthelot\" target=\"_blank\" rel=\"noopener\">Maxime Berthelot<\/a><br \/>\n        <\/strong><\/p>\n<p>        Publi\u00e9 le<\/p>\n<p>            22 mai 2025 \u00e0 19h00        <\/p>\n<p><b>Le Glaude<\/b> et <b>le Bomb\u00e9<\/b> vont-ils vraiment revenir \u00e0 <a href=\"https:\/\/actu.fr\/ile-de-france\/champeaux_77082\" target=\"_blank\" rel=\"noopener\">Champeaux<\/a> (<b>Seine-et-Marne<\/b>) ? Ces derni\u00e8res semaines, <b>la rumeur enfle<\/b> dans le tranquille <b>village de 850 habitants<\/b>. \u00c0 l\u2019occasion du <a href=\"https:\/\/actu.fr\/tag\/festival-de-cannes\" target=\"_blank\" rel=\"noopener\">Festival de Cannes<\/a>, le producteur S\u00e9bastien Fechner a en effet annonc\u00e9 <b>la pr\u00e9paration d\u2019une suite<\/b> au film <b>La Soupe aux choux,<\/b> sorti en <b>d\u00e9cembre 1981<\/b> d\u2019apr\u00e8s une adaptation du roman de Ren\u00e9 Fallet. \u00ab Nous allons nous attaquer, avec une tr\u00e8s lourde responsabilit\u00e9, \u00e0<b> un monument du cin\u00e9ma fran\u00e7ais, <\/b>La Soupe aux choux, dont nous <b>d\u00e9veloppons une suite<\/b>, a confi\u00e9 au\u00a0Film fran\u00e7ais le neveu de Christian Fechner, producteur du film produit par <b>Jean Girault<\/b>. Je ne suis pas encore en mesure de pr\u00e9ciser nos partenaires ou les talents avec lesquels nous allons travailler, mais l\u2019int\u00e9r\u00eat est l\u00e0. \u00bb<\/p>\n<p class=\" wall-content\">Y compris du c\u00f4t\u00e9 de la municipalit\u00e9 de la commune briarde. Il faut dire qu\u2019elle a apport\u00e9 sa modeste contribution au succ\u00e8s du film, qui a r\u00e9uni<b> plus de 3\u00a0millions de spectateurs <\/b>\u00e0 sa sortie.<\/p>\n<p class=\" wall-content\">Et pour cause, <a href=\"https:\/\/actu.fr\/tag\/louis-de-funes\" target=\"_blank\" rel=\"noopener\">Louis de Fun\u00e8s<\/a> (Claude Ratinier, dit le Glaude), <b>Jean Carmet <\/b>(Francis Ch\u00e9rasse, alias le Bomb\u00e9) et ou encore <b>Claude Gensac<\/b> (Am\u00e9lie Poulangeard) y ont tourn\u00e9 plusieurs sc\u00e8nes.<\/p>\n<p class=\" wall-content\">\u00ab Pour le moment, nous n\u2019avons <b>pas \u00e9t\u00e9 contact\u00e9s par la production, <\/b>mais si elle souhaite tourner la suite du film \u00e0 Champeaux, nous l\u2019accueillerons avec grand plaisir !, assure Yves Lag\u00fces-Baget, le maire du village. Vu le succ\u00e8s qu\u2019ont \u00e9t\u00e9 les festivit\u00e9s que nous avons r\u00e9alis\u00e9es en 2021 \u00e0 l\u2019occasion des <b>40\u00a0ans de la sortie du film<\/b>, ce serait g\u00e9nial. Il y a encore un vrai engouement ! \u00bb<\/p>\n<p>\u00ab\u00a0Le film a mis en avant le village\u00a0\u00bb<\/p>\n<p class=\" wall-content\">Le 11\u00a0septembre 2021, le village avait en effet organis\u00e9 <b>un apr\u00e8s-midi festif <\/b>autour de l\u2019univers du film. La mairie et l\u2019association La Camp\u00e9lienne Animations avaient<b> mis en valeur les diff\u00e9rents lieux <\/b>de la commune ayant servi au tournage :<b> l\u2019ancienne mairie du village <\/b>(la gendarmerie dans le film), <b>la Poste, la charcuterie, la boulangerie<\/b> (qui sert aussi de magasin de v\u00eatements dans le film), ou encore<b> <\/b><a href=\"https:\/\/actu.fr\/ile-de-france\/champeaux_77082\/champeaux-l-hotel-de-france-renove-entre-souvenirs-de-la-soupe-aux-choux-et-festivites-a-venir_43381540.html\" target=\"_blank\" rel=\"noopener\">l\u2019ancien H\u00f4tel de France<\/a>, dont <b>la fa\u00e7ade avait \u00e9t\u00e9 restaur\u00e9e<\/b> pour l\u2019occasion, et dont <b>l\u2019ancienne propri\u00e9taire <\/b><a href=\"https:\/\/actu.fr\/ile-de-france\/champeaux_77082\/seine-et-marne-il-y-a-40-ans-la-soupe-aux-choux-etait-tourne-a-champeaux_44662121.html\" target=\"_blank\" rel=\"noopener\">n\u2019avait rien oubli\u00e9 du tournage<\/a>.<\/p>\n<p>    <img   decoding=\"async\" loading=\"lazy\" class=\"size-large\" src=\"https:\/\/www.europesays.com\/fr\/wp-content\/uploads\/2025\/05\/7706aa751f2867b06aa751f284f06av-960x640.jpg\" alt=\"H\u00f4tel de France Champeaux la soupe aux choux seine et marne\" width=\"960\" height=\"640\"\/><br \/>\n    L\u2019H\u00f4tel de France de Champeaux a servi de lieu au tournage du film La Soupe aux choux, sorti en 1981 \u00a9Mairie de Champeaux<\/p>\n<p class=\" wall-content\">\u00ab Le village s\u2019est fait une petite renomm\u00e9e gr\u00e2ce au film, qui a mis en avant les lieux embl\u00e9matiques et incontournables du village, rappelle Quentin Holvoet, pr\u00e9sident de La Camp\u00e9lienne Animations. \u00c7a a marqu\u00e9 les g\u00e9n\u00e9rations, nous sommes donc totalement pour que la suite se tourne \u00e0 Champeaux. \u00bb En esp\u00e9rant pouvoir trinquer\u00a0au <b>perniflard <\/b>!<\/p>\n<p class=\" wall-content\">Suivez toute l\u2019actualit\u00e9 de vos villes et m\u00e9dias favoris en vous inscrivant \u00e0 <a href=\"https:\/\/moncompte.actu.fr\" title=\"D\u00e9couvez Mon Actu\" rel=\"nofollow noopener\" data-trk=\"{&quot;cta&quot;:{&quot;action&quot;:&quot;https:\\\/\\\/moncompte.actu.fr&quot;,&quot;category&quot;:&quot;mon compte&quot;,&quot;from&quot;:&quot;article footer&quot;,&quot;name&quot;:&quot;Mon actu&quot;,&quot;type&quot;:&quot;cta&quot;}}\" target=\"_blank\">Mon Actu<\/a>.<\/p>\n","protected":false},"excerpt":{"rendered":"Par Maxime Berthelot Publi\u00e9 le 22 mai 2025 \u00e0 19h00 Le Glaude et le Bomb\u00e9 vont-ils vraiment revenir&hellip;\n","protected":false},"author":2,"featured_media":120345,"comment_status":"","ping_status":"","sticky":false,"template":"","format":"standard","meta":{"footnotes":""},"categories":[1354],"tags":[650,58,59,5634,1346,1011,27,22175,1360,104],"class_list":{"0":"post-120344","1":"post","2":"type-post","3":"status-publish","4":"format-standard","5":"has-post-thumbnail","7":"category-films","8":"tag-cinema","9":"tag-divertissement","10":"tag-entertainment","11":"tag-festival-de-cannes","12":"tag-films","13":"tag-fr","14":"tag-france","15":"tag-louis-de-funes","16":"tag-movies","17":"tag-societe"},"share_on_mastodon":{"url":"https:\/\/pubeurope.com\/@fr\/114553478398470651","error":""},"_links":{"self":[{"href":"https:\/\/www.europesays.com\/fr\/wp-json\/wp\/v2\/posts\/120344","targetHints":{"allow":["GET"]}}],"collection":[{"href":"https:\/\/www.europesays.com\/fr\/wp-json\/wp\/v2\/posts"}],"about":[{"href":"https:\/\/www.europesays.com\/fr\/wp-json\/wp\/v2\/types\/post"}],"author":[{"embeddable":true,"href":"https:\/\/www.europesays.com\/fr\/wp-json\/wp\/v2\/users\/2"}],"replies":[{"embeddable":true,"href":"https:\/\/www.europesays.com\/fr\/wp-json\/wp\/v2\/comments?post=120344"}],"version-history":[{"count":0,"href":"https:\/\/www.europesays.com\/fr\/wp-json\/wp\/v2\/posts\/120344\/revisions"}],"wp:featuredmedia":[{"embeddable":true,"href":"https:\/\/www.europesays.com\/fr\/wp-json\/wp\/v2\/media\/120345"}],"wp:attachment":[{"href":"https:\/\/www.europesays.com\/fr\/wp-json\/wp\/v2\/media?parent=120344"}],"wp:term":[{"taxonomy":"category","embeddable":true,"href":"https:\/\/www.europesays.com\/fr\/wp-json\/wp\/v2\/categories?post=120344"},{"taxonomy":"post_tag","embeddable":true,"href":"https:\/\/www.europesays.com\/fr\/wp-json\/wp\/v2\/tags?post=120344"}],"curies":[{"name":"wp","href":"https:\/\/api.w.org\/{rel}","templated":true}]}}