{"id":120346,"date":"2025-05-22T20:55:08","date_gmt":"2025-05-22T20:55:08","guid":{"rendered":"https:\/\/www.europesays.com\/fr\/120346\/"},"modified":"2025-05-22T20:55:08","modified_gmt":"2025-05-22T20:55:08","slug":"etats-unis-un-concert-de-shakira-pourrait-etre-a-lorigine-dune-crise-sanitaire","status":"publish","type":"post","link":"https:\/\/www.europesays.com\/fr\/120346\/","title":{"rendered":"\u00c9tats-Unis : un concert de Shakira pourrait \u00eatre \u00e0 l\u2019origine d&rsquo;une crise sanitaire"},"content":{"rendered":"<p>\t\u00c9tats-Unis : un concert de Shakira pourrait \u00eatre \u00e0 l\u2019origine d&rsquo;une crise sanitaire &#8211; Valeurs actuelles<\/p>\n<p><a href=\"https:\/\/www.valeursactuelles.com\/\" target=\"_blank\" rel=\"noopener\">Accueil<\/a> \u00bb <a href=\"https:\/\/www.valeursactuelles.com\/monde\" target=\"_blank\" rel=\"noopener\">Monde<\/a> \u00bb \u00c9tats-Unis : un concert de Shakira pourrait \u00eatre \u00e0 l\u2019origine d\u2019une crise sanitaire<\/p>\n","protected":false},"excerpt":{"rendered":"\u00c9tats-Unis : un concert de Shakira pourrait \u00eatre \u00e0 l\u2019origine d&rsquo;une crise sanitaire &#8211; Valeurs actuelles Accueil \u00bb&hellip;\n","protected":false},"author":2,"featured_media":120347,"comment_status":"","ping_status":"","sticky":false,"template":"","format":"standard","meta":{"footnotes":""},"categories":[10],"tags":[2704,1697,5826,434,1011,27,72,226,71],"class_list":{"0":"post-120346","1":"post","2":"type-post","3":"status-publish","4":"format-standard","5":"has-post-thumbnail","7":"category-sante","8":"tag-chanteuse","9":"tag-concert","10":"tag-contamination","11":"tag-epidemie","12":"tag-fr","13":"tag-france","14":"tag-health","15":"tag-maladie","16":"tag-sante"},"share_on_mastodon":{"url":"https:\/\/pubeurope.com\/@fr\/114553482358060338","error":""},"_links":{"self":[{"href":"https:\/\/www.europesays.com\/fr\/wp-json\/wp\/v2\/posts\/120346","targetHints":{"allow":["GET"]}}],"collection":[{"href":"https:\/\/www.europesays.com\/fr\/wp-json\/wp\/v2\/posts"}],"about":[{"href":"https:\/\/www.europesays.com\/fr\/wp-json\/wp\/v2\/types\/post"}],"author":[{"embeddable":true,"href":"https:\/\/www.europesays.com\/fr\/wp-json\/wp\/v2\/users\/2"}],"replies":[{"embeddable":true,"href":"https:\/\/www.europesays.com\/fr\/wp-json\/wp\/v2\/comments?post=120346"}],"version-history":[{"count":0,"href":"https:\/\/www.europesays.com\/fr\/wp-json\/wp\/v2\/posts\/120346\/revisions"}],"wp:featuredmedia":[{"embeddable":true,"href":"https:\/\/www.europesays.com\/fr\/wp-json\/wp\/v2\/media\/120347"}],"wp:attachment":[{"href":"https:\/\/www.europesays.com\/fr\/wp-json\/wp\/v2\/media?parent=120346"}],"wp:term":[{"taxonomy":"category","embeddable":true,"href":"https:\/\/www.europesays.com\/fr\/wp-json\/wp\/v2\/categories?post=120346"},{"taxonomy":"post_tag","embeddable":true,"href":"https:\/\/www.europesays.com\/fr\/wp-json\/wp\/v2\/tags?post=120346"}],"curies":[{"name":"wp","href":"https:\/\/api.w.org\/{rel}","templated":true}]}}