{"id":120352,"date":"2025-05-22T20:58:08","date_gmt":"2025-05-22T20:58:08","guid":{"rendered":"https:\/\/www.europesays.com\/fr\/120352\/"},"modified":"2025-05-22T20:58:08","modified_gmt":"2025-05-22T20:58:08","slug":"olivier-minne-son-remplacant-dans-fort-boyard-enfin-trouve-une-figure-de-rmc-balance-on-ma-propose-de-le-remplacer","status":"publish","type":"post","link":"https:\/\/www.europesays.com\/fr\/120352\/","title":{"rendered":"Olivier Minne : son rempla\u00e7ant dans \u00ab\u00a0Fort Boyard\u00a0\u00bb enfin trouv\u00e9 ? Une figure de RMC balance, \u00ab\u00a0on m&rsquo;a propos\u00e9 de le remplacer\u00a0\u00bb"},"content":{"rendered":"<p>      R\u00e9sum\u00e9<\/p>\n<p>Olivier Minne quitte \u00ab\u00a0Fort Boyard\u00a0\u00bb pour M6, tandis que Vincent Lagaf&rsquo; a r\u00e9v\u00e9l\u00e9 avoir \u00e9t\u00e9 propos\u00e9 comme rempla\u00e7ant mais a d\u00e9clin\u00e9 l&rsquo;offre.<\/p>\n<p>        Sommaire<\/p>\n<p>Il aurait pu remplacer <a href=\"https:\/\/www.public.fr\/tag\/olivier-minne\" target=\"_blank\" rel=\"noopener\">Olivier Minne<\/a> mais a pr\u00e9f\u00e9r\u00e9 d\u00e9cliner l\u2019offre. En effet, d\u2019ici quelques mois, <a href=\"https:\/\/www.public.fr\/olivier-minne-pour-sa-derniere-saison-france-2-rappelle-danciennes-gloires-du-programme\" target=\"_blank\" rel=\"noopener\">le pr\u00e9sentateur embl\u00e9matique de <strong>\u00ab\u00a0Fort Boyard\u00a0\u00bb<\/strong><\/a> va quitter le groupe France T\u00e9l\u00e9visions. C\u2019est le groupe M6, qu\u2019il rejoindra \u00e0 la rentr\u00e9e, qui annon\u00e7ait la nouvelle via un communiqu\u00e9.\u00a0<\/p>\n<p>Trois jours apr\u00e8s le d\u00e9but du tournage de la nouvelle saison de <strong>\u00ab\u00a0Fort Boyard\u00a0\u00bb<\/strong>, le groupe M6 a en effet publi\u00e9 un communiqu\u00e9 pour d\u00e9voiler le nom de sa nouvelle recrue. \u00ab\u00a0Animateur reconnu et tr\u00e8s appr\u00e9ci\u00e9 du grand public,\u00a0Olivier Minne\u00a0rejoint le groupe pour animer de grands divertissements sur M6. (&#8230;) Il vient renforcer l\u2019\u00e9quipe des visages embl\u00e9matiques de la cha\u00eene\u00a0\u00bb, pouvait-on lire dans le communiqu\u00e9.\u00a0<\/p>\n<p>Olivier Minne quitte \u00ab\u00a0Fort Boyard\u00a0\u00bb<\/p>\n<p>Depuis 2003, Olivier Minne accueillait les stars de l\u2019humour, de la chanson, et du sport, sur le c\u00e9l\u00e8bre Fort \u00ab\u00a0gard\u00e9\u00a0\u00bb par le P\u00e8re Fouras. En plus de pr\u00e9senter le jeu de France 2, l\u2019animateur belge se trouvait \u00e9galement aux commandes de <strong>\u00ab\u00a0Tout le monde \u00e0 son mot \u00e0 dire\u00a0\u00bb<\/strong>, aux c\u00f4t\u00e9s de Sidonie Bonnec.<\/p>\n<p>Reste \u00e0 savoir quelle \u00e9mission le pr\u00e9sentateur de 58 ans se verra confier lors de son arriv\u00e9e sur M6. Mais aujourd\u2019hui, une question se pose : qui pourrait lui succ\u00e9der \u00e0 la t\u00eate de<strong> \u00ab\u00a0Fort Boyard\u00a0\u00bb<\/strong> ? De nombreux noms circulent mais pour le moment, il s\u2019agit de simples sp\u00e9culations.<\/p>\n<p>Pour beaucoup, Cyril F\u00e9raud pourrait se voir confier ce r\u00f4le, alors que d\u2019autres pr\u00e9f\u00e9reraient un autre animateur. En tout cas, France T\u00e9l\u00e9visions aurait tent\u00e9 de r\u00e9cup\u00e9rer un animateur en vogue du c\u00f4t\u00e9 de RMC pour succ\u00e9der \u00e0 Olivier Minne.<\/p>\n<p>Vincent Lagaf&rsquo; approch\u00e9 pour le remplacer<\/p>\n<p>En effet, dans un entretien accord\u00e9 au Parisien ce jeudi 22 mai 2025, <a href=\"https:\/\/www.public.fr\/vincent-lagaf-reste-chez-rmc-lenorme-cheque-quil-a-refuse-de-la-part-de-tf1-pour-le-bigdil\" target=\"_blank\" rel=\"noopener\">Vincent Lagaf\u2019 a r\u00e9v\u00e9l\u00e9 avoir \u00e9t\u00e9 approch\u00e9<\/a> pour prendre les commandes de <strong>\u00ab\u00a0Fort Boyard\u00a0\u00bb<\/strong> pour la prochaine saison. <\/p>\n<p>Alors que nos confr\u00e8res demandaient \u00e0 l\u2019animateur du <strong>\u00ab\u00a0Bigdil\u00a0\u00bb<\/strong> s\u2019il \u00ab\u00a0savourait ce retour en gr\u00e2ce\u00a0\u00bb apr\u00e8s le succ\u00e8s du retour du <strong>\u00ab\u00a0Bigdil\u00a0\u00bb<\/strong>, que l\u2019animateur a fait cette r\u00e9v\u00e9lation.\u00a0<\/p>\n<p>\u00ab\u00a0Cela s\u2019appelle le showbiz. Mon t\u00e9l\u00e9phone ne sonnait plus pendant des ann\u00e9es et maintenant on m\u2019appelle dix fois par jour. <strong>On m\u2019a m\u00eame propos\u00e9 de remplacer\u00a0Olivier Minne\u00a0\u00e0 \u00ab\u00a0Fort Boyard\u00a0\u00bb (France 2)\u00a0\u00bb<\/strong>, a r\u00e9v\u00e9l\u00e9 Vincent Lagaf\u2019. N\u00e9anmoins, dans la foul\u00e9e, le pr\u00e9sentateur de 65 ans a indiqu\u00e9 avoir d\u00e9clin\u00e9 l\u2019offre : \u00ab\u00a0C\u2019est un des rares trucs qui m\u2019aurait amus\u00e9 mais sans regret\u00a0\u00bb.<\/p>\n<p>      Mentionn\u00e9s dans cet article<\/p>\n<p>\u00c0 lire aussi<\/p>\n","protected":false},"excerpt":{"rendered":"R\u00e9sum\u00e9 Olivier Minne quitte \u00ab\u00a0Fort Boyard\u00a0\u00bb pour M6, tandis que Vincent Lagaf&rsquo; a r\u00e9v\u00e9l\u00e9 avoir \u00e9t\u00e9 propos\u00e9 comme&hellip;\n","protected":false},"author":2,"featured_media":120353,"comment_status":"","ping_status":"","sticky":false,"template":"","format":"standard","meta":{"footnotes":""},"categories":[7],"tags":[15745,1011,27,24200,17033,43,40,41,39,42,44,24201],"class_list":{"0":"post-120352","1":"post","2":"type-post","3":"status-publish","4":"format-standard","5":"has-post-thumbnail","7":"category-sciences-et-technologies","8":"tag-fort-boyard","9":"tag-fr","10":"tag-france","11":"tag-le-bigdil","12":"tag-olivier-minne","13":"tag-science","14":"tag-science-and-technology","15":"tag-sciences","16":"tag-sciences-et-technologies","17":"tag-technologies","18":"tag-technology","19":"tag-vincent-lagaf"},"share_on_mastodon":{"url":"https:\/\/pubeurope.com\/@fr\/114553494470854005","error":""},"_links":{"self":[{"href":"https:\/\/www.europesays.com\/fr\/wp-json\/wp\/v2\/posts\/120352","targetHints":{"allow":["GET"]}}],"collection":[{"href":"https:\/\/www.europesays.com\/fr\/wp-json\/wp\/v2\/posts"}],"about":[{"href":"https:\/\/www.europesays.com\/fr\/wp-json\/wp\/v2\/types\/post"}],"author":[{"embeddable":true,"href":"https:\/\/www.europesays.com\/fr\/wp-json\/wp\/v2\/users\/2"}],"replies":[{"embeddable":true,"href":"https:\/\/www.europesays.com\/fr\/wp-json\/wp\/v2\/comments?post=120352"}],"version-history":[{"count":0,"href":"https:\/\/www.europesays.com\/fr\/wp-json\/wp\/v2\/posts\/120352\/revisions"}],"wp:featuredmedia":[{"embeddable":true,"href":"https:\/\/www.europesays.com\/fr\/wp-json\/wp\/v2\/media\/120353"}],"wp:attachment":[{"href":"https:\/\/www.europesays.com\/fr\/wp-json\/wp\/v2\/media?parent=120352"}],"wp:term":[{"taxonomy":"category","embeddable":true,"href":"https:\/\/www.europesays.com\/fr\/wp-json\/wp\/v2\/categories?post=120352"},{"taxonomy":"post_tag","embeddable":true,"href":"https:\/\/www.europesays.com\/fr\/wp-json\/wp\/v2\/tags?post=120352"}],"curies":[{"name":"wp","href":"https:\/\/api.w.org\/{rel}","templated":true}]}}