{"id":120371,"date":"2025-05-22T21:09:16","date_gmt":"2025-05-22T21:09:16","guid":{"rendered":"https:\/\/www.europesays.com\/fr\/120371\/"},"modified":"2025-05-22T21:09:16","modified_gmt":"2025-05-22T21:09:16","slug":"lecosysteme-medvallee-fait-sa-promotion-en-france-et-a-linternational","status":"publish","type":"post","link":"https:\/\/www.europesays.com\/fr\/120371\/","title":{"rendered":"l&rsquo;\u00e9cosyst\u00e8me MedVall\u00e9e fait sa promotion en France et \u00e0 l&rsquo;international"},"content":{"rendered":"<p>            Par<br \/>\n        <strong><br \/>\n            <a href=\"https:\/\/actu.fr\/auteur\/metropoop\" title=\"Consulter tous les articles de R\u00e9daction M\u00e9tropolitain\" rel=\"nofollow noopener\" target=\"_blank\">R\u00e9daction M\u00e9tropolitain<\/a><br \/>\n        <\/strong><\/p>\n<p>        Publi\u00e9 le<\/p>\n<p>            22 mai 2025 \u00e0 16h50        <\/p>\n<p><strong>L\u2019\u00e9cosyst\u00e8me MedVall\u00e9e<\/strong> r\u00e9unit tous les acteurs en <strong>sant\u00e9 globale<\/strong> pr\u00e9sents \u00e0 <strong>Montpellier<\/strong> autour d\u2019une m\u00eame dynamique. Une dynamique qui se poursuit avec <strong>diff\u00e9rents \u00e9v\u00e9nements<\/strong> permettant de faire conna\u00eetre et surtout faire rayonner MedVall\u00e9e en France et \u00e0 l\u2019international.<\/p>\n<p>Un \u00e9cosyst\u00e8me dynamique<\/p>\n<p class=\" wall-content\">Le d\u00e9but de l\u2019ann\u00e9e 2025 a \u00e9t\u00e9 marqu\u00e9 par une actualit\u00e9 riche au sein de la dynamique MedVall\u00e9e avec la 7e \u00e9dition du Hackathon Water4Future organis\u00e9e par <a href=\"https:\/\/actu.fr\/occitanie\/montpellier_34172\/montpellier-l-unesco-inaugure-son-centre-mondial-de-recherche-sur-l-eau_39179263.html\" rel=\"nofollow noopener\" target=\"_blank\">le Centre international UNESCO ICIREWARD de Montpellier<\/a> avec 450 jeunes participants issus de 16 pays, la pr\u00e9sentation <a href=\"https:\/\/actu.fr\/occitanie\/montpellier_34172\/montpellier-start-up-avec-boost-invest-la-metropole-distingue-ses-pepites_62204426.html\" rel=\"nofollow noopener\" target=\"_blank\">des premiers laur\u00e9ats du dispositif Boost Invest MedVall\u00e9e destin\u00e9 \u00e0 accompagner les souhaits de lev\u00e9es de fonds des entreprises<\/a> ou encore, justement, les annonces de nouvelles lev\u00e9es de fonds effectives et cons\u00e9quentes par des entreprises membres de MedVall\u00e9e et, enfin, <a href=\"https:\/\/actu.fr\/occitanie\/montpellier_34172\/montpellier-l-icm-devoile-son-futur-pole-d-innovation-en-cancerologie_62624256.html\" rel=\"nofollow noopener\" target=\"_blank\">le d\u00e9voilement r\u00e9cent du projet de Centre de Transfert et d\u2019Innovation en Oncologie (CTIO)<\/a> par l\u2019Institut du Cancer de Montpellier (ICM) et le consortium SIRIC Montpellier Cancer. Des exemples qui r\u00e9v\u00e8lent par ailleurs l\u2019impulsion que procure cet \u00e9cosyst\u00e8me aux acteurs en sant\u00e9 globale et qui t\u00e9moignent d\u2019une belle dynamique d\u2019innovation et de d\u00e9veloppement \u00e0 Montpellier.<\/p>\n<p>Deux salons \u00e0 Paris et un \u00e0 Boston<\/p>\n<p class=\" wall-content\">Mais MedVall\u00e9e rayonne \u00e9galement \u00e0 l\u2019international avec la pr\u00e9sence des \u00e9quipes montpelli\u00e9raines sur trois salons \u00e9conomiques d\u2019envergure. Le premier a d\u00e9but\u00e9 le 20 mai et se termine ce jeudi 22 mai \u00e0 la Porte de Versailles, \u00e0 Paris, pour le salon SantExpo. Un rendez-vous incontournable pour d\u00e9couvrir les technologies, services et solutions d\u2019innovation pour la sant\u00e9 auquel la R\u00e9gion Occitanie \/ Pyr\u00e9n\u00e9es-M\u00e9diterran\u00e9e, AD\u2019OCC et MedVall\u00e9e pour la troisi\u00e8me ann\u00e9e cons\u00e9cutive. Au coeur du pavillon r\u00e9gional, MedVall\u00e9e mettra notamment \u00e0 l\u2019honneur cinq entreprises accompagn\u00e9es par le BIC Montpellier : BeatHealth, La Picor\u00e9e, Cosy Trials, TachyCard et Thia Sant\u00e9 Mentale.<\/p>\n<p>    <a href=\"https:\/\/www.google.com\/maps\/embed?pb=!1m18!1m12!1m3!1d2626.4768496346474!2d2.287875775930317!3d48.830042402701835!2m3!1f0!2f0!3f0!3m2!1i1024!2i768!4f13.1!3m3!1m2!1s0x47e6707227dc3507%3A0xb95e16217b96a221!2sParis%20Expo%20Porte%20de%20Versailles!5e0!3m2!1sfr!2sfr!4v1747663501687!5m2!1sfr!2sfr\" title=\"Ouvrie le lien\" rel=\"nofollow noopener\" target=\"_blank\">Cliquez ici pour visualiser le contenu<\/a><\/p>\n<p class=\" wall-content\">Puis, du 11 au 14 juin, toujours \u00e0 la Porte de Versailles \u00e0 Paris, au tour du salon VivaTech, un des plus grands \u00e9v\u00e9nements europ\u00e9ens en mati\u00e8re de technologie et d\u2019innovation, lieu de rencontres pour les start-up, les investisseurs, les entreprises et les passionn\u00e9s de technologie. Pour cette \u00e9dition 2025, l\u2019\u00e9v\u00e9nement fait la part belle aux th\u00e9matiques de sant\u00e9, green tech, mobilit\u00e9s, intelligence artificielle, agro &amp; food\u2026 MedVall\u00e9e sera pr\u00e9sente pour une table-ronde autour des enjeux de l\u2019IA et des donn\u00e9es en sant\u00e9 globale (vendredi 11 juin \u00e0 12h) et une autre d\u00e9di\u00e9e \u00e0 l\u2019IA et l\u2019imagerie m\u00e9dicale (vendredi 13 juin \u00e0 11h).<\/p>\n<p>Vid\u00e9os : en ce moment sur Actu<\/p>\n<p class=\" wall-content\">Enfin, direction les \u00c9tats-Unis du 15 au 20 juin pour la BIO International Convention \u00e0 Boston, \u00e9v\u00e9nement incontournable dans le domaine des biotechnologies r\u00e9unissant plus de 20 000 participants venant de plus de 70 pays. Plus importante convention mondiale d\u2019affaires dans le domaine, elle r\u00e9unit les acteurs majeurs de l\u2019industrie biopharmaceutique et vise \u00e0 faciliter les \u00e9changes sur les tendances du march\u00e9 ainsi qu\u2019\u00e0 favoriser les partenariats commerciaux. La M\u00e9tropole de Montpellier sera visible tout au long du salon via un stand, de nombreux rendez-vous avec les entreprises de la sant\u00e9, des investisseurs et des acteurs institutionnels. MedVall\u00e9e sera quant \u00e0 elle mise en avant avec une pr\u00e9sentation des actions en cours et \u00e0 venir ou encore la pr\u00e9sence de plusieurs entreprises comme Cilcare, Mabqi, Phost\u2019In ou Nervosave.<\/p>\n<p class=\" wall-content\">Suivez toute l\u2019actualit\u00e9 de vos villes et m\u00e9dias favoris en vous inscrivant \u00e0 <a href=\"https:\/\/moncompte.actu.fr\" title=\"D\u00e9couvez Mon Actu\" rel=\"nofollow noopener\" data-trk=\"{&quot;cta&quot;:{&quot;action&quot;:&quot;https:\\\/\\\/moncompte.actu.fr&quot;,&quot;category&quot;:&quot;mon compte&quot;,&quot;from&quot;:&quot;article footer&quot;,&quot;name&quot;:&quot;Mon actu&quot;,&quot;type&quot;:&quot;cta&quot;}}\" target=\"_blank\">Mon Actu<\/a>.<\/p>\n","protected":false},"excerpt":{"rendered":"Par R\u00e9daction M\u00e9tropolitain Publi\u00e9 le 22 mai 2025 \u00e0 16h50 L\u2019\u00e9cosyst\u00e8me MedVall\u00e9e r\u00e9unit tous les acteurs en sant\u00e9&hellip;\n","protected":false},"author":2,"featured_media":120372,"comment_status":"","ping_status":"","sticky":false,"template":"","format":"standard","meta":{"footnotes":""},"categories":[9599],"tags":[1111,11,1777,674,1011,27,2208,12,2680,25,2631],"class_list":{"0":"post-120371","1":"post","2":"type-post","3":"status-publish","4":"format-standard","5":"has-post-thumbnail","7":"category-montpellier","8":"tag-actu","9":"tag-actualites","10":"tag-eu","11":"tag-europe","12":"tag-fr","13":"tag-france","14":"tag-montpellier","15":"tag-news","16":"tag-occitanie","17":"tag-republique-francaise","18":"tag-sciences-technologie"},"share_on_mastodon":{"url":"https:\/\/pubeurope.com\/@fr\/114553537384563303","error":""},"_links":{"self":[{"href":"https:\/\/www.europesays.com\/fr\/wp-json\/wp\/v2\/posts\/120371","targetHints":{"allow":["GET"]}}],"collection":[{"href":"https:\/\/www.europesays.com\/fr\/wp-json\/wp\/v2\/posts"}],"about":[{"href":"https:\/\/www.europesays.com\/fr\/wp-json\/wp\/v2\/types\/post"}],"author":[{"embeddable":true,"href":"https:\/\/www.europesays.com\/fr\/wp-json\/wp\/v2\/users\/2"}],"replies":[{"embeddable":true,"href":"https:\/\/www.europesays.com\/fr\/wp-json\/wp\/v2\/comments?post=120371"}],"version-history":[{"count":0,"href":"https:\/\/www.europesays.com\/fr\/wp-json\/wp\/v2\/posts\/120371\/revisions"}],"wp:featuredmedia":[{"embeddable":true,"href":"https:\/\/www.europesays.com\/fr\/wp-json\/wp\/v2\/media\/120372"}],"wp:attachment":[{"href":"https:\/\/www.europesays.com\/fr\/wp-json\/wp\/v2\/media?parent=120371"}],"wp:term":[{"taxonomy":"category","embeddable":true,"href":"https:\/\/www.europesays.com\/fr\/wp-json\/wp\/v2\/categories?post=120371"},{"taxonomy":"post_tag","embeddable":true,"href":"https:\/\/www.europesays.com\/fr\/wp-json\/wp\/v2\/tags?post=120371"}],"curies":[{"name":"wp","href":"https:\/\/api.w.org\/{rel}","templated":true}]}}