{"id":120379,"date":"2025-05-22T21:15:15","date_gmt":"2025-05-22T21:15:15","guid":{"rendered":"https:\/\/www.europesays.com\/fr\/120379\/"},"modified":"2025-05-22T21:15:15","modified_gmt":"2025-05-22T21:15:15","slug":"au-sud-de-rennes-le-foin-du-parc-servira-a-nourrir-le-betail-cet-hiver","status":"publish","type":"post","link":"https:\/\/www.europesays.com\/fr\/120379\/","title":{"rendered":"Au sud de Rennes, le foin du parc servira \u00e0 nourrir le b\u00e9tail cet hiver"},"content":{"rendered":"<p>Un ballet impressionnant de grosses machines agricoles a surpris les promeneurs du parc de la Morinais, mardi matin, \u00e0 <a href=\"https:\/\/rennes.maville.com\/bretagne\/ille-et-vilaine\/saint-jacques-de-la-lande\/\" rel=\"nofollow noopener\" target=\"_blank\">Saint-Jacques-de-la-Lande<\/a> (Ille-et-Vilaine). L\u2019ensileuse et une noria de camions de l\u2019entreprise Saffray, de Corps-Nuds, ont tourn\u00e9 sur les pelouses et autour des arbres \u00e0 grande vitesse, pour la tonte et la r\u00e9colte de l\u2019herbe et du foin. \u00a0L\u2019\u00e9norme ensileuse est \u00e0 la fois faucheuse, hacheuse et chargeuse. Trois remorques de grande capacit\u00e9 se sont relay\u00e9es pour transporter le broyat jusqu\u2019\u00e0 notre ferme de la Teillais, \u00e0 2\u00a0km environ. Au total, nous avons tondu \u00e0 ras 19 hectares. Nous effectuons cette op\u00e9ration en convention avec la ville de Saint-Jacques. Cet entretien que nous effectuons sur le parc nous permet aussi de r\u00e9cup\u00e9rer de l\u2019herbe et du foin\u00a0\u00bb, explique Damien Robert, fils de Bertrand, dernier fermier de la commune.<\/p>\n<p><strong>Une nourriture bio pour le b\u00e9tail<\/strong><\/p>\n<p><strong>\u00ab\u00a0L\u2019herbe et le foin broy\u00e9s seront conserv\u00e9s dans nos silos. Ce compl\u00e9ment enti\u00e8rement naturel correspond parfaitement \u00e0 nos exigences de nourriture, dans le cadre du label bio que nous avons obtenu\u00a0\u00bb<\/strong>, ajoute Damien Robert.<\/p>\n<p>Ce dernier partage son temps entre l\u2019entreprise Saffray et la ferme de son p\u00e8re. \u00a0Je travaille parfois le week-end dans les p\u00e9riodes charg\u00e9es pour nous. Pour r\u00e9aliser la tonte du parc, il fallait attendre une p\u00e9riode de temps sec assez longue pour une r\u00e9colte optimale.\u00a0<\/p>\n<p>Pour rappel, le parc de la Morinais est r\u00e9pertori\u00e9 zone humide \u00e0 pr\u00e9server par la commission europ\u00e9enne.<\/p>\n<p>\u00a0<\/p>\n","protected":false},"excerpt":{"rendered":"Un ballet impressionnant de grosses machines agricoles a surpris les promeneurs du parc de la Morinais, mardi matin,&hellip;\n","protected":false},"author":2,"featured_media":120380,"comment_status":"","ping_status":"","sticky":false,"template":"","format":"standard","meta":{"footnotes":""},"categories":[2821],"tags":[1111,11,24205,829,1777,674,24202,1011,27,6736,12,24204,153,3086,584,25,24203,7053],"class_list":{"0":"post-120379","1":"post","2":"type-post","3":"status-publish","4":"format-standard","5":"has-post-thumbnail","7":"category-rennes","8":"tag-actu","9":"tag-actualites","10":"tag-betail","11":"tag-bretagne","12":"tag-eu","13":"tag-europe","14":"tag-foin","15":"tag-fr","16":"tag-france","17":"tag-hiver","18":"tag-news","19":"tag-nourrir","20":"tag-parc","21":"tag-redon","22":"tag-rennes","23":"tag-republique-francaise","24":"tag-servira","25":"tag-sud"},"share_on_mastodon":{"url":"https:\/\/pubeurope.com\/@fr\/114553561016292630","error":""},"_links":{"self":[{"href":"https:\/\/www.europesays.com\/fr\/wp-json\/wp\/v2\/posts\/120379","targetHints":{"allow":["GET"]}}],"collection":[{"href":"https:\/\/www.europesays.com\/fr\/wp-json\/wp\/v2\/posts"}],"about":[{"href":"https:\/\/www.europesays.com\/fr\/wp-json\/wp\/v2\/types\/post"}],"author":[{"embeddable":true,"href":"https:\/\/www.europesays.com\/fr\/wp-json\/wp\/v2\/users\/2"}],"replies":[{"embeddable":true,"href":"https:\/\/www.europesays.com\/fr\/wp-json\/wp\/v2\/comments?post=120379"}],"version-history":[{"count":0,"href":"https:\/\/www.europesays.com\/fr\/wp-json\/wp\/v2\/posts\/120379\/revisions"}],"wp:featuredmedia":[{"embeddable":true,"href":"https:\/\/www.europesays.com\/fr\/wp-json\/wp\/v2\/media\/120380"}],"wp:attachment":[{"href":"https:\/\/www.europesays.com\/fr\/wp-json\/wp\/v2\/media?parent=120379"}],"wp:term":[{"taxonomy":"category","embeddable":true,"href":"https:\/\/www.europesays.com\/fr\/wp-json\/wp\/v2\/categories?post=120379"},{"taxonomy":"post_tag","embeddable":true,"href":"https:\/\/www.europesays.com\/fr\/wp-json\/wp\/v2\/tags?post=120379"}],"curies":[{"name":"wp","href":"https:\/\/api.w.org\/{rel}","templated":true}]}}