{"id":120383,"date":"2025-05-22T21:17:16","date_gmt":"2025-05-22T21:17:16","guid":{"rendered":"https:\/\/www.europesays.com\/fr\/120383\/"},"modified":"2025-05-22T21:17:16","modified_gmt":"2025-05-22T21:17:16","slug":"politique-strasbourg-va-etre-jumelee-avec-le-camp-daida-en-soutien-au-peuple-palestinien","status":"publish","type":"post","link":"https:\/\/www.europesays.com\/fr\/120383\/","title":{"rendered":"Politique. Strasbourg va \u00eatre jumel\u00e9e avec le camp d\u2019A\u00efda en \u00ab\u00a0soutien au peuple palestinien\u00a0\u00bb"},"content":{"rendered":"<p>La maire de Strasbourg <a href=\"http:\/\/www.dna.fr\/p\/jeanne-barseghian\" target=\"_blank\" rel=\"noopener\">Jeanne Barseghian<\/a> (Les Ecologistes) a annonc\u00e9 jeudi \u00e0 l\u2019AFP sa volont\u00e9 de nouer un jumelage avec le camp palestinien d\u2019A\u00efda, en \u00ab\u00a0soutien au peuple palestinien\u00a0\u00bb.<\/p>\n<p>\u00ab\u00a0C\u2019est un acte fort de soutien au peuple palestinien. C\u2019est vraiment un acte de solidarit\u00e9 internationale\u00a0\u00bb, a expliqu\u00e9 Jeanne Barseghian qui souhaite que cette d\u00e9cision de jumelage soit adopt\u00e9e lors du conseil municipal de juin.<\/p>\n<p>  Des jeunes invit\u00e9s \u00e0 Musica<\/p>\n<p>Strasbourg, \u00ab\u00a0c\u2019est aussi le symbole d\u2019une ville qui a \u00e9t\u00e9 d\u00e9chir\u00e9e, meurtrie, et qui a \u00e9t\u00e9 le lieu de la r\u00e9conciliation, puis de la paix. C\u2019est aussi ce message d\u2019espoir qu\u2019on envoie au peuple palestinien\u00a0\u00bb, selon l\u2019\u00e9dile.<\/p>\n<p>Des liens pr\u00e9existent entre Strasbourg et la ville de Bethl\u00e9em depuis 2000, ainsi qu\u2019avec le proche camp de r\u00e9fugi\u00e9s d\u2019A\u00efda. <a href=\"http:\/\/www.dna.fr\/culture-loisirs\/2023\/08\/27\/visa-pour-la-palestine-a-musica\" target=\"_blank\" rel=\"noopener\"> De jeunes musiciens et danseurs d\u2019A\u00efda avaient notamment \u00e9t\u00e9 invit\u00e9s en 2023 au festival Musica \u00e0 Strasbourg<\/a>.<\/p>\n<p>Une d\u00e9l\u00e9gation du camp palestinien se rend samedi dans la ville alsacienne.<\/p>\n<p>L\u2019adjointe \u00e0 la maire de Strasbourg V\u00e9ronique Bertholle devait, elle, se rendre il y a quelques semaines au camp d\u2019A\u00efda dans le cadre d\u2019une mission organis\u00e9e par l\u2019association Cit\u00e9s Unies France, mais Isra\u00ebl a r\u00e9voqu\u00e9 l\u2019autorisation de voyage donn\u00e9e \u00e0 cette d\u00e9l\u00e9gation, une d\u00e9cision d\u00e9nonc\u00e9e par le Quai d\u2019Orsay.<\/p>\n<p>\u00ab\u00a0\u00c7a a \u00e9t\u00e9 vraiment un choc, c\u2019est un acte grave d\u2019emp\u00eacher une mission diplomatique des autorit\u00e9s fran\u00e7aises sur le territoire isra\u00e9lien et palestinien\u00a0\u00bb, a d\u00e9plor\u00e9 Jeanne Barseghian, esp\u00e9rant que ce voyage puisse \u00eatre reprogramm\u00e9.<\/p>\n<p>  Jumelage gel\u00e9 avec Ramat Gan<\/p>\n<p>Strasbourg est par ailleurs <a href=\"http:\/\/www.dna.fr\/societe\/2023\/12\/10\/des-associations-demandent-la-suspension-du-jumelage-avec-une-ville-israelienne\" target=\"_blank\" rel=\"noopener\"> jumel\u00e9e depuis plus de 30 ans avec Ramat Gan<\/a> , en Isra\u00ebl, un partenariat contest\u00e9 par des militants pro palestiniens <a href=\"http:\/\/www.dna.fr\/politique\/2025\/05\/19\/conseil-municipal-la-seance-interrompue-par-des-manifestants-pro-palestiniens\" target=\"_blank\" rel=\"noopener\">qui ont manifest\u00e9 pendant le conseil municipal lundi<\/a>.<\/p>\n<p>\u00ab\u00a0Actuellement, ce jumelage est gel\u00e9, puisque je consid\u00e8re que les conditions ne sont pas r\u00e9unies pour qu\u2019on puisse l\u2019investir\u00a0\u00bb, a pr\u00e9cis\u00e9 Jeanne Barseghian, \u00ab\u00a0mais c\u2019est une porte qui existe et qui pourra se rouvrir\u00a0\u00bb.<\/p>\n<p>Un autre partenariat, celui de Sciences Po Strasbourg avec une universit\u00e9 isra\u00e9lienne, <a href=\"http:\/\/www.dna.fr\/education\/2025\/03\/10\/fin-du-blocage-a-sciences-po-apres-la-signature-d-un-accord\" target=\"_blank\" rel=\"noopener\"> a \u00e9t\u00e9 la cause de plusieurs blocages du b\u00e2timent universitaire par des \u00e9tudiants<\/a>.<\/p>\n<p>Depuis le 7\u00a0octobre, date des attaques sans pr\u00e9c\u00e9dent du Hamas contre Isra\u00ebl, des tags antis\u00e9mites ont \u00e9t\u00e9 retrouv\u00e9s dans la ville alsacienne, notamment sur le campus universitaire et pr\u00e8s d\u2019un lieu de m\u00e9moire de la Shoah.<\/p>\n<p>Mme Barseghian a \u00ab\u00a0condamn\u00e9 fermement\u00a0\u00bb la recrudescence d\u2019actes antis\u00e9mites et plus largement \u00ab\u00a0toute forme de violence\u00a0\u00bb.<\/p>\n","protected":false},"excerpt":{"rendered":"La maire de Strasbourg Jeanne Barseghian (Les Ecologistes) a annonc\u00e9 jeudi \u00e0 l\u2019AFP sa volont\u00e9 de nouer un&hellip;\n","protected":false},"author":2,"featured_media":120384,"comment_status":"","ping_status":"","sticky":false,"template":"","format":"standard","meta":{"footnotes":""},"categories":[2820],"tags":[1111,11,2389,1984,2880,1777,674,107,1011,27,775,3539,12,316,25,640,2879],"class_list":{"0":"post-120383","1":"post","2":"type-post","3":"status-publish","4":"format-standard","5":"has-post-thumbnail","7":"category-strasbourg","8":"tag-actu","9":"tag-actualites","10":"tag-alsace","11":"tag-conseil-municipal","12":"tag-edition-strasbourg","13":"tag-eu","14":"tag-europe","15":"tag-fil-info","16":"tag-fr","17":"tag-france","18":"tag-grand-est","19":"tag-les-ecologistes","20":"tag-news","21":"tag-politique","22":"tag-republique-francaise","23":"tag-strasbourg","24":"tag-strasbourg-ville"},"share_on_mastodon":{"url":"https:\/\/pubeurope.com\/@fr\/114553568918692304","error":""},"_links":{"self":[{"href":"https:\/\/www.europesays.com\/fr\/wp-json\/wp\/v2\/posts\/120383","targetHints":{"allow":["GET"]}}],"collection":[{"href":"https:\/\/www.europesays.com\/fr\/wp-json\/wp\/v2\/posts"}],"about":[{"href":"https:\/\/www.europesays.com\/fr\/wp-json\/wp\/v2\/types\/post"}],"author":[{"embeddable":true,"href":"https:\/\/www.europesays.com\/fr\/wp-json\/wp\/v2\/users\/2"}],"replies":[{"embeddable":true,"href":"https:\/\/www.europesays.com\/fr\/wp-json\/wp\/v2\/comments?post=120383"}],"version-history":[{"count":0,"href":"https:\/\/www.europesays.com\/fr\/wp-json\/wp\/v2\/posts\/120383\/revisions"}],"wp:featuredmedia":[{"embeddable":true,"href":"https:\/\/www.europesays.com\/fr\/wp-json\/wp\/v2\/media\/120384"}],"wp:attachment":[{"href":"https:\/\/www.europesays.com\/fr\/wp-json\/wp\/v2\/media?parent=120383"}],"wp:term":[{"taxonomy":"category","embeddable":true,"href":"https:\/\/www.europesays.com\/fr\/wp-json\/wp\/v2\/categories?post=120383"},{"taxonomy":"post_tag","embeddable":true,"href":"https:\/\/www.europesays.com\/fr\/wp-json\/wp\/v2\/tags?post=120383"}],"curies":[{"name":"wp","href":"https:\/\/api.w.org\/{rel}","templated":true}]}}