{"id":120405,"date":"2025-05-22T21:29:09","date_gmt":"2025-05-22T21:29:09","guid":{"rendered":"https:\/\/www.europesays.com\/fr\/120405\/"},"modified":"2025-05-22T21:29:09","modified_gmt":"2025-05-22T21:29:09","slug":"de-la-prison-avec-sursis-requise-contre-un-ancien-adjoint-ps","status":"publish","type":"post","link":"https:\/\/www.europesays.com\/fr\/120405\/","title":{"rendered":"de la prison avec sursis requise contre un ancien adjoint PS"},"content":{"rendered":"<p>Une peine de 24 mois de prison avec sursis probatoire a \u00e9t\u00e9 requise jeudi contre S\u00e9bastien Jibrayel, ancien adjoint PS au maire de Marseille, poursuivi pour des <a href=\"https:\/\/www.ledauphine.com\/faits-divers-justice\/2025\/03\/13\/un-adjoint-ps-au-maire-de-marseille-juge-pour-violence-contre-des-militants-lfi\" target=\"_blank\" rel=\"nofollow noopener\">violences contre deux militants LFI<\/a> venus coller des affiches dans les quartiers populaires du nord de la cit\u00e9 phoc\u00e9enne. Cette affaire avait conduit en mars le maire DVG <a href=\"https:\/\/www.ledauphine.com\/p\/benoit-payan\" target=\"_blank\" rel=\"nofollow noopener\">Beno\u00eet Payan<\/a> \u00e0 retirer \u00e0 S\u00e9bastien Jibrayel sa d\u00e9l\u00e9gation et l&rsquo;ensemble de ses responsabilit\u00e9s municipales.<\/p>\n<p>S\u00e9bastien Jibrayel, ancien adjoint aux Sports, son p\u00e8re Henri, ex-d\u00e9put\u00e9 PS, et deux autres hommes sont poursuivis devant le tribunal judiciaire de Marseille pour des faits de violence en r\u00e9union ayant entra\u00een\u00e9 une incapacit\u00e9 temporaire de travail n&rsquo;exc\u00e9dant pas 8 jours contre deux militants LFI le 18 janvier. \u00ab La d\u00e9mocratie \u00e9tait \u00e0 terre ce jour-l\u00e0 \u00bb, a d\u00e9plor\u00e9 la procureure qui a requis 24 mois de prison avec sursis probatoire contre S\u00e9bastien Jibrayel, et 18 mois de prison avec sursis probatoire contre Henri Jibrayel. Elle a \u00e9galement requis \u00e0 l&rsquo;encontre des deux hommes une privation des droits civiques de trois ans.\u00a0<\/p>\n<p>  \u00ab Un d\u00e9cha\u00eenement de violence inou\u00ef \u00bb<\/p>\n<p>Sur les images de vid\u00e9osurveillance, visionn\u00e9es durant l&rsquo;audience, on voit deux militants LFI en train de d\u00e9coller des affiches devant une \u00e9cole. Un attroupement se cr\u00e9e ensuite autour d&rsquo;eux, et un des militants LFI est rou\u00e9 de coups\u00a0: gifles, coups de poing et coups de pied.\u00a0S\u00e9bastien et Henri Jibrayel apparaissent sur les images, arrivant en voiture, se m\u00ealant \u00e0 l&rsquo;attroupement, avant de repartir. La procureure a par ailleurs requis deux ans de prison, dont un an avec sursis probatoire, contre Mohammed Aboud, qui a reconnu avoir port\u00e9 les coups et expliqu\u00e9 \u00e0 la barre avoir \u00ab perdu le contr\u00f4le \u00bb de lui-m\u00eame. Pour le quatri\u00e8me homme, Lyece Choulak, conseiller d&rsquo;arrondissement des XVe et XVIe arrondissements de Marseille, elle a requis 15 mois de prison avec sursis simple.<\/p>\n<p>Les images de vid\u00e9osurveillance montrent \u00ab un d\u00e9cha\u00eenement de violence inou\u00ef \u00bb, a estim\u00e9 Me Yones Taguelmint, avocat des militants LFI. On y voit \u00ab un seul individu actif, mais il y a un groupement qui se forme pour donner des instructions verbales et physiques pour que les violences continuent \u00bb, a analys\u00e9 Me Taguelmint.<\/p>\n<p>\u00ab A aucun moment mon client ne porte le moindre coup, \u00e0 aucun moment mon client n&rsquo;effleure les parties civiles \u00bb, a pour sa part insist\u00e9 l&rsquo;avocat de S\u00e9bastien Jibrayel, Me Benjamin Liautaud. Les faits se sont d\u00e9roul\u00e9s dans la circonscription du d\u00e9put\u00e9 Insoumis de Marseille, <a href=\"https:\/\/www.ledauphine.com\/p\/sebastien-delogu\" target=\"_blank\" rel=\"nofollow noopener\">S\u00e9bastien Delogu<\/a>, qui avait d\u00e9nonc\u00e9 en janvier des violences \u00ab intol\u00e9rables \u00bb. La d\u00e9lib\u00e9r\u00e9 sera rendu le 3 juillet.<\/p>\n","protected":false},"excerpt":{"rendered":"Une peine de 24 mois de prison avec sursis probatoire a \u00e9t\u00e9 requise jeudi contre S\u00e9bastien Jibrayel, ancien&hellip;\n","protected":false},"author":2,"featured_media":120406,"comment_status":"","ping_status":"","sticky":false,"template":"","format":"standard","meta":{"footnotes":""},"categories":[2814],"tags":[1111,11,1777,674,274,107,1011,27,329,884,12,316,882,25],"class_list":{"0":"post-120405","1":"post","2":"type-post","3":"status-publish","4":"format-standard","5":"has-post-thumbnail","7":"category-marseille","8":"tag-actu","9":"tag-actualites","10":"tag-eu","11":"tag-europe","12":"tag-faits-divers-justice","13":"tag-fil-info","14":"tag-fr","15":"tag-france","16":"tag-france-monde","17":"tag-marseille","18":"tag-news","19":"tag-politique","20":"tag-provence-alpes-cote-dazur","21":"tag-republique-francaise"},"share_on_mastodon":{"url":"https:\/\/pubeurope.com\/@fr\/114553616109431233","error":""},"_links":{"self":[{"href":"https:\/\/www.europesays.com\/fr\/wp-json\/wp\/v2\/posts\/120405","targetHints":{"allow":["GET"]}}],"collection":[{"href":"https:\/\/www.europesays.com\/fr\/wp-json\/wp\/v2\/posts"}],"about":[{"href":"https:\/\/www.europesays.com\/fr\/wp-json\/wp\/v2\/types\/post"}],"author":[{"embeddable":true,"href":"https:\/\/www.europesays.com\/fr\/wp-json\/wp\/v2\/users\/2"}],"replies":[{"embeddable":true,"href":"https:\/\/www.europesays.com\/fr\/wp-json\/wp\/v2\/comments?post=120405"}],"version-history":[{"count":0,"href":"https:\/\/www.europesays.com\/fr\/wp-json\/wp\/v2\/posts\/120405\/revisions"}],"wp:featuredmedia":[{"embeddable":true,"href":"https:\/\/www.europesays.com\/fr\/wp-json\/wp\/v2\/media\/120406"}],"wp:attachment":[{"href":"https:\/\/www.europesays.com\/fr\/wp-json\/wp\/v2\/media?parent=120405"}],"wp:term":[{"taxonomy":"category","embeddable":true,"href":"https:\/\/www.europesays.com\/fr\/wp-json\/wp\/v2\/categories?post=120405"},{"taxonomy":"post_tag","embeddable":true,"href":"https:\/\/www.europesays.com\/fr\/wp-json\/wp\/v2\/tags?post=120405"}],"curies":[{"name":"wp","href":"https:\/\/api.w.org\/{rel}","templated":true}]}}