{"id":120407,"date":"2025-05-22T21:30:08","date_gmt":"2025-05-22T21:30:08","guid":{"rendered":"https:\/\/www.europesays.com\/fr\/120407\/"},"modified":"2025-05-22T21:30:08","modified_gmt":"2025-05-22T21:30:08","slug":"vision-alarmiste-ou-accablante-marseille-au-coeur-du-rapport-sur-lentrisme-des-freres-musulmans","status":"publish","type":"post","link":"https:\/\/www.europesays.com\/fr\/120407\/","title":{"rendered":"Vision \u00ab\u00a0alarmiste\u00a0\u00bb ou \u00ab\u00a0accablante\u00a0\u00bb, Marseille au c\u0153ur du rapport sur l'\u00a0\u00bbentrisme\u00a0\u00bb des Fr\u00e8res musulmans"},"content":{"rendered":"<p>Devant le <a href=\"https:\/\/www.laprovence.com\/article\/societe\/1809236600537414\/le-departement-et-la-region-suspendent-les-aides-du-college-lycee-ibn-khaldoun-de-marseille\" target=\"_blank\" rel=\"nofollow noopener\">coll\u00e8ge-lyc\u00e9e Ibn-Khaldoun (15e)<\/a>, l\u2019atmosph\u00e8re semble sereine en ce jeudi 22\u00a0mai au matin. Les adolescents rient dans la cour de <strong>cet \u00e9tablissement priv\u00e9 musulman de 400\u00a0\u00e9l\u00e8ves<\/strong>. Une grande partie des filles passe la porte d\u2019entr\u00e9e la t\u00eate d\u00e9couverte. Difficile d\u2019imaginer que la structure est au c\u0153ur du <a href=\"https:\/\/www.laprovence.com\/article\/france-monde\/124969932289614\/rapport-sur-les-freres-musulmans-macron-reunit-un-conseil-de-defense\" target=\"_blank\" rel=\"nofollow noopener\">rapport \u00ab\u00a0choc\u00a0\u00bb mais aussi \u00ab\u00a0controvers\u00e9\u00a0\u00bb sur l'\u00a0\u00bbentrisme\u00a0\u00bb des Fr\u00e8res musulmans<\/a> dans la soci\u00e9t\u00e9 fran\u00e7aise.<\/p>\n<p>Command\u00e9 il y a un an par <strong>G\u00e9rald Darmanin<\/strong>, alors ministre de l\u2019Int\u00e9rieur, il faisait l\u2019objet d\u2019un <a href=\"https:\/\/www.laprovence.com\/article\/politique\/2007645724051514\/quest-ce-que-le-conseil-de-defense-reuni-ce-mercredi-autour-demmanuel-macron\" target=\"_blank\" rel=\"nofollow noopener\">conseil de d\u00e9fense<\/a> national (CDSN) mercredi. La veille, sa version abr\u00e9g\u00e9e avait opportun\u00e9ment fuit\u00e9 dans Le Figaro, permettant \u00e0 <a href=\"https:\/\/www.laprovence.com\/article\/france-monde\/14311235494056\/rapport-sur-les-freres-musulmans-les-propositions-de-linterieur-ont-ete-travaillees-avec-lelysee-selon-lentourage-de-m-retailleau\" target=\"_blank\" rel=\"nofollow noopener\">Bruno Retailleau d\u2019en faire un axe de communication<\/a> et de d\u00e9noncer dans la foul\u00e9e \u00ab\u00a0les Fr\u00e8res musulmans voulant imposer la charia en France\u00a0\u00bb. Les conclusions du rapport &#8211; du moins dans sa version de 76\u00a0pages que nous avons pu consulter &#8211; s\u2019av\u00e8rent cependant moins alarmistes que la mise en sc\u00e8ne orchestr\u00e9e par le ministre de l\u2019Int\u00e9rieur\u00a0et <a href=\"https:\/\/www.laprovence.com\/article\/politique\/93843871960724\/presidence-des-republicains-bruno-retailleau-elu-a-la-tete-du-parti\" target=\"_blank\" rel=\"nofollow noopener\">nouveau pr\u00e9sident des R\u00e9publicains<\/a>.<\/p>\n","protected":false},"excerpt":{"rendered":"Devant le coll\u00e8ge-lyc\u00e9e Ibn-Khaldoun (15e), l\u2019atmosph\u00e8re semble sereine en ce jeudi 22\u00a0mai au matin. Les adolescents rient dans&hellip;\n","protected":false},"author":2,"featured_media":120408,"comment_status":"","ping_status":"","sticky":false,"template":"","format":"standard","meta":{"footnotes":""},"categories":[2814],"tags":[17,24210,1111,11,24209,6521,1777,674,1011,27,884,12,882,5747,16,25,3356,24208],"class_list":{"0":"post-120407","1":"post","2":"type-post","3":"status-publish","4":"format-standard","5":"has-post-thumbnail","7":"category-marseille","8":"tag-17","9":"tag-accablante","10":"tag-actu","11":"tag-actualites","12":"tag-alarmiste","13":"tag-coeur","14":"tag-eu","15":"tag-europe","16":"tag-fr","17":"tag-france","18":"tag-marseille","19":"tag-news","20":"tag-provence-alpes-cote-dazur","21":"tag-rapport","22":"tag-region","23":"tag-republique-francaise","24":"tag-sur","25":"tag-vision"},"share_on_mastodon":{"url":"https:\/\/pubeurope.com\/@fr\/114553619966450956","error":""},"_links":{"self":[{"href":"https:\/\/www.europesays.com\/fr\/wp-json\/wp\/v2\/posts\/120407","targetHints":{"allow":["GET"]}}],"collection":[{"href":"https:\/\/www.europesays.com\/fr\/wp-json\/wp\/v2\/posts"}],"about":[{"href":"https:\/\/www.europesays.com\/fr\/wp-json\/wp\/v2\/types\/post"}],"author":[{"embeddable":true,"href":"https:\/\/www.europesays.com\/fr\/wp-json\/wp\/v2\/users\/2"}],"replies":[{"embeddable":true,"href":"https:\/\/www.europesays.com\/fr\/wp-json\/wp\/v2\/comments?post=120407"}],"version-history":[{"count":0,"href":"https:\/\/www.europesays.com\/fr\/wp-json\/wp\/v2\/posts\/120407\/revisions"}],"wp:featuredmedia":[{"embeddable":true,"href":"https:\/\/www.europesays.com\/fr\/wp-json\/wp\/v2\/media\/120408"}],"wp:attachment":[{"href":"https:\/\/www.europesays.com\/fr\/wp-json\/wp\/v2\/media?parent=120407"}],"wp:term":[{"taxonomy":"category","embeddable":true,"href":"https:\/\/www.europesays.com\/fr\/wp-json\/wp\/v2\/categories?post=120407"},{"taxonomy":"post_tag","embeddable":true,"href":"https:\/\/www.europesays.com\/fr\/wp-json\/wp\/v2\/tags?post=120407"}],"curies":[{"name":"wp","href":"https:\/\/api.w.org\/{rel}","templated":true}]}}