{"id":120411,"date":"2025-05-22T21:32:16","date_gmt":"2025-05-22T21:32:16","guid":{"rendered":"https:\/\/www.europesays.com\/fr\/120411\/"},"modified":"2025-05-22T21:32:16","modified_gmt":"2025-05-22T21:32:16","slug":"lyon-la-prefecture-interdit-encore-le-carnaval-des-pentes","status":"publish","type":"post","link":"https:\/\/www.europesays.com\/fr\/120411\/","title":{"rendered":"Lyon. La pr\u00e9fecture interdit encore le \u00ab\u00a0Carnaval des Pentes\u00a0\u00bb"},"content":{"rendered":"<p>Le \u00ab\u00a0Carnaval des Pentes 2\u00a0025\u00a0\u00bb, pr\u00e9vu vendredi 23\u00a0mai \u00e0 Lyon, a \u00e9t\u00e9 interdit par arr\u00eat\u00e9 pr\u00e9fectoral ce jeudi, en raison d\u2019un risque de trouble \u00e0 l\u2019ordre public.<\/p>\n<p>Ce rassemblement, relay\u00e9 sur les r\u00e9seaux sociaux par plusieurs organisations d\u2019extr\u00eame gauche et antifasciste sur le th\u00e8me de la lutte contre l\u2019extr\u00eame-droite, mais pas d\u00e9clar\u00e9 en pr\u00e9fecture, \u00e9tait pr\u00e9vu au Gros Caillou, \u00e0 Lyon (4e). Les d\u00e9gradations et les affrontements avec les forces de l\u2019ordre qui ont accompagn\u00e9 les pr\u00e9c\u00e9dentes \u00e9ditions de cette manifestation, en\u00a02023 et\u00a02024, motivent l\u2019interdiction.<\/p>\n<p>Le 26\u00a0mai\u00a02023, des black blocs se sont form\u00e9s sur les pentes et au cours de la soir\u00e9e, <a href=\"https:\/\/www.leprogres.fr\/social\/2023\/05\/26\/carnaval-populaire-contre-la-politique-du-gouvernement-a-lyon-suivez-la-soiree-de-manifestation-en-direct#cd4b84ea-e6ca-4946-88ad-fc3583e7bc90\" target=\"_blank\" rel=\"nofollow noopener\">la mairie du 1er et le poste de police<\/a> de l\u2019arrondissement ont \u00e9t\u00e9 attaqu\u00e9s, un magasin Franprix a \u00e9t\u00e9 vandalis\u00e9 et pill\u00e9 et du mobilier urbain d\u00e9grad\u00e9 ou incendi\u00e9. L\u2019ann\u00e9e suivante, le 24\u00a0mai\u00a02024, <a href=\"https:\/\/www.leprogres.fr\/societe\/2024\/05\/24\/interdit-par-la-prefecture-le-carnaval-des-pentes-disperse-par-les-forces-de-l-ordre\" target=\"_blank\" rel=\"nofollow noopener\"> la seconde \u00e9dition du \u00ab\u00a0Carnaval des Pentes\u00a0\u00bb<\/a> a donn\u00e9 lieu \u00e0 des d\u00e9ambulations au cours desquelles des poubelles ont \u00e9t\u00e9 br\u00fbl\u00e9es, avec des tirs de mortiers et des jets de projectiles sur les forces de l\u2019ordre.<\/p>\n<p>Vendredi soir, les effectifs de la DIPN recevront le renfort de deux unit\u00e9s de CRS, dont la CRS 83, pour faire respecter l\u2019arr\u00eat\u00e9 d\u2019interdiction.<\/p>\n","protected":false},"excerpt":{"rendered":"Le \u00ab\u00a0Carnaval des Pentes 2\u00a0025\u00a0\u00bb, pr\u00e9vu vendredi 23\u00a0mai \u00e0 Lyon, a \u00e9t\u00e9 interdit par arr\u00eat\u00e9 pr\u00e9fectoral ce jeudi,&hellip;\n","protected":false},"author":2,"featured_media":120412,"comment_status":"","ping_status":"","sticky":false,"template":"","format":"standard","meta":{"footnotes":""},"categories":[1889],"tags":[1111,11,2430,2757,1777,674,274,1011,27,2428,2756,12,25,2429],"class_list":{"0":"post-120411","1":"post","2":"type-post","3":"status-publish","4":"format-standard","5":"has-post-thumbnail","7":"category-lyon","8":"tag-actu","9":"tag-actualites","10":"tag-auvergne-rhone-alpes","11":"tag-edition-lyon-villeurbanne","12":"tag-eu","13":"tag-europe","14":"tag-faits-divers-justice","15":"tag-fr","16":"tag-france","17":"tag-lyon","18":"tag-lyon-bassin","19":"tag-news","20":"tag-republique-francaise","21":"tag-rhone"},"share_on_mastodon":{"url":"https:\/\/pubeurope.com\/@fr\/114553627799713387","error":""},"_links":{"self":[{"href":"https:\/\/www.europesays.com\/fr\/wp-json\/wp\/v2\/posts\/120411","targetHints":{"allow":["GET"]}}],"collection":[{"href":"https:\/\/www.europesays.com\/fr\/wp-json\/wp\/v2\/posts"}],"about":[{"href":"https:\/\/www.europesays.com\/fr\/wp-json\/wp\/v2\/types\/post"}],"author":[{"embeddable":true,"href":"https:\/\/www.europesays.com\/fr\/wp-json\/wp\/v2\/users\/2"}],"replies":[{"embeddable":true,"href":"https:\/\/www.europesays.com\/fr\/wp-json\/wp\/v2\/comments?post=120411"}],"version-history":[{"count":0,"href":"https:\/\/www.europesays.com\/fr\/wp-json\/wp\/v2\/posts\/120411\/revisions"}],"wp:featuredmedia":[{"embeddable":true,"href":"https:\/\/www.europesays.com\/fr\/wp-json\/wp\/v2\/media\/120412"}],"wp:attachment":[{"href":"https:\/\/www.europesays.com\/fr\/wp-json\/wp\/v2\/media?parent=120411"}],"wp:term":[{"taxonomy":"category","embeddable":true,"href":"https:\/\/www.europesays.com\/fr\/wp-json\/wp\/v2\/categories?post=120411"},{"taxonomy":"post_tag","embeddable":true,"href":"https:\/\/www.europesays.com\/fr\/wp-json\/wp\/v2\/tags?post=120411"}],"curies":[{"name":"wp","href":"https:\/\/api.w.org\/{rel}","templated":true}]}}