{"id":120415,"date":"2025-05-22T21:35:09","date_gmt":"2025-05-22T21:35:09","guid":{"rendered":"https:\/\/www.europesays.com\/fr\/120415\/"},"modified":"2025-05-22T21:35:09","modified_gmt":"2025-05-22T21:35:09","slug":"netanyahou-accuse-paris-londres-et-ottawa-dencourager-les-meurtriers-de-masse-du-hamas","status":"publish","type":"post","link":"https:\/\/www.europesays.com\/fr\/120415\/","title":{"rendered":"Netanyahou accuse Paris, Londres et Ottawa d&rsquo;encourager les \u00ab\u00a0meurtriers de masse\u00a0\u00bb du Hamas"},"content":{"rendered":"<p>Dans une vid\u00e9o, le Premier ministre isra\u00e9lien accuse les dirigeants fran\u00e7ais, britannique et canadien de vouloir \u00ab\u00a0que le Hamas reste au pouvoir\u00a0\u00bb \u00e0 Gaza.Il r\u00e9agit \u00e0 une d\u00e9claration commune dans laquelle Emmanuel Macron, Keir Starmer et Mark Carney ont d\u00e9nonc\u00e9 les \u00ab\u00a0actions scandaleuses\u00a0\u00bb d&rsquo;Isra\u00ebl \u00e0 Gaza.Ces derniers se disaient \u00ab\u00a0d\u00e9termin\u00e9s \u00e0 reconnaitre un \u00c9tat palestinien\u00a0\u00bb.<\/p>\n<p data-module=\"article-paragraph\" class=\"jsx-362436225 Paragraph Paragraph__End\">\u00ab\u00a0Ces trois dirigeants ont dit, en r\u00e9alit\u00e9, qu&rsquo;ils voulaient que le Hamas reste au pouvoir.\u00a0\u00bb Dans une vid\u00e9o en anglais publi\u00e9e ce jeudi soir, le Premier ministre isra\u00e9lien Benyamin Netanyahou a r\u00e9agi \u00e0 la <a href=\"https:\/\/www.tf1info.fr\/international\/israel-emmanuel-macron-keir-starmer-et-mark-carney-determines-a-reconnaitre-un-etat-palestinien-2371831.html\" target=\"_blank\" rel=\"noopener\">d\u00e9claration commune publi\u00e9e lundi<\/a> par le pr\u00e9sident fran\u00e7ais Emmanuel Macron, le Premier ministre britannique Keir Starmer et son homologue canadien Mark Carney, dans laquelle ces derniers critiquaient <a href=\"https:\/\/www.tf1info.fr\/international\/israel-hamas-benyamin-netanyahou-se-dit-pret-a-un-cessez-le-feu-temporaire-a-gaza-pour-liberer-les-otages-2372271.html\" target=\"_blank\" rel=\"noopener\">l&rsquo;offensive isra\u00e9lienne \u00e0 Gaza<\/a>.<\/p>\n<p data-module=\"article-paragraph\" class=\"jsx-362436225 Paragraph Paragraph__End\">Une d\u00e9claration tr\u00e8s mal re\u00e7ue par le chef du gouvernement isra\u00e9lien, selon qui les trois hommes \u00ab\u00a0veulent qu&rsquo;Isra\u00ebl baisse les bras et accepte que l&rsquo;arm\u00e9e de meurtriers de masse du Hamas survive, se r\u00e9organise et recommence encore et encore le massacre du 7-Octobre\u00a0\u00bb. Ils \u00ab\u00a0pensent peut-\u00eatre qu&rsquo;ils font avancer la paix. Mais non. Ils sont en train d&rsquo;encourager le Hamas \u00e0 continuer de se battre pour toujours\u00a0\u00bb, a martel\u00e9 Netanyahou.<\/p>\n<p>\u00ab\u00a0D\u00e9termin\u00e9s \u00e0 reconnaitre un \u00c9tat palestinien\u00a0\u00bb<\/p>\n<p data-module=\"article-paragraph\" class=\"jsx-362436225 Paragraph Paragraph__End\">\u00ab\u00a0Nous nous opposons fermement \u00e0 l&rsquo;extension des op\u00e9rations militaires isra\u00e9liennes \u00e0 Gaza\u00a0\u00bb, d\u00e9claraient Emmanuel Macron, Keir Starmer et Mark Carney, ce lundi, dans un texte commun. Tout en reconnaissant le droit d&rsquo;Isra\u00ebl \u00e0 se \u00ab\u00a0d\u00e9fendre\u00a0\u00bb contre \u00ab\u00a0le terrorisme\u00a0\u00bb et en demandant au Hamas de lib\u00e9rer \u00ab\u00a0imm\u00e9diatement les otages\u00a0\u00bb, les trois dirigeants estimaient que le \u00ab\u00a0niveau de souffrance humaine\u00a0\u00bb dans la bande de Gaza \u00e9tait \u00ab\u00a0intol\u00e9rable\u00a0\u00bb et les actions du gouvernement isra\u00e9lien \u00ab\u00a0scandaleuses\u00a0\u00bb.<\/p>\n<p data-module=\"article-paragraph\" class=\"jsx-362436225 Paragraph Paragraph__End\">\u00ab\u00a0Si Isra\u00ebl ne met pas fin \u00e0 la nouvelle offensive militaire et ne l\u00e8ve pas ses restrictions sur l&rsquo;aide humanitaire, nous prendrons d&rsquo;autres mesures concr\u00e8tes en r\u00e9ponse\u00a0\u00bb, ajoutaient-ils, affirmant \u00eatre \u00ab\u00a0d\u00e9termin\u00e9s \u00e0 reconna\u00eetre un \u00c9tat palestinien\u00a0\u00bb. Des propos pour lesquels Benyamin Netanyahou leur a reproch\u00e9 ce jeudi de donner \u00ab\u00a0l&rsquo;espoir d&rsquo;\u00e9tablir un deuxi\u00e8me \u00c9tat palestinien \u00e0 partir duquel le Hamas cherchera une nouvelle fois \u00e0 d\u00e9truire l&rsquo;\u00c9tat juif.\u00a0\u00bb<\/p>\n<p>IM avec AFP<\/p>\n","protected":false},"excerpt":{"rendered":"Dans une vid\u00e9o, le Premier ministre isra\u00e9lien accuse les dirigeants fran\u00e7ais, britannique et canadien de vouloir \u00ab\u00a0que le&hellip;\n","protected":false},"author":2,"featured_media":4861,"comment_status":"","ping_status":"","sticky":false,"template":"","format":"standard","meta":{"footnotes":""},"categories":[1888],"tags":[1111,1928,11,1927,1921,4628,952,1073,1777,674,1011,27,3519,1922,24211,2581,15904,12,1926,626,1925,25,133,1920],"class_list":{"0":"post-120415","1":"post","2":"type-post","3":"status-publish","4":"format-standard","5":"has-post-thumbnail","7":"category-paris","8":"tag-actu","9":"tag-actu-paris","10":"tag-actualites","11":"tag-actualites-paris","12":"tag-article-video","13":"tag-bande-de-gaza","14":"tag-benyamin-netanyahou","15":"tag-emmanuel-macron","16":"tag-eu","17":"tag-europe","18":"tag-fr","19":"tag-france","20":"tag-hamas","21":"tag-info","22":"tag-israel-veut-prendre-le-controle-de-gaza","23":"tag-keir-starmer","24":"tag-mark-carney","25":"tag-news","26":"tag-news-paris","27":"tag-paris","28":"tag-paris-news","29":"tag-republique-francaise","30":"tag-video","31":"tag-video-international"},"share_on_mastodon":{"url":"https:\/\/pubeurope.com\/@fr\/114553639767035368","error":""},"_links":{"self":[{"href":"https:\/\/www.europesays.com\/fr\/wp-json\/wp\/v2\/posts\/120415","targetHints":{"allow":["GET"]}}],"collection":[{"href":"https:\/\/www.europesays.com\/fr\/wp-json\/wp\/v2\/posts"}],"about":[{"href":"https:\/\/www.europesays.com\/fr\/wp-json\/wp\/v2\/types\/post"}],"author":[{"embeddable":true,"href":"https:\/\/www.europesays.com\/fr\/wp-json\/wp\/v2\/users\/2"}],"replies":[{"embeddable":true,"href":"https:\/\/www.europesays.com\/fr\/wp-json\/wp\/v2\/comments?post=120415"}],"version-history":[{"count":0,"href":"https:\/\/www.europesays.com\/fr\/wp-json\/wp\/v2\/posts\/120415\/revisions"}],"wp:featuredmedia":[{"embeddable":true,"href":"https:\/\/www.europesays.com\/fr\/wp-json\/wp\/v2\/media\/4861"}],"wp:attachment":[{"href":"https:\/\/www.europesays.com\/fr\/wp-json\/wp\/v2\/media?parent=120415"}],"wp:term":[{"taxonomy":"category","embeddable":true,"href":"https:\/\/www.europesays.com\/fr\/wp-json\/wp\/v2\/categories?post=120415"},{"taxonomy":"post_tag","embeddable":true,"href":"https:\/\/www.europesays.com\/fr\/wp-json\/wp\/v2\/tags?post=120415"}],"curies":[{"name":"wp","href":"https:\/\/api.w.org\/{rel}","templated":true}]}}