{"id":120418,"date":"2025-05-22T21:37:08","date_gmt":"2025-05-22T21:37:08","guid":{"rendered":"https:\/\/www.europesays.com\/fr\/120418\/"},"modified":"2025-05-22T21:37:08","modified_gmt":"2025-05-22T21:37:08","slug":"a-paris-lexpulsion-de-lami-squatteur-vire-au-cauchemar","status":"publish","type":"post","link":"https:\/\/www.europesays.com\/fr\/120418\/","title":{"rendered":"\u00e0 Paris, l&rsquo;expulsion de l&rsquo;ami squatteur vire au cauchemar"},"content":{"rendered":"<p>            Par<br \/>\n        <strong><br \/>\n            <a href=\"https:\/\/actu.fr\/auteur\/antoine-blanchet\" title=\"Consulter tous les articles de Antoine Blanchet\" target=\"_blank\" rel=\"noopener\">Antoine Blanchet<\/a><br \/>\n        <\/strong><\/p>\n<p>        Publi\u00e9 le<\/p>\n<p>            22 mai 2025 \u00e0 19h22        <\/p>\n<p>Un sc\u00e9nario rocambolesque mont\u00e9 pour ponctionner une jeune victime vuln\u00e9rable. Ce jeudi 22\u00a0mai 2025, c\u2019est une \u00e9tonnante affaire qui tombe entre les mains de la 23e chambre du tribunal correctionnel de <a href=\"https:\/\/actu.fr\/paris\/\" target=\"_blank\" rel=\"noopener\">Paris<\/a>. Deux hommes, <strong>Babacar F. et Fousseinou C.<\/strong> comparaissent pour extorsion et s\u00e9questration. La victime\u2009: un jeune homme de 19\u00a0ans \u00e0 qui les pr\u00e9venus ont fait croire \u00e0 <a href=\"https:\/\/actu.fr\/tag\/drogue\" target=\"_blank\" rel=\"noopener\">une obscure histoire de drogue<\/a> et de mafia pour lui soutirer de l\u2019argent. Le mobile\u2009: une potentielle vengeance d\u2019un copain de la victime qui squattait son appartement. Ce dernier n\u2019\u00e9tait pas poursuivi, malgr\u00e9 une implication d\u00e9nonc\u00e9e par la d\u00e9fense.<\/p>\n<p>Amiti\u00e9, squat et altercation<\/p>\n<p class=\" wall-content\">Tout commence par une rupture. Celle d\u2019une amiti\u00e9 \u00e0 sens unique entre Guillaume* et Samy*. Le premier est un petit h\u00e9ritier \u00e0 peine sorti de l\u2019adolescence. Il poss\u00e8de des logements apr\u00e8s des d\u00e9c\u00e8s tragiques dans sa famille. Le second <strong>est un jeune oiseau de nuit<\/strong>, d\u00e9tenteur d\u2019une petite notori\u00e9t\u00e9 dans le monde du skate-board.<\/p>\n<p class=\" wall-content\">Un peu na\u00eff, Guillaume s\u2019entiche de Samy et lui propose de vivre dans un studio \u00e0 lui. Pas de bail. Pas de loyer. Juste de l\u2019amiti\u00e9. Pendant 18 mois, le f\u00eatard profite de cette largesse immobili\u00e8re. Malheureusement pour lui, tout a une fin. En novembre 2024, Guillaume chasse Samy. L\u2019expulsion tourne \u00e0 l\u2019altercation. En partant, Samy<strong> aurait menac\u00e9 de vengeance son logeur<\/strong>. Des propos qu\u2019il conteste.<\/p>\n<p>\u00ab\u2009Je suis calibr\u00e9. Je rigole pas\u2009\u00bb<\/p>\n<p class=\" wall-content\">Deux jours apr\u00e8s cette expulsion d\u00e9licate, la vie de Guillaume bascule dans le mauvais polar. Un certain \u00ab\u2009Bab\u2019s\u2009\u00bb le contacte. Au t\u00e9l\u00e9phone, la voix grave lui explique que Samy <strong>jouait les nourrices<\/strong> et <a href=\"https:\/\/actu.fr\/tag\/cocaine\" target=\"_blank\" rel=\"noopener\">gardait de la coca\u00efne<\/a> dans le studio squatt\u00e9. La quantit\u00e9\u2009: 800\u00a0g. La valeur\u2009: <strong>24\u2009000\u00a0euros<\/strong>. Les propri\u00e9taires de la poudre blanche, peu recommandables, veulent remettre la main sur la marchandise.<\/p>\n<p class=\" wall-content\">Terrifi\u00e9, Guillaume accepte sans broncher. Deux jours plus tard, deux armoires \u00e0 glace se pr\u00e9sentent au studio. Le premier, \u00ab\u2009Bab\u2019s\u2009\u00bb (Babacar F.), demande la drogue ou son \u00e9quivalent en liquide. Le second, \u00ab\u2009Igo\u2009\u00bb (Fousseinou C.) n\u2019est pas plus sympathique. Il porte un pistolet \u00e0 la ceinture. \u00ab\u2009Regarde-moi, je suis calibr\u00e9. Je rigole pas\u2009\u00bb, clame l\u2019individu en brandissant son arme, sans braquer la victime, venue avec un ami.<\/p>\n<p>Des menaces de plus en plus inqui\u00e9tantes<\/p>\n<p class=\" wall-content\">Dans une ambiance tendue, les quatre hommes se mettent \u00e0 la recherche de la poudre blanche. Chou blanc. Le temps passe et l\u2019angoisse monte. Terroris\u00e9, le propri\u00e9taire propose aux deux hommes de se rendre chez lui dans les <a href=\"https:\/\/actu.fr\/ile-de-france\/hauts-de-seine_92\" target=\"_blank\" rel=\"noopener\">Hauts-de-Seine<\/a>. Alors que l\u2019inqui\u00e9tant duo l\u2019am\u00e8ne puis l\u2019attend dans la voiture, Guillaume revient avec 1\u2009300 euros.<\/p>\n<p class=\" wall-content\">L\u2019affaire pourrait s\u2019arr\u00eater l\u00e0, mais prend de nouvelles proportions. \u00ab\u2009Bab\u2019s\u2009\u00bb recontacte tr\u00e8s vite le jeune homme et lui tient des propos gla\u00e7ants. Les propri\u00e9taires de la drogue d\u00e9pendraient <strong>de la terrible Mocro-Maffia<\/strong>. Cette <a href=\"https:\/\/actu.fr\/ile-de-france\/paris_75056\/paris-un-membre-haut-place-de-la-sanglante-mocro-maffia-interpelle-a-la-sortie-d-un-restaurant_61708544.html\" target=\"_blank\" rel=\"noopener\">organisation hollandaise<\/a> de trafic de stup\u00e9fiants est connue pour sa sauvagerie. Si Guillaume ne trouve pas 12\u2009000 euros avant minuit, lui et sa famille vont mourir dans d\u2019atroces souffrances.<\/p>\n<p>Une plainte d\u00e9pos\u00e9e en novembre<\/p>\n<p class=\" wall-content\">Ravag\u00e9e par la terreur, la victime fait le tour de sa famille et parvient \u00e0 obtenir 3\u2009000\u00a0euros. Il les remet \u00e0 Babacar F.. Il d\u00e9cide toutefois de se rendre \u00e0 la police o\u00f9 il raconte ces derniers jours cauchemardesques. Malgr\u00e9 son d\u00e9p\u00f4t de plainte, les messages mena\u00e7ants continuent. \u00ab\u2009T\u2019inqui\u00e8tes pas, on est \u00e0 votre recherche\u2009\u00bb, lui lance un num\u00e9ro inconnu.<\/p>\n<p class=\" wall-content\">Les policiers enqu\u00eatent et parviennent \u00e0 identifier \u00ab\u2009Bab\u2019s\u2009\u00bb et \u00ab\u2009Igo\u2009\u00bb via des<strong> traces ADN dans le studio<\/strong> et le bornage des t\u00e9l\u00e9phones. Le 18\u00a0mars 2025, les deux hommes sont interpell\u00e9s. L\u2019ancien locataire ind\u00e9sirable est aussi plac\u00e9 en garde \u00e0 vue. Ce dernier d\u00e9ment toute vengeance et tout r\u00f4le dans cette obscure affaire. Il ressort libre sans poursuites.<\/p>\n<p>Un canular mont\u00e9 de toutes pi\u00e8ces<\/p>\n<p class=\" wall-content\">Ce jeudi, les deux armoires \u00e0 glace se l\u00e8vent dans la cage de verre. Babacar F. explique que toute cette histoire, c\u2019\u00e9tait du bidon. \u00ab\u2009Je travaillais dans un studio de musique et Samy venait parfois l\u00e0-bas. Un jour, il est venu nous dire qu\u2019il s\u2019\u00e9tait fait virer par son logeur. Il m\u2019a dit qu\u2019il avait laiss\u00e9 un sac avec de la drogue. Il m\u2019a demand\u00e9 de le r\u00e9cup\u00e9rer contre r\u00e9mun\u00e9ration\u2009\u00bb, r\u00e9v\u00e8le le pr\u00e9venu dans sa veste beige. L\u2019id\u00e9e de continuer \u00e0 ponctionner la victime serait venue au fil du temps avec Samy.<\/p>\n<p class=\" wall-content\">Quant \u00e0 Fousseinou C., le porte-flingue, il minimise la dangerosit\u00e9 de son artillerie. \u00ab\u2009C\u2019est un pistolet de dissuasion que j\u2019ai achet\u00e9. Il n\u2019est jamais charg\u00e9\u2009\u00bb, assure-t-il. Il r\u00e9fute avoir brandi l\u2019arme dans le studio. Les deux pr\u00e9venus nient aussi avoir s\u00e9questr\u00e9 la victime. \u00ab\u2009On a mang\u00e9 des bonbons et on a fum\u00e9 des cigarettes\u2009\u00bb, relate le malabar \u00e0 la barre. Absent \u00e0 l\u2019audience, Guillaume ne peut confirmer ou infirmer cette version.<\/p>\n<p>Lourdes peines de prison<\/p>\n<p class=\" wall-content\">Le duo est loin d\u2019\u00eatre inconnu de la justice. Fousseinou C., 40\u00a0ans, poss\u00e8de 19 mentions dans son casier judiciaire. Son comp\u00e8re, 45\u00a0ans, en a 24. Ce dernier a d\u00e9j\u00e0 tremp\u00e9 dans des affaires d\u2019extorsion. Un lourd pass\u00e9 qui n\u2019\u00e9chappe pas \u00e0 la procureure dans son r\u00e9quisitoire. D\u00e9non\u00e7ant un \u00ab\u2009acharnement\u2009\u00bb contre la victime, elle demande <strong>six ans de prison, dont une ann\u00e9e avec sursis, contre les deux pr\u00e9venus<\/strong>.<\/p>\n<p class=\" wall-content\">\u00c0 la d\u00e9fense, on torpille le cha\u00eenon manquant de cette n\u00e9buleuse affaire\u2009: Samy, le squatteur bafou\u00e9 qui aurait \u00e9t\u00e9 \u00e0 l\u2019origine de cette affaire.\u00a0 \u00ab\u2009Il vit comme un pacha et on ne sait pas ce qu\u2019il fait. Je pense qu\u2019il a embobin\u00e9 la police judiciaire comme il a embobin\u00e9 les deux pr\u00e9venus\u2009\u00bb, fustige l\u2019avocate de Babacar F..\u00a0<\/p>\n<p class=\" wall-content\">Finalement, le tribunal reconna\u00eet coupable les deux hommes. Babacar F. \u00e9cope de la peine la plus lourde\u2009: 5\u00a0ans de prison, dont une ann\u00e9e avec sursis. Son comparse \u00e9cope de trois ans de prison ferme. Tous deux sont maintenus en d\u00e9tention. Ils devront aussi s\u2019acquitter d\u2019une amende de 5\u2009000\u00a0euros.<\/p>\n<p class=\" wall-content\">*Les pr\u00e9noms ont \u00e9t\u00e9 modifi\u00e9s<\/p>\n<p class=\" wall-content\">Suivez toute l\u2019actualit\u00e9 de vos villes et m\u00e9dias favoris en vous inscrivant \u00e0 <a href=\"https:\/\/moncompte.actu.fr\" title=\"D\u00e9couvez Mon Actu\" rel=\"nofollow noopener\" data-trk=\"{&quot;cta&quot;:{&quot;action&quot;:&quot;https:\\\/\\\/moncompte.actu.fr&quot;,&quot;category&quot;:&quot;mon compte&quot;,&quot;from&quot;:&quot;article footer&quot;,&quot;name&quot;:&quot;Mon actu&quot;,&quot;type&quot;:&quot;cta&quot;}}\" target=\"_blank\">Mon Actu<\/a>.<\/p>\n","protected":false},"excerpt":{"rendered":"Par Antoine Blanchet Publi\u00e9 le 22 mai 2025 \u00e0 19h22 Un sc\u00e9nario rocambolesque mont\u00e9 pour ponctionner une jeune&hellip;\n","protected":false},"author":2,"featured_media":120419,"comment_status":"","ping_status":"","sticky":false,"template":"","format":"standard","meta":{"footnotes":""},"categories":[1888],"tags":[11,1777,674,118,1011,27,303,12,626,2694,25],"class_list":{"0":"post-120418","1":"post","2":"type-post","3":"status-publish","4":"format-standard","5":"has-post-thumbnail","7":"category-paris","8":"tag-actualites","9":"tag-eu","10":"tag-europe","11":"tag-faits-divers","12":"tag-fr","13":"tag-france","14":"tag-justice","15":"tag-news","16":"tag-paris","17":"tag-proces","18":"tag-republique-francaise"},"share_on_mastodon":{"url":"https:\/\/pubeurope.com\/@fr\/114553647517703513","error":""},"_links":{"self":[{"href":"https:\/\/www.europesays.com\/fr\/wp-json\/wp\/v2\/posts\/120418","targetHints":{"allow":["GET"]}}],"collection":[{"href":"https:\/\/www.europesays.com\/fr\/wp-json\/wp\/v2\/posts"}],"about":[{"href":"https:\/\/www.europesays.com\/fr\/wp-json\/wp\/v2\/types\/post"}],"author":[{"embeddable":true,"href":"https:\/\/www.europesays.com\/fr\/wp-json\/wp\/v2\/users\/2"}],"replies":[{"embeddable":true,"href":"https:\/\/www.europesays.com\/fr\/wp-json\/wp\/v2\/comments?post=120418"}],"version-history":[{"count":0,"href":"https:\/\/www.europesays.com\/fr\/wp-json\/wp\/v2\/posts\/120418\/revisions"}],"wp:featuredmedia":[{"embeddable":true,"href":"https:\/\/www.europesays.com\/fr\/wp-json\/wp\/v2\/media\/120419"}],"wp:attachment":[{"href":"https:\/\/www.europesays.com\/fr\/wp-json\/wp\/v2\/media?parent=120418"}],"wp:term":[{"taxonomy":"category","embeddable":true,"href":"https:\/\/www.europesays.com\/fr\/wp-json\/wp\/v2\/categories?post=120418"},{"taxonomy":"post_tag","embeddable":true,"href":"https:\/\/www.europesays.com\/fr\/wp-json\/wp\/v2\/tags?post=120418"}],"curies":[{"name":"wp","href":"https:\/\/api.w.org\/{rel}","templated":true}]}}