{"id":120424,"date":"2025-05-22T21:40:09","date_gmt":"2025-05-22T21:40:09","guid":{"rendered":"https:\/\/www.europesays.com\/fr\/120424\/"},"modified":"2025-05-22T21:40:09","modified_gmt":"2025-05-22T21:40:09","slug":"en-direct-guerre-en-ukraine-le-g7-va-augmenter-la-pression-si-la-russie-refuse-un-cessez-le-feu","status":"publish","type":"post","link":"https:\/\/www.europesays.com\/fr\/120424\/","title":{"rendered":"EN DIRECT &#8211; Guerre en Ukraine : le G7 va \u00ab\u00a0augmenter la pression\u00a0\u00bb si la Russie refuse un cessez-le-feu"},"content":{"rendered":"<p>Les ministres des Finances du G7 ont affirm\u00e9 ce jeudi vouloir \u00ab\u00a0maximiser la pression\u00a0\u00bb sur la Russie, notamment en intensifiant les sanctions, si Moscou n&rsquo;accepte pas un cessez-le-feu en Ukraine.Suivez les derni\u00e8res informations en direct.<a href=\"https:\/\/www.tf1info.fr\/actualite\/invasion-de-l-ukraine-par-la-russie-une-guerre-qui-dure-12951\/\" rel=\"noopener\" class=\"jsx-3118104007 Link jsx-1428418400 jsx-554215408\" target=\"_blank\"><\/p>\n<p style=\"font-weight:400\" class=\"jsx-1837267516\">Suivez la couverture compl\u00e8te<\/p>\n<p style=\"font-weight:800\" class=\"jsx-1837267516\">Ukraine : 4\u1d49 ann\u00e9e de guerre<\/p>\n<p><\/a>Les \u00e9l\u00e9ments marquants20:50<br class=\"jsx-494582681\"\/> 22 mai 2025LE G7 MENACE DE \u00ab\u00a0MAXIMISER LA PRESSION\u00a0\u00bb SUR LA RUSSIE<\/p>\n<p>Le G7 a menac\u00e9 jeudi d'\u00a0\u00bbaugmenter la pression\u00a0\u00bb si la Russie refuse un cessez-le-feu. \u00ab\u00a0Si un tel cessez-le-feu n&rsquo;est pas accept\u00e9, nous continuerons d&rsquo;explorer toutes les options possibles, y compris les options visant \u00e0 maximiser la pression, comme l&rsquo;intensification des sanctions\u00a0\u00bb, a \u00e9crit dans <a href=\"https:\/\/g7.canada.ca\/fr\/nouvelles-medias\/nouvelles\/declaration-ministres-finances-gouverneurs-banques-centrales-g7\/\" target=\"_blank\" rel=\"nofollow noopener\">un communiqu\u00e9  (nouvelle fen\u00eatre)<\/a>le Groupe des Sept, qui regroupe le Canada, l&rsquo;Allemagne, les \u00c9tats-Unis, la France, l&rsquo;Italie, le Japon et le Royaume-Uni.\u00a0<\/p>\n<p>\u00ab\u00a0Nous r\u00e9affirmons que, conform\u00e9ment \u00e0 nos syst\u00e8mes juridiques respectifs, les actifs souverains de la Russie dans nos territoires de comp\u00e9tence resteront immobilis\u00e9s jusqu&rsquo;\u00e0 ce que la Russie mette fin \u00e0 son agression et paie pour les dommages qu&rsquo;elle a caus\u00e9s \u00e0 l&rsquo;Ukraine\u00a0\u00bb, ont poursuivi les ministres des Finances du G7, r\u00e9unis dans l&rsquo;ouest du Canada. Il a \u00e9t\u00e9 d\u00e9cid\u00e9 avec Kiev qu&rsquo;aucun pays qui \u00ab\u00a0a financ\u00e9 ou fourni la machine de guerre russe\u00a0\u00bb ne pourra prendre part \u00e0 \u00ab\u00a0la reconstruction de l&rsquo;Ukraine\u00a0\u00bb.<\/p>\n<p>Minute par minute21:07<br class=\"jsx-494582681\"\/> 22 mai 2025&Prime;D\u00c9CLARATIONS AGRESSIVES\u00a0\u00bb SUR LA \u00ab\u00a0ZONE TAMPON\u00a0\u00bb<\/p>\n<p>\u00ab\u00a0Les d\u00e9clarations de Poutine sur la &lsquo;zone tampon&rsquo; interviennent dans un contexte d&rsquo;efforts actifs pour parvenir \u00e0 un cessez-le-feu complet et durable, mettre fin aux massacres et faire progresser la paix\u00a0\u00bb, a d\u00e9nonc\u00e9 jeudi sur X le chef de la diplomatie ukrainienne, Andrii Sybiha. \u00ab\u00a0Ces nouvelles revendications agressives rejettent clairement les efforts de paix et montrent que Poutine a \u00e9t\u00e9 et reste la seule raison pour laquelle les massacres continuent. Il doit faire face \u00e0 davantage de pression pour mettre fin \u00e0 cette guerre.\u00a0\u00bb<\/p>\n<p>21:03<br class=\"jsx-494582681\"\/> 22 mai 2025L&rsquo;ARM\u00c9E RUSSE \u00ab\u00a0S&rsquo;ATTELLE\u00a0\u00bb \u00c0 LA CR\u00c9ATION D&rsquo;UNE \u00ab\u00a0ZONE TAMPON\u00a0\u00bb <\/p>\n<p>\u00c0 l&rsquo;occasion d&rsquo;un conseil des ministres, le pr\u00e9sident russe, Vladimir Poutine, a annonc\u00e9 que l&rsquo;arm\u00e9e russe \u00ab\u00a0s&rsquo;attelle maintenant\u00a0\u00bb \u00e0 la cr\u00e9ation d&rsquo;une zone tampon \u00e0 la fronti\u00e8re avec l&rsquo;Ukraine. \u00ab\u00a0J&rsquo;ai d\u00e9j\u00e0 dit qu&rsquo;une d\u00e9cision avait \u00e9t\u00e9 prise pour cr\u00e9er la zone tampon de s\u00e9curit\u00e9 n\u00e9cessaire le long des fronti\u00e8res. Nos forces arm\u00e9es s\u2019attellent maintenant \u00e0 cette t\u00e2che\u00a0\u00bb, a-t-il indiqu\u00e9, selon <a href=\"http:\/\/kremlin.ru\/events\/president\/news\/76982\" target=\"_blank\" rel=\"nofollow noopener\">une transcription r\u00e9alis\u00e9e par le Kremlin (nouvelle fen\u00eatre)<\/a>. \u00ab\u00a0Les points de tir ennemis sont activement supprim\u00e9s, les travaux sont en cours\u00a0\u00bb.<\/p>\n<p>20:50<br class=\"jsx-494582681\"\/> 22 mai 2025LE G7 MENACE DE \u00ab\u00a0MAXIMISER LA PRESSION\u00a0\u00bb SUR LA RUSSIE<\/p>\n<p>Le G7 a menac\u00e9 jeudi d'\u00a0\u00bbaugmenter la pression\u00a0\u00bb si la Russie refuse un cessez-le-feu. \u00ab\u00a0Si un tel cessez-le-feu n&rsquo;est pas accept\u00e9, nous continuerons d&rsquo;explorer toutes les options possibles, y compris les options visant \u00e0 maximiser la pression, comme l&rsquo;intensification des sanctions\u00a0\u00bb, a \u00e9crit dans <a href=\"https:\/\/g7.canada.ca\/fr\/nouvelles-medias\/nouvelles\/declaration-ministres-finances-gouverneurs-banques-centrales-g7\/\" target=\"_blank\" rel=\"nofollow noopener\">un communiqu\u00e9  (nouvelle fen\u00eatre)<\/a>le Groupe des Sept, qui regroupe le Canada, l&rsquo;Allemagne, les \u00c9tats-Unis, la France, l&rsquo;Italie, le Japon et le Royaume-Uni.\u00a0<\/p>\n<p>\u00ab\u00a0Nous r\u00e9affirmons que, conform\u00e9ment \u00e0 nos syst\u00e8mes juridiques respectifs, les actifs souverains de la Russie dans nos territoires de comp\u00e9tence resteront immobilis\u00e9s jusqu&rsquo;\u00e0 ce que la Russie mette fin \u00e0 son agression et paie pour les dommages qu&rsquo;elle a caus\u00e9s \u00e0 l&rsquo;Ukraine\u00a0\u00bb, ont poursuivi les ministres des Finances du G7, r\u00e9unis dans l&rsquo;ouest du Canada. Il a \u00e9t\u00e9 d\u00e9cid\u00e9 avec Kiev qu&rsquo;aucun pays qui \u00ab\u00a0a financ\u00e9 ou fourni la machine de guerre russe\u00a0\u00bb ne pourra prendre part \u00e0 \u00ab\u00a0la reconstruction de l&rsquo;Ukraine\u00a0\u00bb.<\/p>\n<p>20:49<br class=\"jsx-494582681\"\/> 22 mai 2025ZELENSKY MET LA PRESSION SUR MOSCOU<\/p>\n<p>\u00ab\u00a0L&rsquo;int\u00e9r\u00eat de l&rsquo;Ukraine n&rsquo;est pas de prolonger la guerre, mais de se pr\u00e9parer \u00e0 toute \u00e9volution\u00a0\u00bb, a affirm\u00e9 jeudi le pr\u00e9sident ukrainien, Volodymyr Zekensky, dans son adresse quotidienne sur le r\u00e9seau social X. \u00ab\u00a0L&rsquo;Ukraine est pr\u00eate \u00e0 prendre les mesures les plus rapides possibles pour un v\u00e9ritable cessez-le-feu et la mise en place d&rsquo;une nouvelle architecture de s\u00e9curit\u00e9. Nous menons de notre c\u00f4t\u00e9 tout le travail pr\u00e9paratoire n\u00e9cessaire. Ce qui est n\u00e9cessaire, c&rsquo;est une volont\u00e9 r\u00e9ciproque de la Russie &#8211; et elle n&rsquo;est pas encore l\u00e0, et sans pression internationale, la situation ne changera pas.\u00a0\u00bb<\/p>\n<blockquote data-testid=\"EmbedTwitter\" id=\"tweet-1925604332201820496-:Rech6mb6ij9n79m:\" class=\"jsx-aeff1a1c40f54d7a twitter-tweet flex justify-center items-center\"><p>I held an extended meeting with the military. Among other topics, we discussed the military foundation for diplomacy \u2014 the next technical meeting. We are working to ensure it takes place as soon as possible. Ukraine\u2019s interest is not to prolong the war, but to be prepared for any\u2026  pic.twitter.com\/h8Nr0FQndT \u2014 Volodymyr Zelenskyy \/ \u0412\u043e\u043b\u043e\u0434\u0438\u043c\u0438\u0440 \u0417\u0435\u043b\u0435\u043d\u0441\u044c\u043a\u0438\u0439 (@ZelenskyyUa)  May 22, 2025<\/p><\/blockquote>\n<p>16:05<br class=\"jsx-494582681\"\/> 22 mai 2025DE FUTURS POURPARLERS EN SUISSE ?<\/p>\n<p>Le chef de cabinet de la pr\u00e9sidence ukrainienne, Andri\u00ef Iermak, a indiqu\u00e9 jeudi que \u00ab\u00a0la Suisse a confirm\u00e9 sa volont\u00e9 d&rsquo;accueillir de futurs\u00a0\u00bb pourparlers entre Kiev et Moscou, \u00e0 l&rsquo;issue d&rsquo;un entretien avec le chef de la division s\u00e9curit\u00e9 internationale au D\u00e9partement des Affaires \u00e9trang\u00e8res suisse, Gabriel L\u00fcchinger.<\/p>\n<p>15:36<br class=\"jsx-494582681\"\/> 22 mai 2025SUR LE PIED DE GUERRE<\/p>\n<p>La Finlande s&rsquo;attend \u00e0 ce que la Russie renforce sa pr\u00e9sence \u00e0 la fronti\u00e8re. Des pr\u00e9paratifs ont d&rsquo;ores et d\u00e9j\u00e0 \u00e9t\u00e9 observ\u00e9s. Helsinki, qui a rejoint l&rsquo;Otan il y a deux ans, envisage de relever l&rsquo;\u00e2ge de ses r\u00e9servistes.<\/p>\n<p>International<img decoding=\"async\" src=\"https:\/\/www.europesays.com\/fr\/wp-content\/uploads\/2025\/05\/finlande-mer-baltique-9b9292-0@1x.jpeg\" alt=\"La Finlande sous la menace russe ? Moscou renforce ses bases militaires \u00e0 la fronti\u00e8re\" loading=\"lazy\" importance=\"low\" fetchpriority=\"low\" class=\"\" aria-hidden=\"true\"\/><\/p>\n<p>Publi\u00e9 aujourd&rsquo;hui \u00e0 15h05<\/p>\n<p>13:44<br class=\"jsx-494582681\"\/> 22 mai 2025&Prime;PAS D&rsquo;ACCORD\u00a0\u00bb<\/p>\n<p>Le Kremlin a affirm\u00e9 aujourd&rsquo;hui qu&rsquo;il n&rsquo;y avait toujours \u00ab\u00a0pas d&rsquo;accord\u00a0\u00bb en vue d&rsquo;une deuxi\u00e8me rencontre russo-ukrainienne, qui pourrait \u00eatre organis\u00e9e au Vatican selon des informations de presse aux \u00c9tats-Unis. \u00ab\u00a0Il n&rsquo;y a pas encore d&rsquo;accord, pas d&rsquo;accord concret sur de prochaines rencontres\u00a0\u00bb, a balay\u00e9 le porte-parole de la pr\u00e9sidence russe, Dmitri Peskov, interrog\u00e9 par l&rsquo;AFP lors de son briefing quotidien. \u00ab\u00a0Le travail se poursuit pour mettre en \u0153uvre les accords d\u00e9j\u00e0 conclus\u00a0\u00bb, a-t-il ajout\u00e9.<\/p>\n<p>Selon le quotidien am\u00e9ricain Wall Street Journal (WSJ) dat\u00e9 d&rsquo;hier, Donald Trump a dit aux dirigeants europ\u00e9ens le 19 mai que les prochains pourparlers de paix entre Russes et Ukrainiens auraient lieu au Vatican. Le nouveau pape am\u00e9ricain, L\u00e9on XIV, a propos\u00e9 la semaine derni\u00e8re sa m\u00e9diation aux bellig\u00e9rants du monde entier. S\u00e9par\u00e9ment, le pr\u00e9sident finlandais Alexander Stubb a assur\u00e9 mercredi \u00e0 la t\u00e9l\u00e9vision publique finlandaise qu&rsquo;une r\u00e9union technique pourrait avoir lieu la semaine prochaine entre les bellig\u00e9rants, mais aussi avec les Am\u00e9ricains et les Europ\u00e9ens, au Vatican.<\/p>\n<p>12:27<br class=\"jsx-494582681\"\/> 22 mai 2025&Prime;UNE MENACE POUR NOUS TOUS\u00a0\u00bb<\/p>\n<p>Le chancelier allemand Friedrich Merz a accus\u00e9 la Russie de menacer \u00ab\u00a0la s\u00e9curit\u00e9 en Europe\u00a0\u00bb, lors d&rsquo;un d\u00e9placement en Lituanie \u00e0 l&rsquo;occasion de l&rsquo;entr\u00e9e en fonction dans ce pays d&rsquo;une brigade blind\u00e9e allemande destin\u00e9e \u00e0 renforcer le front est de l&rsquo;Otan.<\/p>\n<p>\u00ab\u00a0La Russie, telle qu&rsquo;elle se pr\u00e9sente aujourd&rsquo;hui, est une menace pour nous tous. C&rsquo;est contre cette menace que nous nous prot\u00e9geons et c&rsquo;est pourquoi nous sommes ici aujourd&rsquo;hui\u00a0\u00bb, a d\u00e9clar\u00e9 Friedrich Merz \u00e0 Vilnius aux c\u00f4t\u00e9s du pr\u00e9sident lituanien Gitanas Nauseda.<\/p>\n<p>12:24<br class=\"jsx-494582681\"\/> 22 mai 2025ENGRAIS RUSSES<\/p>\n<p>Le Parlement europ\u00e9en a approuv\u00e9 aujourd\u2019hui une surtaxation des millions de tonnes d&rsquo;engrais import\u00e9es de Russie chaque ann\u00e9e en Europe, malgr\u00e9 les craintes du monde agricole qui redoute une envol\u00e9e des prix mondiaux. Le texte a \u00e9t\u00e9 adopt\u00e9 par 411 voix pour, 100 contre et 78 abstentions. L&rsquo;Union europ\u00e9enne veut augmenter progressivement ses taxes contre les engrais russes et bi\u00e9lorusses afin de mettre fin \u00e0 ses importations en trois ans.<\/p>\n<p>10:20<br class=\"jsx-494582681\"\/> 22 mai 2025SANCTIONS<\/p>\n<p>Plus de 80 s\u00e9nateurs am\u00e9ricains ont apport\u00e9 leur soutien \u00e0 une proposition de loi mercredi visant \u00e0 imposer de nouvelles sanctions contre la Russie, face \u00e0 ce qu&rsquo;ils consid\u00e8rent \u00eatre un manque de volont\u00e9 de Moscou de mettre fin \u00e0 la guerre en Ukraine.<\/p>\n<p>Ces \u00e9lus issus des deux bords veulent mettre davantage la pression sur Vladimir Poutine, apr\u00e8s l&rsquo;\u00e9change au t\u00e9l\u00e9phone lundi entre le pr\u00e9sident russe et Donald Trump, qui n&rsquo;a pas abouti au cessez-le-feu esp\u00e9r\u00e9 par Kiev, ses partenaires europ\u00e9ens, et le pr\u00e9sident am\u00e9ricain. Avec 81 cosignataires sur 100 s\u00e9nateurs, le texte dispose d&rsquo;un soutien large mais il n&rsquo;est pas encore certain que le chef r\u00e9publicain du S\u00e9nat d\u00e9cide de soumettre le texte au vote. John Thune a ainsi d\u00e9clar\u00e9 pr\u00e9f\u00e9r\u00e9 attendre les consignes de la Maison Blanche sur ce sujet.<\/p>\n<p>\u00ab\u00a0Ces sanctions seraient impos\u00e9es si la Russie refusait de s&rsquo;engager dans des n\u00e9gociations de bonne foi en vue d&rsquo;une paix durable avec l&rsquo;Ukraine\u00a0\u00bb, ont d\u00e9clar\u00e9 dans un communiqu\u00e9 commun le s\u00e9nateur r\u00e9publicain Lindsey Graham, proche alli\u00e9 de Donald Trump, et le s\u00e9nateur d\u00e9mocrate Richard Blumenthal, \u00e0 l&rsquo;origine du texte.<\/p>\n<p>10:20<br class=\"jsx-494582681\"\/> 22 mai 2025ETAT-MAJOR RUSSE<\/p>\n<p>L&rsquo;un des commandants du si\u00e8ge d\u00e9vastateur du port ukrainien de Marioupol en 2022, Andre\u00ef Mordvitchev, a \u00e9t\u00e9 nomm\u00e9 officiellement jeudi \u00e0 la t\u00eate des forces terrestres de l&rsquo;arm\u00e9e russe, apr\u00e8s le transfert de son pr\u00e9d\u00e9cesseur vers un autre poste.<\/p>\n<p>\u00ab\u00a0Le ministre russe de la D\u00e9fense, Andre\u00ef Belooussov, a pr\u00e9sent\u00e9 aux troupes le commandant en chef des forces terrestres, le g\u00e9n\u00e9ral Andre\u00ef Mordvitchev\u00a0\u00bb, a indiqu\u00e9 le minist\u00e8re sur Telegram. Le g\u00e9n\u00e9ral Mordvitchev \u00ab\u00a0est un officier de combat exp\u00e9riment\u00e9 qui a pleinement r\u00e9v\u00e9l\u00e9 ses talents de chef militaire au cours de l&rsquo;op\u00e9ration militaire sp\u00e9ciale\u00a0\u00bb, a d\u00e9clar\u00e9 M. Beloussov, utilisant l&rsquo;euph\u00e9misme en vigueur pour qualifier le conflit en Ukraine.<\/p>\n<p>Andre\u00ef Mordvitchev, \u00e2g\u00e9 de 49 ans et n\u00e9 au Kazakhstan sovi\u00e9tique, est un militaire de carri\u00e8re qui commandait la 8e arm\u00e9e russe lors du si\u00e8ge de Marioupol, dans les premi\u00e8res semaines de l&rsquo;assaut russe contre l&rsquo;Ukraine en 2022.<\/p>\n<p>07:34<br class=\"jsx-494582681\"\/> 22 mai 2025PLUSIEURS DRONES ABATTUS<\/p>\n<p>Les forces russes ont abattu dans la nuit 35 drones ukrainiens volant en direction de Moscou, a indiqu\u00e9 jeudi le minist\u00e8re russe de la D\u00e9fense, une attaque qui a provoqu\u00e9 la fermeture temporaire des principaux a\u00e9roports de la capitale russe.<\/p>\n<p>Le maire de Moscou, Sergue\u00ef Sobianine, avait fait \u00e9tat plus t\u00f4t jeudi matin de 23 appareils abattus, en pr\u00e9cisant sur Telegram que des services d&rsquo;urgence avaient \u00e9t\u00e9 d\u00e9ploy\u00e9s sur les lieux de la chute de leurs d\u00e9bris.<\/p>\n<p>L&rsquo;arm\u00e9e ukrainienne envoie r\u00e9guli\u00e8rement des drones contre la Russie, en r\u00e9ponse aux frappes russes qui visent quotidiennement son territoire depuis plus de trois ans.<\/p>\n<p>06:46<br class=\"jsx-494582681\"\/> 22 mai 2025MOSCOU VIS\u00c9E<\/p>\n<p>Les forces russes ont abattu 23 drones d&rsquo;attaque ukrainiens volant en direction de Moscou dans la nuit, selon un d\u00e9compte t\u00f4t jeudi du maire de la capitale russe, dont les principaux a\u00e9roports ont \u00e9t\u00e9 ferm\u00e9s temporairement. Des services d&rsquo;urgence ont \u00e9t\u00e9 d\u00e9ploy\u00e9s l\u00e0 o\u00f9 des d\u00e9bris sont tomb\u00e9s \u00e0 la suite de ces neutralisations, a pr\u00e9cis\u00e9 ce responsable, Sergue\u00ef Sobianine, sur la messagerie Telegram.<\/p>\n<p>Comme il est d&rsquo;usage lors des attaques a\u00e9riennes visant Moscou, les principaux a\u00e9roports de la capitale &#8211; Ch\u00e9r\u00e9m\u00e9ti\u00e9vo, Domodi\u00e9dovo et Vnoukovo &#8211; ont interrompu temporairement leurs op\u00e9rations, a annonc\u00e9 l&rsquo;agence russe charg\u00e9e de l&rsquo;aviation civile, Rosaviatsia. Les restrictions ont plus tard \u00e9t\u00e9 lev\u00e9es \u00e0 Domodi\u00e9dovo, de m\u00eame source.<\/p>\n<p>Mercredi, 27 drones s&rsquo;\u00e9taient \u00e9galement dirig\u00e9s vers la capitale avant d&rsquo;\u00eatre abattus, selon M. Sobianine.<\/p>\n<p data-module=\"article-paragraph\" class=\"jsx-362436225 Paragraph\">Lors d&rsquo;une audition tendue au Congr\u00e8s, ce mercredi 21 mai, le repr\u00e9sentant d\u00e9mocrate Bill Keating a rappel\u00e9 les critiques virulentes de Marco Rubio \u00e0 l&rsquo;encontre du bilan de Vladimir Poutine lorsque le chef de la diplomatie am\u00e9ricaine \u00e9tait s\u00e9nateur et lui a demand\u00e9 s&rsquo;il pensait toujours que le pr\u00e9sident russe \u00e9tait un \u00ab\u00a0criminel de guerre\u00a0\u00bb.<\/p>\n<p data-module=\"article-paragraph\" class=\"jsx-362436225 Paragraph Paragraph__End\">\u00ab\u00a0Des crimes ont \u00e9t\u00e9 commis <a href=\"https:\/\/www.tf1info.fr\/international\/un-an-de-guerre-ukraine-russie-24-fevrier-2022-heure-par-heure-le-jour-ou-la-russie-de-poutine-a-lance-l-invasion-2249042.html\" target=\"_blank\" rel=\"noopener\">dans la guerre contre l&rsquo;Ukraine<\/a>, et il faudra en rendre compte, mais notre objectif actuel est de mettre fin \u00e0 cette guerre\u00a0\u00bb, a d\u00e9clar\u00e9 le secr\u00e9taire d&rsquo;\u00c9tat am\u00e9ricain. \u00ab\u00a0Car laissez-moi vous dire que chaque jour que dure cette guerre, des gens sont tu\u00e9s, d&rsquo;autres sont mutil\u00e9s et, franchement, d&rsquo;autres crimes de guerre sont commis\u00a0\u00bb, a-t-il ajout\u00e9.<\/p>\n<p data-module=\"article-paragraph\" class=\"jsx-362436225 Paragraph\">L&rsquo;\u00e9lu d\u00e9mocrate a accus\u00e9 Marco Rubio d&rsquo;\u00eatre \u00ab\u00a0incoh\u00e9rent\u00a0\u00bb et \u00ab\u00a0\u00e9quivoque\u00a0\u00bb. \u00ab\u00a0S&rsquo;il n&rsquo;y avait pas eu de communications entre les \u00c9tats-Unis et la Russie en 1961\u00a0\u00bb, le monde aurait pu s&rsquo;arr\u00eater pendant la crise des missiles de Cuba, a encore fait valoir le secr\u00e9taire d&rsquo;\u00c9tat en r\u00e9ponse \u00e0 un autre \u00e9lu.<\/p>\n<p data-module=\"article-paragraph\" class=\"jsx-362436225 Paragraph\">Le pr\u00e9sident Donald Trump <a href=\"https:\/\/www.tf1info.fr\/international\/guerre-en-ukraine-un-jeu-de-poupees-russes-pourquoi-l-appel-trump-poutine-n-a-rien-apporte-de-concret-2372005.html\" target=\"_blank\" rel=\"noopener\">s&rsquo;est entretenu lundi par t\u00e9l\u00e9phone avec Vladimir Poutine<\/a> et Volodymyr Zelensky dans le cadre des efforts de Washington, jusqu&rsquo;\u00e0 pr\u00e9sent infructueux, pour mettre fin \u00e0 la guerre. Le pr\u00e9sident russe, consid\u00e9r\u00e9 comme un paria sous l&rsquo;administration de l&rsquo;ancien pr\u00e9sident Joe Biden, a repouss\u00e9 les appels des \u00c9tats-Unis, soutenus par l&rsquo;Ukraine, en faveur d&rsquo;un cessez-le-feu de 30 jours.<\/p>\n<p data-module=\"article-paragraph\" class=\"jsx-362436225 Paragraph Paragraph__End\"><strong>Retrouvez les derni\u00e8res infos dans le fil ci-dessus.<\/strong><\/p>\n<p>La r\u00e9daction de TF1info<\/p>\n<p><script async src=\"https:\/\/platform.twitter.com\/widgets.js\" charset=\"utf-8\"><\/script><\/p>\n","protected":false},"excerpt":{"rendered":"Les ministres des Finances du G7 ont affirm\u00e9 ce jeudi vouloir \u00ab\u00a0maximiser la pression\u00a0\u00bb sur la Russie, notamment&hellip;\n","protected":false},"author":2,"featured_media":120425,"comment_status":"","ping_status":"","sticky":false,"template":"","format":"standard","meta":{"footnotes":""},"categories":[1590],"tags":[1111,11,1921,75,73,1777,674,1918,1922,12,132,220,1917,133,1920,135,134],"class_list":{"0":"post-120424","1":"post","2":"type-post","3":"status-publish","4":"format-standard","5":"has-post-thumbnail","7":"category-ukraine","8":"tag-actu","9":"tag-actualites","10":"tag-article-video","11":"tag-donald-trump","12":"tag-etats-unis","13":"tag-eu","14":"tag-europe","15":"tag-guerre-en-ukraine-une-treve-en-negociation","16":"tag-info","17":"tag-news","18":"tag-russie","19":"tag-ukraine","20":"tag-ukraine-4-annee-de-guerre","21":"tag-video","22":"tag-video-international","23":"tag-vladimir-poutine","24":"tag-volodymyr-zelensky"},"share_on_mastodon":{"url":"https:\/\/pubeurope.com\/@fr\/114553659325320911","error":""},"_links":{"self":[{"href":"https:\/\/www.europesays.com\/fr\/wp-json\/wp\/v2\/posts\/120424","targetHints":{"allow":["GET"]}}],"collection":[{"href":"https:\/\/www.europesays.com\/fr\/wp-json\/wp\/v2\/posts"}],"about":[{"href":"https:\/\/www.europesays.com\/fr\/wp-json\/wp\/v2\/types\/post"}],"author":[{"embeddable":true,"href":"https:\/\/www.europesays.com\/fr\/wp-json\/wp\/v2\/users\/2"}],"replies":[{"embeddable":true,"href":"https:\/\/www.europesays.com\/fr\/wp-json\/wp\/v2\/comments?post=120424"}],"version-history":[{"count":0,"href":"https:\/\/www.europesays.com\/fr\/wp-json\/wp\/v2\/posts\/120424\/revisions"}],"wp:featuredmedia":[{"embeddable":true,"href":"https:\/\/www.europesays.com\/fr\/wp-json\/wp\/v2\/media\/120425"}],"wp:attachment":[{"href":"https:\/\/www.europesays.com\/fr\/wp-json\/wp\/v2\/media?parent=120424"}],"wp:term":[{"taxonomy":"category","embeddable":true,"href":"https:\/\/www.europesays.com\/fr\/wp-json\/wp\/v2\/categories?post=120424"},{"taxonomy":"post_tag","embeddable":true,"href":"https:\/\/www.europesays.com\/fr\/wp-json\/wp\/v2\/tags?post=120424"}],"curies":[{"name":"wp","href":"https:\/\/api.w.org\/{rel}","templated":true}]}}