{"id":120432,"date":"2025-05-22T21:44:11","date_gmt":"2025-05-22T21:44:11","guid":{"rendered":"https:\/\/www.europesays.com\/fr\/120432\/"},"modified":"2025-05-22T21:44:11","modified_gmt":"2025-05-22T21:44:11","slug":"ce-pays-devient-le-premier-deurope-a-porter-lage-de-depart-a-70-ans","status":"publish","type":"post","link":"https:\/\/www.europesays.com\/fr\/120432\/","title":{"rendered":"ce pays devient le premier d&rsquo;Europe \u00e0 porter l&rsquo;\u00e2ge de d\u00e9part \u00e0 70 ans"},"content":{"rendered":"<p class=\"articleHead-lead\">\n            Loin des 64 ans pr\u00e9vus par la r\u00e9forme des retraites en France, un pays du nord de l\u2019Europe vient de repousser de trois ans son \u00e2ge de d\u00e9part. Il \u00e9tait alors fix\u00e9 \u00e0 67 ans.\n        <\/p>\n<p>            <img decoding=\"async\"  src=\"https:\/\/www.europesays.com\/fr\/wp-content\/uploads\/2025\/05\/1747950251_512_picture.jpg\"  class=\"apply-ratio\" alt=\"Le Danemark va porter l'\u00e2ge de d\u00e9part \u00e0 la retraite \u00e0 70 ans !\"\/><\/p>\n<p>\n                                            \u00a9 Tomoco_sozai\/Adobe Stock<\/p>\n<p>                                             &#8211; Le Danemark va porter l&rsquo;\u00e2ge de d\u00e9part \u00e0 la retraite \u00e0 70 ans !\n                                    <\/p>\n<ul class=\"articleMainFollow-list\">\n<li class=\"articleMainFollow-item\">\n<p>                        Sauvegarder<\/p>\n<p>                        Sauvegard\u00e9<\/p>\n<\/li>\n<li class=\"articleMainFollow-item\">\n<\/li>\n<\/ul>\n<p>\n                    Recevoir les alertes Age de la retraite\n                <\/p>\n<p>Les Fran\u00e7ais se verraient-ils travailler encore \u00e0 70 ans ? Il est fort \u00e0 parier que non \u00e0 en croire leur opposition \u00e0 la r\u00e9forme des retraites souhait\u00e9e par le gouvernement qui pr\u00e9voit de <a href=\"https:\/\/www.capital.fr\/votre-retraite\/retraite-un-age-legal-de-depart-maintenu-a-63-ans-mais-a-quel-prix-1509507\" rel=\"nofollow noopener\" target=\"_blank\">reculer l\u2019\u00e2ge de d\u00e9part<\/a> <strong>de 62 \u00e0 64 ans<\/strong>. Si des discussions doivent se tenir avec les partenaires sociaux ces prochains mois, la mission est de ne pas aggraver \u00abl\u2019\u00e9quilibre\u00bb du r\u00e9gime. Mais dans d\u2019autres pays europ\u00e9ens, on est loin des 62 voire des 64 ans.<\/p>\n<p>En effet, comme le relaie <a href=\"https:\/\/www.bfmtv.com\/economie\/international\/l-italie-y-songe-mais-le-danemark-devient-le-premier-pays-d-europe-a-reporter-l-age-de-la-retraite-a-70-ans_AD-202505220525.html\" target=\"_blank\" rel=\"nofollow noopener\">BFMTV<\/a>, <strong>au Danemark<\/strong>, l\u2019\u00e2ge de d\u00e9part \u00e0 la retraite vient d\u2019\u00eatre <strong>report\u00e9 \u00e0 70 ans<\/strong>. Une premi\u00e8re sur le Vieux-Continent ! La mesure a \u00e9t\u00e9 vot\u00e9e au Parlement, avec 81 voix pour et 21 contre. Jusqu\u2019alors, l\u2019\u00e2ge de d\u00e9part \u00e9tait fix\u00e9 \u00e0 67 ans. Toutefois, la donne est quelque peu diff\u00e9rente dans le pays nordique puisque <a href=\"https:\/\/www.capital.fr\/votre-retraite\/age-legal-de-depart-a-la-retraite-1312643\" rel=\"nofollow noopener\" target=\"_blank\">l\u2019\u00e2ge l\u00e9gal de d\u00e9part<\/a> est <strong>index\u00e9 sur l\u2019esp\u00e9rance de vie<\/strong>. Ainsi, en 2030, il a \u00e9t\u00e9 fix\u00e9 \u00e0 68 ans, puis \u00e0 69 ans en 2035 et donc 70 ans \u00e0 partir de 2040.<\/p>\n<p>        \u00c0 lire aussi :<br \/>\n        <a class=\"articleToRead-link\" href=\"https:\/\/www.capital.fr\/votre-retraite\/age-de-depart-a-la-retraite-quand-touchez-vous-votre-pension-selon-votre-metier-1512666\" data-wide=\"\" rel=\"nofollow noopener\" target=\"_blank\"><br \/>\n            Age de d\u00e9part \u00e0 la retraite : quand touchez-vous votre pension, selon votre m\u00e9tier ?<br \/>\n        <\/a><\/p>\n<p>Un \u00e2ge de d\u00e9part en moyenne plus bas<\/p>\n<p>Il faut aussi noter qu\u2019\u00e0 l\u2019heure actuelle, l\u2019\u00e2ge de d\u00e9part \u00e0 la retraite dans le pays, fix\u00e9 \u00e0 67 ans, est en r\u00e9alit\u00e9 un peu plus bas, en moyenne 65 ans pour les hommes et 64,1 ans pour les femmes (chiffres de 2019). C\u2019est deux \u00e0 trois ans de <a href=\"https:\/\/www.capital.fr\/votre-retraite\/lage-de-la-retraite-est-vraiment-plus-bas-en-france-que-dans-les-autres-grands-pays-1463700\" rel=\"nofollow noopener\" target=\"_blank\">plus qu\u2019en France<\/a>. Et comme le rappellent nos confr\u00e8res, la Premi\u00e8re ministre sociale-d\u00e9mocrate a ouvert la porte l\u2019ann\u00e9e derni\u00e8re \u00e0 une <strong>refonte du syst\u00e8me<\/strong>\u2026 une fois que l\u2019\u00e2ge de 70 ans sera atteint.<\/p>\n<p>Cet \u00e2ge n\u2019est d\u2019ailleurs plus tabou en Europe puisque <a href=\"https:\/\/www.capital.fr\/votre-retraite\/la-retraite-a-70-ans-en-italie-vraiment-1502233\" rel=\"nofollow noopener\" target=\"_blank\">l\u2019Italie y a d\u00e9j\u00e0 song\u00e9<\/a>. En septembre dernier, le ministre italien de l&rsquo;Administration pr\u00e9cisait qu&rsquo;il pourrait s\u2019agir d&rsquo;un choix volontaire et non d&rsquo;une obligation pour les fonctionnaires. Pour l\u2019heure, le d\u00e9part \u00e0 la retraite est toujours fix\u00e9 \u00e0 67 ans <strong>en Italie<\/strong>, tout comme <strong>en Islande<\/strong>, <strong>aux Pays-Bas<\/strong> et <strong>en Gr\u00e8ce<\/strong>.<\/p>\n<p>    <a class=\"cta  medium  primary\" href=\"https:\/\/www.capital.fr\/page\/comparateur-per\" rel=\"nofollow noopener\" target=\"_blank\"><\/p>\n<p>                &gt;&gt; Notre service &#8211; Comparez les performances des plans d\u2019\u00e9pargne retraite (PER) gr\u00e2ce \u00e0 notre simulateur <\/p>\n<p>    <\/a><\/p>\n<p>        Recevez nos derni\u00e8res news<\/p>\n<p>        Chaque semaine, les articles \u00e0 lire pour mieux anticiper <b>votre retraite<\/b>.<\/p>\n","protected":false},"excerpt":{"rendered":"Loin des 64 ans pr\u00e9vus par la r\u00e9forme des retraites en France, un pays du nord de l\u2019Europe&hellip;\n","protected":false},"author":2,"featured_media":120433,"comment_status":"","ping_status":"","sticky":false,"template":"","format":"standard","meta":{"footnotes":""},"categories":[1586],"tags":[11,24218,24219,1777,674,1011,27,12,24220,25,7226],"class_list":{"0":"post-120432","1":"post","2":"type-post","3":"status-publish","4":"format-standard","5":"has-post-thumbnail","7":"category-europe","8":"tag-actualites","9":"tag-age-de-la-retraite","10":"tag-du00e9part-en-retraite","11":"tag-eu","12":"tag-europe","13":"tag-fr","14":"tag-france","15":"tag-news","16":"tag-pension","17":"tag-republique-francaise","18":"tag-ru00e9forme-des-retraites"},"share_on_mastodon":{"url":"https:\/\/pubeurope.com\/@fr\/114553675068055002","error":""},"_links":{"self":[{"href":"https:\/\/www.europesays.com\/fr\/wp-json\/wp\/v2\/posts\/120432","targetHints":{"allow":["GET"]}}],"collection":[{"href":"https:\/\/www.europesays.com\/fr\/wp-json\/wp\/v2\/posts"}],"about":[{"href":"https:\/\/www.europesays.com\/fr\/wp-json\/wp\/v2\/types\/post"}],"author":[{"embeddable":true,"href":"https:\/\/www.europesays.com\/fr\/wp-json\/wp\/v2\/users\/2"}],"replies":[{"embeddable":true,"href":"https:\/\/www.europesays.com\/fr\/wp-json\/wp\/v2\/comments?post=120432"}],"version-history":[{"count":0,"href":"https:\/\/www.europesays.com\/fr\/wp-json\/wp\/v2\/posts\/120432\/revisions"}],"wp:featuredmedia":[{"embeddable":true,"href":"https:\/\/www.europesays.com\/fr\/wp-json\/wp\/v2\/media\/120433"}],"wp:attachment":[{"href":"https:\/\/www.europesays.com\/fr\/wp-json\/wp\/v2\/media?parent=120432"}],"wp:term":[{"taxonomy":"category","embeddable":true,"href":"https:\/\/www.europesays.com\/fr\/wp-json\/wp\/v2\/categories?post=120432"},{"taxonomy":"post_tag","embeddable":true,"href":"https:\/\/www.europesays.com\/fr\/wp-json\/wp\/v2\/tags?post=120432"}],"curies":[{"name":"wp","href":"https:\/\/api.w.org\/{rel}","templated":true}]}}