{"id":120456,"date":"2025-05-22T21:58:08","date_gmt":"2025-05-22T21:58:08","guid":{"rendered":"https:\/\/www.europesays.com\/fr\/120456\/"},"modified":"2025-05-22T21:58:08","modified_gmt":"2025-05-22T21:58:08","slug":"attaque-en-justice-par-des-participants-le-coorganisateur-annule-la-deuxieme-edition-du-jeu-de-piste-liberation","status":"publish","type":"post","link":"https:\/\/www.europesays.com\/fr\/120456\/","title":{"rendered":"attaqu\u00e9 en justice par des participants, le coorganisateur annule la deuxi\u00e8me \u00e9dition du jeu de piste \u2013 Lib\u00e9ration"},"content":{"rendered":"<p class=\"sc-ksZaOG ehjQrN text-element\">La plus c\u00e9l\u00e8bre des chasses au tr\u00e9sor de France n\u2019aura pas de suite. Du moins, pour le moment. Dans un message fracassant publi\u00e9 sur le forum <a href=\"https:\/\/discord.com\/invite\/chouette\" target=\"_blank\" rel=\"noreferrer nofollow noopener\" title=\"https:\/\/discord.com\/invite\/chouette\">Discord<\/a> lundi 19\u00a0mai, le cocr\u00e9ateur de la <a href=\"https:\/\/www.liberation.fr\/societe\/chouette-dor-le-tresor-a-file-a-letranger-le-vainqueur-veut-rester-anonyme-20241014_ZJUWF3FPQJHYLMHIF3UQNFNYQA\/\" target=\"_blank\" rel=\"noreferrer nofollow noopener\" title=\"https:\/\/www.liberation.fr\/societe\/chouette-dor-le-tresor-a-file-a-letranger-le-vainqueur-veut-rester-anonyme-20241014_ZJUWF3FPQJHYLMHIF3UQNFNYQA\/\">Chouette d\u2019or<\/a>, Michel Becker, a annonc\u00e9 que le jeu de piste ne conna\u00eetra finalement pas de deuxi\u00e8me \u00e9dition. \u00abCoauteurs, collaborateurs, partenaires, et moi-m\u00eame, d\u00e9cidons de surseoir \u00e0 la suite du jeu. La Chouette d\u2019or reverra le jour sous d\u2019autres cieux, en d\u2019autres mains, offerte \u00e0 des passions plus positives\u00bb, \u00e9crit le peintre. L\u2019homme \u00e2g\u00e9 de 71\u00a0ans avait illustr\u00e9 les \u00e9nigmes du livre de la premi\u00e8re \u00e9dition et fabriqu\u00e9 la mythique statuette recherch\u00e9e pendant trente et un\u00a0ans par des milliers de \u00abchouetteurs\u00bb en France.<\/p>\n<p class=\"sc-ksZaOG ehjQrN text-element\">A l\u2019origine de ce revirement de situation\u00a0: une ambiance tendue au sein de la communaut\u00e9 des participants. Pour rappel, la premi\u00e8re chasse au tr\u00e9sor <a href=\"https:\/\/www.liberation.fr\/societe\/chouette-dor-le-tresor-chasse-depuis-31-ans-a-ete-deterre-annonce-lorganisateur-20241003_SE6D45BOKRFEHFMBW3BZ3OQMMQ\/\" target=\"_blank\" rel=\"noreferrer nofollow noopener\" title=\"https:\/\/www.liberation.fr\/societe\/chouette-dor-le-tresor-chasse-depuis-31-ans-a-ete-deterre-annonce-lorganisateur-20241003_SE6D45BOKRFEHFMBW3BZ3OQMMQ\/\">s\u2019est achev\u00e9e en octobre<\/a>. La statuette du volatile, d\u2019une valeur estim\u00e9e \u00e0 150\u00a0000\u00a0euros, a \u00e9t\u00e9 retrouv\u00e9e enterr\u00e9e \u00e0 Dabo (Moselle), ce que supposaient d\u2019ailleurs certains enqu\u00eateurs amateurs. Probl\u00e8me\u00a0: les solutions et le lieu de la cache, r\u00e9v\u00e9l\u00e9s dans un film diffus\u00e9 en mai au cin\u00e9ma, ne convainquent pas tout le monde.<\/p>\n<p class=\"sc-ksZaOG ehjQrN text-element\">Pour une partie des joueurs, les r\u00e9ponses livr\u00e9es dans la D\u00e9couverte de la Chouette d\u2019or <a href=\"https:\/\/www.liberation.fr\/checknews\/chouette-dor-pourquoi-les-solutions-aux-enigmes-decoivent-et-agacent-les-chouetteurs-20250505_GA4ZRZNVL5GQZMLN7ODRQ7WJM4\/\" target=\"_blank\" rel=\"noreferrer nofollow noopener\" title=\"https:\/\/www.liberation.fr\/checknews\/chouette-dor-pourquoi-les-solutions-aux-enigmes-decoivent-et-agacent-les-chouetteurs-20250505_GA4ZRZNVL5GQZMLN7ODRQ7WJM4\/\">ne seraient pas vraiment celles du cr\u00e9ateur originel des \u00e9nigmes<\/a>, R\u00e9gis Hauser, alias <a href=\"https:\/\/www.liberation.fr\/guide\/2001\/01\/26\/max-et-la-chasse-au-masque_352408\/\" target=\"_blank\" rel=\"noreferrer nofollow noopener\" title=\"https:\/\/www.liberation.fr\/guide\/2001\/01\/26\/max-et-la-chasse-au-masque_352408\/\">Max Valentin<\/a>. Apr\u00e8s sa mort en\u00a02009, le jeu avait connu plusieurs ann\u00e9es de pause avant d\u2019\u00eatre relanc\u00e9 par Michel Becker en\u00a02021. Le doute est tel qu\u2019une plainte a m\u00eame \u00e9t\u00e9 d\u00e9pos\u00e9e pour escroquerie par une association de 200 joueurs contre ce dernier. Certains participants poursuivent toujours leurs recherches malgr\u00e9 la fin officielle du jeu.<\/p>\n<p class=\"sc-ksZaOG ehjQrN text-element\">Dans son message sur Discord, Michel Becker d\u00e9nonce ainsi un \u00abclimat d\u00e9l\u00e9t\u00e8re\u00bb. Il \u00e9voque une \u00abp\u00e9riode houleuse\u00bb faite de \u00abd\u00e9ni, critiques, rumeurs infond\u00e9es, harc\u00e8lements et insultes\u00bb. Un \u00abd\u00e9ni de r\u00e9alit\u00e9 entretenu par les joueurs d\u00e9\u00e7us ceux-l\u00e0 m\u00eames qui quelques ann\u00e9es auparavant nous r\u00e9clamaient la relance du jeu en un moment o\u00f9 il nous \u00e9tait loisible de l\u2019arr\u00eater\u00bb, regrette-t-il.<\/p>\n<p class=\"sc-ksZaOG ehjQrN text-element\">La Chouette d\u2019or 2 devait initialement d\u00e9buter le 24\u00a0avril. Alors que la premi\u00e8re \u00e9dition se cantonnait \u00e0 la France, la seconde ambitionnait de franchir les fronti\u00e8res. Michel Becker promettait alors que les \u00abchouetteurs\u00bb voyageraient cette fois dans l\u2019histoire, avec \u00abdes \u00e9l\u00e9ments \u00e0 trouver qui ne seront pas uniquement du cryptage ou du d\u00e9codage\u00bb. Cr\u00e9\u00e9e par la maison d\u2019orf\u00e8vrerie Christofle, la nouvelle statuette \u00e9tait en cours de fabrication et devait valoir entre 250\u00a0000\u00a0et 300\u00a0000 euros.<\/p>\n","protected":false},"excerpt":{"rendered":"La plus c\u00e9l\u00e8bre des chasses au tr\u00e9sor de France n\u2019aura pas de suite. Du moins, pour le moment.&hellip;\n","protected":false},"author":2,"featured_media":120457,"comment_status":"","ping_status":"","sticky":false,"template":"","format":"standard","meta":{"footnotes":""},"categories":[1359],"tags":[10302,58,59,1011,27,973,938],"class_list":{"0":"post-120456","1":"post","2":"type-post","3":"status-publish","4":"format-standard","5":"has-post-thumbnail","7":"category-people","8":"tag-bourges","9":"tag-divertissement","10":"tag-entertainment","11":"tag-fr","12":"tag-france","13":"tag-people","14":"tag-reseaux-sociaux"},"share_on_mastodon":{"url":"https:\/\/pubeurope.com\/@fr\/114553730233950085","error":""},"_links":{"self":[{"href":"https:\/\/www.europesays.com\/fr\/wp-json\/wp\/v2\/posts\/120456","targetHints":{"allow":["GET"]}}],"collection":[{"href":"https:\/\/www.europesays.com\/fr\/wp-json\/wp\/v2\/posts"}],"about":[{"href":"https:\/\/www.europesays.com\/fr\/wp-json\/wp\/v2\/types\/post"}],"author":[{"embeddable":true,"href":"https:\/\/www.europesays.com\/fr\/wp-json\/wp\/v2\/users\/2"}],"replies":[{"embeddable":true,"href":"https:\/\/www.europesays.com\/fr\/wp-json\/wp\/v2\/comments?post=120456"}],"version-history":[{"count":0,"href":"https:\/\/www.europesays.com\/fr\/wp-json\/wp\/v2\/posts\/120456\/revisions"}],"wp:featuredmedia":[{"embeddable":true,"href":"https:\/\/www.europesays.com\/fr\/wp-json\/wp\/v2\/media\/120457"}],"wp:attachment":[{"href":"https:\/\/www.europesays.com\/fr\/wp-json\/wp\/v2\/media?parent=120456"}],"wp:term":[{"taxonomy":"category","embeddable":true,"href":"https:\/\/www.europesays.com\/fr\/wp-json\/wp\/v2\/categories?post=120456"},{"taxonomy":"post_tag","embeddable":true,"href":"https:\/\/www.europesays.com\/fr\/wp-json\/wp\/v2\/tags?post=120456"}],"curies":[{"name":"wp","href":"https:\/\/api.w.org\/{rel}","templated":true}]}}