{"id":12046,"date":"2025-04-09T07:30:10","date_gmt":"2025-04-09T07:30:10","guid":{"rendered":"https:\/\/www.europesays.com\/fr\/12046\/"},"modified":"2025-04-09T07:30:10","modified_gmt":"2025-04-09T07:30:10","slug":"inclusion-numerique-en-sante-votre-avis-compte","status":"publish","type":"post","link":"https:\/\/www.europesays.com\/fr\/12046\/","title":{"rendered":"Inclusion num\u00e9rique en sant\u00e9 : votre avis compte !"},"content":{"rendered":"<p>La Ville de Roubaix et l\u2019ARS Hauts-de-France lancent une grande enqu\u00eate aupr\u00e8s des habitants pour mieux comprendre leurs besoins en mati\u00e8re d\u2019inclusion num\u00e9rique en sant\u00e9. L\u2019objectif ? <strong>Identifier les freins, les manques, mais aussi les dispositifs qui fonctionnent d\u00e9j\u00e0 sur le territoire afin d\u2019am\u00e9liorer l\u2019acc\u00e8s aux soins pour tous.<\/strong><\/p>\n<p>L\u2019inclusion num\u00e9rique en sant\u00e9, c\u2019est quoi ?<\/p>\n<p>C\u2019est la volont\u00e9 de rendre le num\u00e9rique accessible \u00e0 toutes et tous, y compris lorsqu\u2019il s\u2019agit de prendre soin de sa sant\u00e9 : acc\u00e9der \u00e0 Internet, utiliser une application de sant\u00e9, prendre un rendez-vous sur Doctolib, cr\u00e9er un compte Ameli ou encore suivre une t\u00e9l\u00e9consultation.<\/p>\n<p>Pour beaucoup, ces d\u00e9marches sont devenues incontournables\u2026 mais restent parfois hors de port\u00e9e pour des raisons techniques, mat\u00e9rielles ou de comp\u00e9tences.<\/p>\n<p>Un projet pour mieux accompagner les habitants<\/p>\n<p>Ce projet s\u2019inscrit dans une dynamique plus large de lutte contre les in\u00e9galit\u00e9s d\u2019acc\u00e8s aux soins et de fracture num\u00e9rique. La Ville de Roubaix, accompagn\u00e9e du cabinet Eurogroup Consulting mandat\u00e9 par l\u2019ARS, a engag\u00e9 une d\u00e9marche ambitieuse d\u2019\u00e9tat des lieux. Ce travail vise \u00e0 recenser :<\/p>\n<ul>\n<li>Les dispositifs existants en mati\u00e8re de m\u00e9diation num\u00e9rique ou d\u2019accompagnement sant\u00e9 ;<\/li>\n<li>Les besoins concrets des Roubaisiens et Roubaisiennes sur ces sujets.<\/li>\n<\/ul>\n<p>Gr\u00e2ce \u00e0 votre participation, Roubaix entend devenir un territoire exemplaire en mati\u00e8re d\u2019inclusion num\u00e9rique en sant\u00e9.<\/p>\n<p>Donnez votre avis en quelques clics<\/p>\n<p>Un questionnaire anonyme \u00e0 destination de la population est <strong>disponible jusqu\u2019au 25 avril 2025<\/strong>. Il ne vous prendra que quelques minutes et vos r\u00e9ponses permettront d\u2019orienter les futures actions de la ville.<\/p>\n<p>R\u00e9pondre au questionnaire ici : <strong><a href=\"https:\/\/forms.office.com\/pages\/responsepage.aspx?id=6E2Ixo6dI0qSI-yd9aXqilXd6drYr01CrR8mOdhvUqZURERVTEM5SDJPRkNTNFI2VzNPTDlYRE80SS4u&amp;route=shorturl\" target=\"_blank\" rel=\"noopener\">Ville de Roubaix \u2013 Questionnaire \u00e0 destination de la population<\/a><\/strong><\/p>\n","protected":false},"excerpt":{"rendered":"La Ville de Roubaix et l\u2019ARS Hauts-de-France lancent une grande enqu\u00eate aupr\u00e8s des habitants pour mieux comprendre leurs&hellip;\n","protected":false},"author":2,"featured_media":12047,"comment_status":"","ping_status":"","sticky":false,"template":"","format":"standard","meta":{"footnotes":""},"categories":[2815],"tags":[5646,1111,11,1777,674,1011,27,811,1307,12,5647,25,71],"class_list":{"0":"post-12046","1":"post","2":"type-post","3":"status-publish","4":"format-standard","5":"has-post-thumbnail","7":"category-lille","8":"tag-acces-aux-soins","9":"tag-actu","10":"tag-actualites","11":"tag-eu","12":"tag-europe","13":"tag-fr","14":"tag-france","15":"tag-hauts-de-france","16":"tag-lille","17":"tag-news","18":"tag-questionnaire","19":"tag-republique-francaise","20":"tag-sante"},"share_on_mastodon":{"url":"https:\/\/pubeurope.com\/@fr\/114306837714671169","error":""},"_links":{"self":[{"href":"https:\/\/www.europesays.com\/fr\/wp-json\/wp\/v2\/posts\/12046","targetHints":{"allow":["GET"]}}],"collection":[{"href":"https:\/\/www.europesays.com\/fr\/wp-json\/wp\/v2\/posts"}],"about":[{"href":"https:\/\/www.europesays.com\/fr\/wp-json\/wp\/v2\/types\/post"}],"author":[{"embeddable":true,"href":"https:\/\/www.europesays.com\/fr\/wp-json\/wp\/v2\/users\/2"}],"replies":[{"embeddable":true,"href":"https:\/\/www.europesays.com\/fr\/wp-json\/wp\/v2\/comments?post=12046"}],"version-history":[{"count":0,"href":"https:\/\/www.europesays.com\/fr\/wp-json\/wp\/v2\/posts\/12046\/revisions"}],"wp:featuredmedia":[{"embeddable":true,"href":"https:\/\/www.europesays.com\/fr\/wp-json\/wp\/v2\/media\/12047"}],"wp:attachment":[{"href":"https:\/\/www.europesays.com\/fr\/wp-json\/wp\/v2\/media?parent=12046"}],"wp:term":[{"taxonomy":"category","embeddable":true,"href":"https:\/\/www.europesays.com\/fr\/wp-json\/wp\/v2\/categories?post=12046"},{"taxonomy":"post_tag","embeddable":true,"href":"https:\/\/www.europesays.com\/fr\/wp-json\/wp\/v2\/tags?post=12046"}],"curies":[{"name":"wp","href":"https:\/\/api.w.org\/{rel}","templated":true}]}}