{"id":120471,"date":"2025-05-22T22:06:17","date_gmt":"2025-05-22T22:06:17","guid":{"rendered":"https:\/\/www.europesays.com\/fr\/120471\/"},"modified":"2025-05-22T22:06:17","modified_gmt":"2025-05-22T22:06:17","slug":"cannes-2025-suzanne-lindon-illumine-la-croisette-dans-un-rose-retro-parfaitement-maitrise","status":"publish","type":"post","link":"https:\/\/www.europesays.com\/fr\/120471\/","title":{"rendered":"CANNES 2025. Suzanne Lindon illumine la Croisette dans un rose r\u00e9tro parfaitement ma\u00eetris\u00e9"},"content":{"rendered":"<p>Jeudi 22 mai, les stars ont encore enflamm\u00e9 le tapis rouge du<br \/>\n<a href=\"https:\/\/www.closermag.fr\/people\/cannes-2025-ca-hurlait-scene-dhorreur-au-festival-encore-a-cause-de-julia-ducournau-3547017\" target=\"_blank\" rel=\"noopener\"><br \/>\nFestival de Cannes<\/a>. \u00c0 commencer par l&rsquo;\u00e9quipe de film de C\u00e9dric<br \/>\nKlapisch. Vers 18 heures, les acteurs de sa nouvelle com\u00e9die,<br \/>\n<strong>La Venue de l&rsquo;aveni<\/strong>r, ont d\u00e9barqu\u00e9. Parmi<br \/>\neux, Julia Piaton, Paul Kircher, Vassili Schneider, Sara Giraudeau,<br \/>\nZinedine Soualem, Vincent Macaigne, C\u00e9cile de France et<br \/>\n<strong>Suzanne Lindon<\/strong>. Cette derni\u00e8re n&rsquo;avait pas l\u00e9sin\u00e9<br \/>\nsur les moyens.<\/p>\n<p>Elle est apparue dans une robe particuli\u00e8rement \u00e9l\u00e9gante.<br \/>\nMoulante, bustier, (tr\u00e8s) longue, en soie. Et surtout : dans un<br \/>\nrose r\u00e9tro particuli\u00e8rement ma\u00eetris\u00e9, \u00e9voquant \u00e0 la fois<br \/>\n<strong>l\u2019\u00e9l\u00e9gance vintage des ic\u00f4nes hollywoodiennes<\/strong> et<br \/>\nune modernit\u00e9 audacieusement assum\u00e9e. En teinte l\u00e9g\u00e8rement poudr\u00e9e,<br \/>\ncette couleur glamour a capt\u00e9 la lumi\u00e8re comme un projecteur. Et<br \/>\nsublim\u00e9 la silhouette (tr\u00e8s) fluette de l&rsquo;actrice de 25 ans. Elle<br \/>\nl&rsquo;avait accessoiris\u00e9e avec des boucles d&rsquo;oreilles fines et un<br \/>\nchignon, pour accentuer l&rsquo;effet r\u00e9tro.<\/p>\n<p>Suzanne Lindon : \u00e0 Cannes, son look<br \/>\nfait mouche<\/p>\n<p><a href=\"https:\/\/www.closermag.fr\/article-live\/en-direct-cannes-2025-suivez-avec-nous-la-montee-des-marches-du-22-mai\" target=\"_blank\" rel=\"noopener\"><br \/>\nSuzanne Lindon<\/a> semble \u00eatre la nouvelle sensation \u00e0 surveiller<br \/>\nde pr\u00e8s ! Elle a fait une <strong>apparition tr\u00e8s remarqu\u00e9e sur la<br \/>\nCroisette<\/strong>. Avec son allure \u00e0 la fois solaire et<br \/>\nsophistiqu\u00e9e, elle incarne cette g\u00e9n\u00e9ration de talents qui<br \/>\nbousculent les codes avec \u00e9l\u00e9gance. Robe vaporeuse, sourire<br \/>\nd\u00e9sarmant et regard franc, <strong>elle a \u00e9lectris\u00e9 le tapis rouge<br \/>\nsans en faire trop<\/strong>.<\/p>\n<p>\nFille des c\u00e9l\u00e8bres com\u00e9diens <a href=\"https:\/\/www.closermag.fr\/people\/sandrine-kiberlain-son-impressionnante-evolution-physique-en-images-3271088\" target=\"_blank\" rel=\"noopener\"><br \/>\nSandrine Kiberlain<\/a> et <a href=\"https:\/\/www.telestar.fr\/actu_tv\/que-je-me-ridiculise-vincent-lindon-panique-apres-une-question-pourtant-simple-de-yann-barthes-1705069\" target=\"_blank\" rel=\"noopener\"><br \/>\nVincent Lindon<\/a>, elle baigne depuis son plus jeune \u00e2ge dans un<br \/>\n<strong>univers artistique riche<\/strong> et inspirant.<\/p>\n<p>Son arri\u00e8re-grand-p\u00e8re, Raymond Lindon, \u00e9tait magistrat et maire<br \/>\nd&rsquo;\u00c9tretat, et elle est \u00e9galement la petite-ni\u00e8ce de J\u00e9r\u00f4me Lindon,<br \/>\ndirecteur des \u00c9ditions de Minuit.\u00a0<\/p>\n<p>Diaporama<br \/>\n<img decoding=\"async\" class=\"diapo_img img-responsive lazy-load\" loading=\"lazy\" src=\"https:\/\/www.europesays.com\/fr\/wp-content\/uploads\/2025\/05\/bestimage_00708021_000156-scaled.jpeg\"\/><\/p>\n<p>Jacovides-Moreau \/ Bestimage<\/p>\n<p>1\/5 CANNES 2025. Suzanne Lindon illumine la<br \/>\nCroisette dans un rose r\u00e9tro parfaitement ma\u00eetris\u00e9<\/p>\n<p>Suzanne Lindon a mont\u00e9 les marches du film \u00ab La venue de<br \/>\nl\u2019avenir \u00bb lors du 78\u00e8me Festival de Cannes, le 22 mai<br \/>\n2025\u00a0<\/p>\n<p><img decoding=\"async\" class=\"diapo_img img-responsive lazy-load\" loading=\"lazy\" src=\"https:\/\/www.europesays.com\/fr\/wp-content\/uploads\/2025\/05\/bestimage_00708021_000001-scaled.jpeg\"\/><\/p>\n<p>Jacovides-Moreau \/ Bestimage<\/p>\n<p>2\/5 CANNES 2025. Suzanne Lindon illumine la<br \/>\nCroisette dans un rose r\u00e9tro parfaitement ma\u00eetris\u00e9<\/p>\n<p>C\u00e9cile de France (Bijoux Tasaki), Bruno L\u00e9vy, Julia Piaton<br \/>\n(Bijoux Tasaki), C\u00e9dric Klapisch, Suzanne Lindon, Ariadna Cabrol,<br \/>\nSara Giraudeau, Abraham Wapler, Vincent Macaigne.\u00a0<\/p>\n<p><img decoding=\"async\" class=\"diapo_img img-responsive lazy-load\" loading=\"lazy\" src=\"https:\/\/www.europesays.com\/fr\/wp-content\/uploads\/2025\/05\/bestimage_00708021_000178-scaled.jpeg\"\/><\/p>\n<p>Jacovides-Moreau \/ Bestimage<\/p>\n<p>3\/5 CANNES 2025. Suzanne Lindon illumine la<br \/>\nCroisette dans un rose r\u00e9tro parfaitement ma\u00eetris\u00e9<\/p>\n<p>Zoom sur l&rsquo;actrice de 25 ans<\/p>\n<p><img decoding=\"async\" class=\"diapo_img img-responsive lazy-load\" loading=\"lazy\" src=\"https:\/\/www.europesays.com\/fr\/wp-content\/uploads\/2025\/05\/bestimage_00708021_000194-scaled.jpeg\"\/><\/p>\n<p>Jacovides-Moreau \/ Bestimage<\/p>\n<p>4\/5 CANNES 2025. Suzanne Lindon illumine la<br \/>\nCroisette dans un rose r\u00e9tro parfaitement ma\u00eetris\u00e9<\/p>\n<p>Pour cette mont\u00e9e des marches, Suzanne Lindo avait opt\u00e9 pour un<br \/>\nlook r\u00e9tro.\u00a0<\/p>\n<p><img decoding=\"async\" class=\"diapo_img img-responsive lazy-load\" loading=\"lazy\" src=\"https:\/\/www.europesays.com\/fr\/wp-content\/uploads\/2025\/05\/bestimage_00708021_000199-scaled.jpeg\"\/><\/p>\n<p>Jacovides-Moreau \/ Bestimage<\/p>\n<p>5\/5 CANNES 2025. Suzanne Lindon illumine la<br \/>\nCroisette dans un rose r\u00e9tro parfaitement ma\u00eetris\u00e9<\/p>\n<p>Sara Giraudeau, C\u00e9cile de France (Bijoux Tasaki), Suzanne Lindon<br \/>\n&#8211; Mont\u00e9e des marches du film \u00ab\u00a0La venue de l\u2019avenir\u00a0\u00bb.<\/p>\n","protected":false},"excerpt":{"rendered":"Jeudi 22 mai, les stars ont encore enflamm\u00e9 le tapis rouge du Festival de Cannes. \u00c0 commencer par&hellip;\n","protected":false},"author":2,"featured_media":120472,"comment_status":"","ping_status":"","sticky":false,"template":"","format":"standard","meta":{"footnotes":""},"categories":[8],"tags":[58,59,5634,1011,27,1638],"class_list":{"0":"post-120471","1":"post","2":"type-post","3":"status-publish","4":"format-standard","5":"has-post-thumbnail","7":"category-divertissement","8":"tag-divertissement","9":"tag-entertainment","10":"tag-festival-de-cannes","11":"tag-fr","12":"tag-france","13":"tag-has_diapo"},"share_on_mastodon":{"url":"https:\/\/pubeurope.com\/@fr\/114553761648522931","error":""},"_links":{"self":[{"href":"https:\/\/www.europesays.com\/fr\/wp-json\/wp\/v2\/posts\/120471","targetHints":{"allow":["GET"]}}],"collection":[{"href":"https:\/\/www.europesays.com\/fr\/wp-json\/wp\/v2\/posts"}],"about":[{"href":"https:\/\/www.europesays.com\/fr\/wp-json\/wp\/v2\/types\/post"}],"author":[{"embeddable":true,"href":"https:\/\/www.europesays.com\/fr\/wp-json\/wp\/v2\/users\/2"}],"replies":[{"embeddable":true,"href":"https:\/\/www.europesays.com\/fr\/wp-json\/wp\/v2\/comments?post=120471"}],"version-history":[{"count":0,"href":"https:\/\/www.europesays.com\/fr\/wp-json\/wp\/v2\/posts\/120471\/revisions"}],"wp:featuredmedia":[{"embeddable":true,"href":"https:\/\/www.europesays.com\/fr\/wp-json\/wp\/v2\/media\/120472"}],"wp:attachment":[{"href":"https:\/\/www.europesays.com\/fr\/wp-json\/wp\/v2\/media?parent=120471"}],"wp:term":[{"taxonomy":"category","embeddable":true,"href":"https:\/\/www.europesays.com\/fr\/wp-json\/wp\/v2\/categories?post=120471"},{"taxonomy":"post_tag","embeddable":true,"href":"https:\/\/www.europesays.com\/fr\/wp-json\/wp\/v2\/tags?post=120471"}],"curies":[{"name":"wp","href":"https:\/\/api.w.org\/{rel}","templated":true}]}}