{"id":120475,"date":"2025-05-22T22:08:09","date_gmt":"2025-05-22T22:08:09","guid":{"rendered":"https:\/\/www.europesays.com\/fr\/120475\/"},"modified":"2025-05-22T22:08:09","modified_gmt":"2025-05-22T22:08:09","slug":"intermarche-annonce-des-cessions-dusines-les-sites-de-lanester-et-clohars-carnoet-concernes","status":"publish","type":"post","link":"https:\/\/www.europesays.com\/fr\/120475\/","title":{"rendered":"Intermarch\u00e9 annonce des cessions d\u2019usines, les sites de Lanester et Clohars-Carno\u00ebt concern\u00e9s"},"content":{"rendered":"<p>Ce jeudi 22 mai 2025, le p\u00f4le industriel d\u2019Intermarch\u00e9, Agromousquetaires, a annonc\u00e9 la recherche de cessions de huit de ses usines, dont Lanester, Clohars-Carno\u00ebt et Ploz\u00e9vet, selon une information du m\u00e9dia <a href=\"https:\/\/www.olivierdauvers.fr\/2025\/05\/22\/exclu-nouvelles-cessions-dusines-pour-intermarche\/\" target=\"_blank\" rel=\"nofollow noopener\">Web Grande consommation<\/a>. 1\u00a0200 salari\u00e9s sont concern\u00e9s au total, dont quatre unit\u00e9s sur le p\u00f4le mer. Dans le m\u00eame temps, l\u2019intersyndicale indique que \u00ab\u00a0le pr\u00e9sident d\u2019Intermarch\u00e9, Thierry Cotillard, a promis un plan d\u2019investissement de 150 M\u20ac annuels sur les cinq prochaines ann\u00e9es\u00a0\u00bb.<\/p>\n<p>Capitaine Cook d\u00e9j\u00e0 en cession<\/p>\n<p>S\u2019agissant de Clohars-Carno\u00ebt, o\u00f9 sont produits essentiellement des surimis, le groupe Les Mousquetaires s\u2019est d\u00e9sengag\u00e9 de l\u2019usine depuis juin 2024. 111 salari\u00e9s y travaillent. \u00ab\u00a0Depuis, on peine \u00e0 trouver un repreneur\u00a0\u00bb, indique Claude Le Martelot, d\u00e9l\u00e9gu\u00e9 syndical CGT. Du c\u00f4t\u00e9 de Lanester, Capitaine Houat, distributeur de produits de la mer, a connu des moments difficiles, avec <a href=\"https:\/\/www.letelegramme.fr\/morbihan\/lorient-56100\/capitaine-houat-en-difficulte-mais-les-emplois-du-bassin-de-lorient-sauvegardes-6579532.php\" target=\"_blank\" rel=\"nofollow noopener\">un plan de sauvegarde de l\u2019emploi, en 2024<\/a>. Pour d\u2019autres sites, comme Antartic II (Ard\u00e8che), Cook Plozevet (Finist\u00e8re) et Vertumnus (Oise), \u00ab\u00a0c\u2019est un choc qu\u2019aucun \u00e9l\u00e9ment ne laissait pr\u00e9sager\u00a0\u00bb, \u00e9crit l\u2019intersyndicale. Les autres usines concern\u00e9es sont les suivantes\u00a0: Capitaine Houat, \u00e0 Boulogne-sur-Mer\u00a0; Le Fournil du Val de Loire\u00a0; Sveltic (Ille-et-Vilaine)\u00a0; Lyana (Loire-Atlantique et Maine-et-Loire)\u00a0;<\/p>\n<p>Les projets de cession devraient s\u2019appliquer dans les mois \u00e0 venir. \u00ab\u00a0Cette annonce est ressentie comme le d\u00e9but d\u2019un d\u00e9sengagement qui va s\u2019\u00e9taler dans le temps et qui pourra avoir, \u00e9galement, des cons\u00e9quences indirectes de r\u00e9duction de l\u2019emploi sur l\u2019ensemble des \u00e9quipes support\u00a0\u00bb, ajoutent les syndicats.<\/p>\n<p>CSE dans les 55 sites<\/p>\n<p>Ce vendredi 23 mai, face \u00e0 ce que les syndicats appellent \u00ab\u00a0un total d\u00e9sengagement\u00a0\u00bb, source de \u00ab\u00a0vives inqui\u00e9tudes, voire de risques psycho-sociaux importants chez des salari\u00e9s d\u00e9j\u00e0 d\u00e9sabus\u00e9s\u00a0\u00bb, des CSE (comit\u00e9s sociaux et \u00e9conomiques) auront lieu dans les 55 sites. L\u2019objectif \u00e9tant, selon Claude Le Martelot, \u00ab\u00a0d\u2019\u00e9viter toute casse sociale\u00a0\u00bb.<\/p>\n","protected":false},"excerpt":{"rendered":"Ce jeudi 22 mai 2025, le p\u00f4le industriel d\u2019Intermarch\u00e9, Agromousquetaires, a annonc\u00e9 la recherche de cessions de huit&hellip;\n","protected":false},"author":2,"featured_media":120476,"comment_status":"","ping_status":"","sticky":false,"template":"","format":"standard","meta":{"footnotes":""},"categories":[6],"tags":[11,35,24221,33,34,765,1011,27,6349,1781,24222],"class_list":{"0":"post-120475","1":"post","2":"type-post","3":"status-publish","4":"format-standard","5":"has-post-thumbnail","7":"category-economie","8":"tag-actualites","9":"tag-business","10":"tag-clohars-carnoet","11":"tag-economie","12":"tag-economy","13":"tag-en-continu","14":"tag-fr","15":"tag-france","16":"tag-lanester","17":"tag-lorient","18":"tag-plozevet"},"share_on_mastodon":{"url":"https:\/\/pubeurope.com\/@fr\/114553769373421961","error":""},"_links":{"self":[{"href":"https:\/\/www.europesays.com\/fr\/wp-json\/wp\/v2\/posts\/120475","targetHints":{"allow":["GET"]}}],"collection":[{"href":"https:\/\/www.europesays.com\/fr\/wp-json\/wp\/v2\/posts"}],"about":[{"href":"https:\/\/www.europesays.com\/fr\/wp-json\/wp\/v2\/types\/post"}],"author":[{"embeddable":true,"href":"https:\/\/www.europesays.com\/fr\/wp-json\/wp\/v2\/users\/2"}],"replies":[{"embeddable":true,"href":"https:\/\/www.europesays.com\/fr\/wp-json\/wp\/v2\/comments?post=120475"}],"version-history":[{"count":0,"href":"https:\/\/www.europesays.com\/fr\/wp-json\/wp\/v2\/posts\/120475\/revisions"}],"wp:featuredmedia":[{"embeddable":true,"href":"https:\/\/www.europesays.com\/fr\/wp-json\/wp\/v2\/media\/120476"}],"wp:attachment":[{"href":"https:\/\/www.europesays.com\/fr\/wp-json\/wp\/v2\/media?parent=120475"}],"wp:term":[{"taxonomy":"category","embeddable":true,"href":"https:\/\/www.europesays.com\/fr\/wp-json\/wp\/v2\/categories?post=120475"},{"taxonomy":"post_tag","embeddable":true,"href":"https:\/\/www.europesays.com\/fr\/wp-json\/wp\/v2\/tags?post=120475"}],"curies":[{"name":"wp","href":"https:\/\/api.w.org\/{rel}","templated":true}]}}