{"id":12048,"date":"2025-04-09T07:31:08","date_gmt":"2025-04-09T07:31:08","guid":{"rendered":"https:\/\/www.europesays.com\/fr\/12048\/"},"modified":"2025-04-09T07:31:08","modified_gmt":"2025-04-09T07:31:08","slug":"television-pourquoi-le-chef-nordiste-florent-ladeyn-sera-dans-top-chef-ce-mercredi","status":"publish","type":"post","link":"https:\/\/www.europesays.com\/fr\/12048\/","title":{"rendered":"T\u00e9l\u00e9vision. Pourquoi le chef nordiste Florent Ladeyn sera dans Top Chef ce mercredi\u00a0?"},"content":{"rendered":"<p>            Par<br \/>\n        <strong><br \/>\n            <a href=\"https:\/\/actu.fr\/auteur\/nicolas-demollien\" title=\"Consulter tous les articles de Nicolas Demollien\" target=\"_blank\" rel=\"noopener\">Nicolas Demollien<\/a><br \/>\n        <\/strong><\/p>\n<p>        Publi\u00e9 le<\/p>\n<p>            9 avr. 2025 \u00e0 8h34        <\/p>\n<p>C\u2019est une des <b>\u00e9g\u00e9ries culinaires<\/b> du <a href=\"https:\/\/actu.fr\/hauts-de-france\/nord_59\" target=\"_blank\" rel=\"noopener\">Nord<\/a> ! <b>Florent Ladeyn<\/b>, chef de plusieurs \u00e9tablissements \u00e0 <a href=\"https:\/\/actu.fr\/hauts-de-france\/lille_59350\" target=\"_blank\" rel=\"noopener\">Lille<\/a> et dans ses alentours, va <b>participer \u00e0 l\u2019\u00e9pisode<\/b> de <a href=\"https:\/\/actu.fr\/tag\/top-chef\" target=\"_blank\" rel=\"noopener\">Top Chef<\/a> qui sera diffus\u00e9 sur M6 ce <b>mercredi 9 avril 2025<\/b>. Une belle occasion pour lui de revenir dans une \u00e9mission \u00e0 laquelle il a particip\u00e9 en tant que candidat et qui a compt\u00e9 dans son parcours. C\u2019\u00e9tait en 2013 et il s\u2019\u00e9tait alors hiss\u00e9 en finale.<\/p>\n<p>Florent Ladeyn dans Top Chef ce mercredi<\/p>\n<p class=\" wall-content\">Il faudra attendre un peu avant d\u2019assister \u00e0 l\u2019arriv\u00e9e de notre chef embl\u00e9matique ce mercredi. Il sera en effet pr\u00e9sent au moment de l\u2019\u00e9preuve \u00e9liminatoire pour laquelle il sera juge. L\u2019objectif des candidats qui joueront encore leur place sera alors de mettre \u00e0 l\u2019honneur \u00ab\u00a0la cuisine coquine et gourmande\u00a0\u00bb, explique-t-on du c\u00f4t\u00e9 de M6.<\/p>\n<p class=\" wall-content\">Les candidats devront ainsi \u00ab\u00a0associer deux plaisirs coupables et en faire un plat gastronomique\u00a0\u00bb. Et ils ne devront pas s\u00e9duire uniquement Florent Ladeyn puisque le jury sera aussi compos\u00e9 de deux fins gourmets et gourmands : les acteurs Manu Payet et Aure Atika.<\/p>\n<p class=\" wall-content\">Un d\u00e9fi de taille !<\/p>\n<p class=\" wall-content\">Suivez toute l\u2019actualit\u00e9 de vos villes et m\u00e9dias favoris en vous inscrivant \u00e0 <a href=\"https:\/\/moncompte.actu.fr\" title=\"D\u00e9couvez Mon Actu\" rel=\"nofollow noopener\" data-trk=\"{&quot;cta&quot;:{&quot;action&quot;:&quot;https:\\\/\\\/moncompte.actu.fr&quot;,&quot;category&quot;:&quot;mon compte&quot;,&quot;from&quot;:&quot;article footer&quot;,&quot;name&quot;:&quot;Mon actu&quot;,&quot;type&quot;:&quot;cta&quot;}}\" target=\"_blank\">Mon Actu<\/a>.<\/p>\n","protected":false},"excerpt":{"rendered":"Par Nicolas Demollien Publi\u00e9 le 9 avr. 2025 \u00e0 8h34 C\u2019est une des \u00e9g\u00e9ries culinaires du Nord !&hellip;\n","protected":false},"author":2,"featured_media":12049,"comment_status":"","ping_status":"","sticky":false,"template":"","format":"standard","meta":{"footnotes":""},"categories":[2815],"tags":[1111,11,1777,674,1011,27,811,1307,1652,12,25,252,492],"class_list":{"0":"post-12048","1":"post","2":"type-post","3":"status-publish","4":"format-standard","5":"has-post-thumbnail","7":"category-lille","8":"tag-actu","9":"tag-actualites","10":"tag-eu","11":"tag-europe","12":"tag-fr","13":"tag-france","14":"tag-hauts-de-france","15":"tag-lille","16":"tag-loisirs-culture","17":"tag-news","18":"tag-republique-francaise","19":"tag-television","20":"tag-top-chef"},"share_on_mastodon":{"url":"https:\/\/pubeurope.com\/@fr\/114306841721709207","error":""},"_links":{"self":[{"href":"https:\/\/www.europesays.com\/fr\/wp-json\/wp\/v2\/posts\/12048","targetHints":{"allow":["GET"]}}],"collection":[{"href":"https:\/\/www.europesays.com\/fr\/wp-json\/wp\/v2\/posts"}],"about":[{"href":"https:\/\/www.europesays.com\/fr\/wp-json\/wp\/v2\/types\/post"}],"author":[{"embeddable":true,"href":"https:\/\/www.europesays.com\/fr\/wp-json\/wp\/v2\/users\/2"}],"replies":[{"embeddable":true,"href":"https:\/\/www.europesays.com\/fr\/wp-json\/wp\/v2\/comments?post=12048"}],"version-history":[{"count":0,"href":"https:\/\/www.europesays.com\/fr\/wp-json\/wp\/v2\/posts\/12048\/revisions"}],"wp:featuredmedia":[{"embeddable":true,"href":"https:\/\/www.europesays.com\/fr\/wp-json\/wp\/v2\/media\/12049"}],"wp:attachment":[{"href":"https:\/\/www.europesays.com\/fr\/wp-json\/wp\/v2\/media?parent=12048"}],"wp:term":[{"taxonomy":"category","embeddable":true,"href":"https:\/\/www.europesays.com\/fr\/wp-json\/wp\/v2\/categories?post=12048"},{"taxonomy":"post_tag","embeddable":true,"href":"https:\/\/www.europesays.com\/fr\/wp-json\/wp\/v2\/tags?post=12048"}],"curies":[{"name":"wp","href":"https:\/\/api.w.org\/{rel}","templated":true}]}}