{"id":120496,"date":"2025-05-22T22:19:11","date_gmt":"2025-05-22T22:19:11","guid":{"rendered":"https:\/\/www.europesays.com\/fr\/120496\/"},"modified":"2025-05-22T22:19:11","modified_gmt":"2025-05-22T22:19:11","slug":"le-fc-lorient-officialise-le-depart-de-julien-laporte-a-montpellier","status":"publish","type":"post","link":"https:\/\/www.europesays.com\/fr\/120496\/","title":{"rendered":"Le FC Lorient officialise le d\u00e9part de Julien Laporte \u00e0 Montpellier"},"content":{"rendered":"<p>Il reste en Ligue 2 ! Promu avec le FC Lorient en Ligue 1 cette saison, le d\u00e9fenseur central de 31 ans, Julien Laporte a sign\u00e9 un contrat de trois ans avec Montpellier H\u00e9rault, tout juste rel\u00e9gu\u00e9 en Ligue 2. Il est la premi\u00e8re recrue estivale du MHSC.<\/p>\n<p>Le FC Lorient a tenu \u00e0 le remercier chaleureusement. \u00ab Merci pour ton grand professionnalisme, ton \u00e9tat d\u2019esprit irr\u00e9prochable et ton attachement profond aux couleurs tango et noir. Les Merlus te souhaitent une belle suite de carri\u00e8re \u00bb<\/p>\n","protected":false},"excerpt":{"rendered":"Il reste en Ligue 2 ! Promu avec le FC Lorient en Ligue 1 cette saison, le d\u00e9fenseur&hellip;\n","protected":false},"author":2,"featured_media":120497,"comment_status":"","ping_status":"","sticky":false,"template":"","format":"standard","meta":{"footnotes":""},"categories":[9599],"tags":[1111,11,3166,1777,674,3317,63,1011,27,446,1781,23838,2208,12,2680,25,60],"class_list":{"0":"post-120496","1":"post","2":"type-post","3":"status-publish","4":"format-standard","5":"has-post-thumbnail","7":"category-montpellier","8":"tag-actu","9":"tag-actualites","10":"tag-en-continu-sports","11":"tag-eu","12":"tag-europe","13":"tag-fc-lorient","14":"tag-football","15":"tag-fr","16":"tag-france","17":"tag-ligue-2","18":"tag-lorient","19":"tag-mercato-fc-lorient","20":"tag-montpellier","21":"tag-news","22":"tag-occitanie","23":"tag-republique-francaise","24":"tag-sports"},"share_on_mastodon":{"url":"https:\/\/pubeurope.com\/@fr\/114553812638427332","error":""},"_links":{"self":[{"href":"https:\/\/www.europesays.com\/fr\/wp-json\/wp\/v2\/posts\/120496","targetHints":{"allow":["GET"]}}],"collection":[{"href":"https:\/\/www.europesays.com\/fr\/wp-json\/wp\/v2\/posts"}],"about":[{"href":"https:\/\/www.europesays.com\/fr\/wp-json\/wp\/v2\/types\/post"}],"author":[{"embeddable":true,"href":"https:\/\/www.europesays.com\/fr\/wp-json\/wp\/v2\/users\/2"}],"replies":[{"embeddable":true,"href":"https:\/\/www.europesays.com\/fr\/wp-json\/wp\/v2\/comments?post=120496"}],"version-history":[{"count":0,"href":"https:\/\/www.europesays.com\/fr\/wp-json\/wp\/v2\/posts\/120496\/revisions"}],"wp:featuredmedia":[{"embeddable":true,"href":"https:\/\/www.europesays.com\/fr\/wp-json\/wp\/v2\/media\/120497"}],"wp:attachment":[{"href":"https:\/\/www.europesays.com\/fr\/wp-json\/wp\/v2\/media?parent=120496"}],"wp:term":[{"taxonomy":"category","embeddable":true,"href":"https:\/\/www.europesays.com\/fr\/wp-json\/wp\/v2\/categories?post=120496"},{"taxonomy":"post_tag","embeddable":true,"href":"https:\/\/www.europesays.com\/fr\/wp-json\/wp\/v2\/tags?post=120496"}],"curies":[{"name":"wp","href":"https:\/\/api.w.org\/{rel}","templated":true}]}}