{"id":120498,"date":"2025-05-22T22:21:27","date_gmt":"2025-05-22T22:21:27","guid":{"rendered":"https:\/\/www.europesays.com\/fr\/120498\/"},"modified":"2025-05-22T22:21:27","modified_gmt":"2025-05-22T22:21:27","slug":"rosaire-malonga-et-landry-djedje-en-route-pour-rouen","status":"publish","type":"post","link":"https:\/\/www.europesays.com\/fr\/120498\/","title":{"rendered":"Rosaire Malonga et Landry Djedje en route pour Rouen"},"content":{"rendered":"<p>D\u00e9cevant 13e de la derni\u00e8re saison de Pro B, le Rouen M\u00e9tropole Basket sait d\u00e9j\u00e0 qu\u2019il perdra deux \u00e9l\u00e9ments majeurs avec <a title=\"Narcisse Ngoy\" target=\"_blank\" rel=\"noopener nofollow\" href=\"https:\/\/www.bebasket.fr\/joueur\/narcisse-ngoy\">Narcisse Ngoy<\/a> et <a title=\"Clarence Nadolny\" target=\"_blank\" rel=\"noopener nofollow\" href=\"https:\/\/www.bebasket.fr\/joueur\/clarence-nadolny\">Clarence Nadolny<\/a>, attendus par Poitiers et Chalon-sur-Sa\u00f4ne. Pour compenser, le club normand devrait recruter, selon nos informations, <a title=\"Rosaire Malonga (1,88 m, 29 ans)\" target=\"_blank\" rel=\"noopener nofollow\" href=\"https:\/\/www.bebasket.fr\/joueur\/rosaire-malonga\">Rosaire Malonga (1,88 m, 29 ans)<\/a> et <a title=\"Landry Djedje (2,02 m, 21 ans)\" target=\"_blank\" rel=\"noopener nofollow\" href=\"https:\/\/www.bebasket.fr\/joueur\/ange-djedje\">Landry Djedje (2,02 m, 21 ans)<\/a> pour du renouvellement poste pour poste.<\/p>\n<p><strong>Malonga, deuxi\u00e8me chance en Pro B<\/strong><\/p>\n<p><strong>Rosaire Malonga<\/strong> sort d\u2019une saison \u00e9prouvante en NM1 \u00e0 Charleville-M\u00e9zi\u00e8res, o\u00f9 il a obtenu le maintien sur un exceptionnel 41e match (match \u00e0 rejouer contre l\u2019\u00e9quipe de l\u2019INSEP). \u00c0 Rouen, le natif de Melun conna\u00eetra sa deuxi\u00e8me exp\u00e9rience en Pro B, deux ans apr\u00e8s un passage \u00e0 Angers, qui s\u2019\u00e9tait mal termin\u00e9 (4,8 points et 2,6 passes d\u00e9cisives), avec un d\u00e9part pr\u00e9matur\u00e9 en janvier. Il avait remport\u00e9 le titre de champion de France NM1 2022 avec l\u2019EAB, sous les ordres de\u2026 Sylvain Delorme, l\u2019actuel entra\u00eeneur rouennais.<\/p>\n<p>Au RMB, Malonga devrait apporter de la cr\u00e9ation offensive, lui qui sort d\u2019une saison de 39 matchs \u00e0 12,7 points (\u00e0 39% d\u2019adresse et 33% \u00e0 trois points), 4,2 rebonds, 5,8 passes d\u00e9cisives et 1,5 interception en 30 minutes de moyenne. Une saison qu\u2019il a d\u2019ailleurs marqu\u00e9e d\u2019une pierre blanche au mois d\u2019octobre, lorsque Malonga enregistre 23 points, 10 rebonds et 12 passes d\u00e9cisives face \u00e0 Avignon : le <a href=\"https:\/\/www.bebasket.fr\/rosaire-malonga-charleville-mezieres-signe-le-premier-triple-double-en-nm1-depuis-fevrier-2023\" rel=\"nofollow noopener\" target=\"_blank\">premier triple-double en NM1 depuis f\u00e9vrier 2023<\/a>. C\u2019est d\u2019ailleurs la deuxi\u00e8me fois que Rosaire Malonga remplace Clarence Nadolny dans un effectif : ils avaient fait un chass\u00e9-crois\u00e9 <a href=\"https:\/\/www.bebasket.fr\/andrezieux-clarence-nadolny-sen-va-rosaire-malonga-revient\" rel=\"nofollow noopener\" target=\"_blank\">\u00e0 Andr\u00e9zieux d\u00e9but 2023<\/a>.<\/p>\n<p>PROFIL JOUEUR<\/p>\n<p><a title=\"Rosaire Malonga\" href=\"https:\/\/www.bebasket.fr\/joueur\/rosaire-malonga\" rel=\"nofollow noopener\" target=\"_blank\"> <img decoding=\"async\" loading=\"lazy\" class=\"player-infos-image\" src=\"https:\/\/www.europesays.com\/fr\/wp-content\/uploads\/2025\/05\/photo-basketball-player-rosaire-malonga-1ee9a7eb-5154-64b0-bf49-1b54760cd308.jpg\" alt=\"Photo_Basketball_Player-Rosaire Malonga.jpg\" width=\"500\" height=\"500\"\/> <\/a><\/p>\n<p>Poste(s): Meneur\/Arri\u00e8re<\/p>\n<p>Taille: 188 cm<\/p>\n<p>\u00c2ge: 29 ans (28\/09\/1995)<\/p>\n<p>Nationalit\u00e9s:<\/p>\n<p><img decoding=\"async\" loading=\"lazy\" class=\"flag\" title=\"France\" src=\"https:\/\/www.europesays.com\/fr\/wp-content\/uploads\/2025\/04\/drapeau-france-carre-1ee77547-c733-64fc-927d-4f14a8be127a.jpg\" alt=\"drapeau-france-carre.jpg\" width=\"50\" height=\"50\"\/><\/p>\n<p><strong>Djedje, un serial contreur au RMB<\/strong><\/p>\n<p>Du c\u00f4t\u00e9 de la raquette, Rouen perd son prometteur int\u00e9rieur Narcisse Ngoy, en partance pour Poitiers, via un pr\u00eat \u00e0 Poitiers. Pour compenser ce d\u00e9part, le RMB attend <strong>Landry Djedje<\/strong>, en provenance de Besan\u00e7on en NM1 \u00e9galement. Avec BesAC, Djedje sort d\u2019une saison \u00e0 39 matchs o\u00f9 il valait 4,9 points, 4,9 rebonds, 1,2 passe et 2,4 contres en 20 minutes de moyenne. <\/p>\n<p>PROFIL JOUEUR<\/p>\n<p><a title=\"Landry Djedje\" href=\"https:\/\/www.bebasket.fr\/joueur\/ange-djedje\" rel=\"nofollow noopener\" target=\"_blank\"> <img decoding=\"async\" loading=\"lazy\" class=\"player-infos-image\" src=\"https:\/\/www.europesays.com\/fr\/wp-content\/uploads\/2025\/05\/landry-djedje-2024-1ef69e91-a5ec-691a-a4de-7d3982eae5dd.jpg\" alt=\"\" width=\"500\" height=\"500\"\/> <\/a><\/p>\n<p>Poste(s): Pivot<\/p>\n<p>Taille: 202 cm<\/p>\n<p>\u00c2ge: 21 ans (12\/06\/2003)<\/p>\n<p>Nationalit\u00e9s:<\/p>\n<p><img decoding=\"async\" loading=\"lazy\" class=\"flag\" title=\"France\" src=\"https:\/\/www.europesays.com\/fr\/wp-content\/uploads\/2025\/04\/drapeau-france-carre-1ee77547-c733-64fc-927d-4f14a8be127a.jpg\" alt=\"drapeau-france-carre.jpg\" width=\"50\" height=\"50\"\/><\/p>\n<p>Compar\u00e9 \u00e0 Mathias Lessort par son ancien coach Laurent Kleefstra, <strong>Ange Djedje\u00a0<\/strong>est un v\u00e9ritable ph\u00e9nom\u00e8ne athl\u00e9tique (66 centim\u00e8tres de d\u00e9tente s\u00e8che pour 111 kilos !), venu au basket sur le tard. Un chiffre ? 95 contres sur la saison, de loin le meilleur total de Nationale 1 ! Pour cause, son dauphin, <a title=\"Christopher Manerlax\" target=\"_blank\" rel=\"noopener nofollow\" href=\"https:\/\/www.bebasket.fr\/joueur\/christopher-manerlax\">Christopher Manerlax<\/a>, plafonne \u00e0 67. <\/p>\n<p>Lui aussi a connu la Pro B sur une courte p\u00e9riode, avec \u00c9vreux l\u2019ann\u00e9e derni\u00e8re, envoy\u00e9 dans un contexte tr\u00e8s compliqu\u00e9 \u00e0 l\u2019ALM en toute fin de saison, o\u00f9 il n\u2019avait logiquement pas r\u00e9ussi \u00e0 tirer son \u00e9pingle du jeu (1,1 point et 3 rebonds en 7 matchs).<\/p>\n","protected":false},"excerpt":{"rendered":"D\u00e9cevant 13e de la derni\u00e8re saison de Pro B, le Rouen M\u00e9tropole Basket sait d\u00e9j\u00e0 qu\u2019il perdra deux&hellip;\n","protected":false},"author":2,"featured_media":120499,"comment_status":"","ping_status":"","sticky":false,"template":"","format":"standard","meta":{"footnotes":""},"categories":[9587],"tags":[1111,11,1777,674,1011,27,12,5161,25,9590],"class_list":{"0":"post-120498","1":"post","2":"type-post","3":"status-publish","4":"format-standard","5":"has-post-thumbnail","7":"category-rouen","8":"tag-actu","9":"tag-actualites","10":"tag-eu","11":"tag-europe","12":"tag-fr","13":"tag-france","14":"tag-news","15":"tag-normandie","16":"tag-republique-francaise","17":"tag-rouen"},"share_on_mastodon":{"url":"https:\/\/pubeurope.com\/@fr\/114553820583207117","error":""},"_links":{"self":[{"href":"https:\/\/www.europesays.com\/fr\/wp-json\/wp\/v2\/posts\/120498","targetHints":{"allow":["GET"]}}],"collection":[{"href":"https:\/\/www.europesays.com\/fr\/wp-json\/wp\/v2\/posts"}],"about":[{"href":"https:\/\/www.europesays.com\/fr\/wp-json\/wp\/v2\/types\/post"}],"author":[{"embeddable":true,"href":"https:\/\/www.europesays.com\/fr\/wp-json\/wp\/v2\/users\/2"}],"replies":[{"embeddable":true,"href":"https:\/\/www.europesays.com\/fr\/wp-json\/wp\/v2\/comments?post=120498"}],"version-history":[{"count":0,"href":"https:\/\/www.europesays.com\/fr\/wp-json\/wp\/v2\/posts\/120498\/revisions"}],"wp:featuredmedia":[{"embeddable":true,"href":"https:\/\/www.europesays.com\/fr\/wp-json\/wp\/v2\/media\/120499"}],"wp:attachment":[{"href":"https:\/\/www.europesays.com\/fr\/wp-json\/wp\/v2\/media?parent=120498"}],"wp:term":[{"taxonomy":"category","embeddable":true,"href":"https:\/\/www.europesays.com\/fr\/wp-json\/wp\/v2\/categories?post=120498"},{"taxonomy":"post_tag","embeddable":true,"href":"https:\/\/www.europesays.com\/fr\/wp-json\/wp\/v2\/tags?post=120498"}],"curies":[{"name":"wp","href":"https:\/\/api.w.org\/{rel}","templated":true}]}}