{"id":120503,"date":"2025-05-22T22:25:24","date_gmt":"2025-05-22T22:25:24","guid":{"rendered":"https:\/\/www.europesays.com\/fr\/120503\/"},"modified":"2025-05-22T22:25:24","modified_gmt":"2025-05-22T22:25:24","slug":"a-rennes-ces-residents-dehpad-ont-aussi-leurs-olympiades","status":"publish","type":"post","link":"https:\/\/www.europesays.com\/fr\/120503\/","title":{"rendered":"\u00e0 Rennes, ces r\u00e9sidents d&rsquo;Ehpad ont aussi leurs olympiades"},"content":{"rendered":"<p>            Par<br \/>\n        <strong><br \/>\n            <a href=\"https:\/\/actu.fr\/auteur\/lou-batteux\" title=\"Consulter tous les articles de Lou Batteux\" target=\"_blank\" rel=\"noopener\">Lou Batteux<\/a><br \/>\n        <\/strong><\/p>\n<p>        Publi\u00e9 le<\/p>\n<p>            22 mai 2025 \u00e0 17h47        <\/p>\n<p>Cela fait maintenant <strong>plus de 10 ans<\/strong> que le Centre Communal d\u2019Action Sociale (CCAS) de <a href=\"https:\/\/actu.fr\/rennes\/\" target=\"_blank\" rel=\"noopener\">Rennes<\/a> <strong>organise les Olympiades<\/strong> des EHPAD, \u00ab\u00a0un \u00e9v\u00e9nement f\u00e9d\u00e9rateur attendu avec impatience par les r\u00e9sidents\u00a0\u00bb atteste Christophe Fouill\u00e8re, adjoint d\u00e9l\u00e9gu\u00e9 au vieillissement. Cette ann\u00e9e, tout le monde s\u2019est r\u00e9uni au <strong>stade Robert-Poirier<\/strong>, pr\u00e8s de l\u2019universit\u00e9 de Rennes 2. \u00ab\u00a0C\u2019est le plus grand \u00e9crin d\u2019athl\u00e9tisme d\u2019Ille-et-Vilaine\u00a0\u00bb, souligne Christophe Fouill\u00e8re.<\/p>\n<p>Une journ\u00e9e sportive et interg\u00e9n\u00e9rationnelle<\/p>\n<p class=\" wall-content\">Les r\u00e9sidents des six EHPAD du CCAS ainsi que de la r\u00e9sidence autonomie \u00ab\u00a0Le Colombier\u00a0\u00bb, encadr\u00e9s par leurs animateurs, se sont <strong>affront\u00e9s dans une s\u00e9rie d\u2019\u00e9preuves sportives<\/strong> adapt\u00e9es : basket-ball, tir au but, \u00e9preuve de poutre et course en relais. Pour les moins sportifs, une \u00e9preuve de quiz sur le sport \u00e9tait \u00e9galement pr\u00e9vue.<\/p>\n<p class=\" wall-content\">Les diverses activit\u00e9s ont \u00e9t\u00e9 anim\u00e9es et <strong>encadr\u00e9es par des \u00e9l\u00e8ves de Premi\u00e8re du lyc\u00e9e Br\u00e9quigny<\/strong> qui se pr\u00e9parent au bac pro animation, mais aussi par d\u2019autres jeunes en service civique. Christophe Fouill\u00e8re, qui travaille dans les m\u00e9tiers de la jeunesse et du sport en tant que jury d\u2019examen pour les m\u00e9tiers de l\u2019animation notamment, note que \u00ab\u00a0ces jeunes se d\u00e9brouillent tr\u00e8s bien, ils ont de belles capacit\u00e9s d\u2019animation\u00a0\u00bb.<\/p>\n<p class=\" wall-content\">\u00ab\u00a0Ce moment interg\u00e9n\u00e9rationnel contribue \u00e0 cr\u00e9er du lien, \u00e0 briser la routine, et \u00e0 renforcer la solidarit\u00e9 entre les g\u00e9n\u00e9rations\u00a0\u00bb, explique l\u2019\u00e9lu de Rennes.<\/p>\n<p>Rencontre avec des r\u00e9sidentes (plus ou moins) sportives<\/p>\n<p class=\" wall-content\">\u00c0 cette occasion, nous avons pu rencontrer <strong>Brigitte<\/strong>, une des r\u00e9sidentes de l\u2019EHPAD Raymond Thomas, d\u2019ailleurs souvent sur le podium.<strong>\u00ab\u00a0C\u2019est la premi\u00e8re fois que je fais \u00e7a\u00a0\u00bb<\/strong>, raconte-t-elle, les yeux \u00e9carquill\u00e9s.<\/p>\n<p class=\" wall-content\">Gymnaste jusqu\u2019\u00e0 ses 15 ans, cette derni\u00e8re a ensuite pratiqu\u00e9 du v\u00e9lo pendant un temps. Mais les olympiades ont \u00e9t\u00e9 l\u2019occasion pour elle de s\u2019essayer \u00e0 de nouveaux sports.<\/p>\n<p>    <img   decoding=\"async\" loading=\"lazy\" src=\"https:\/\/www.europesays.com\/fr\/wp-content\/uploads\/2025\/05\/residents-aux-olympiades-des-ehpad-960x640.jpeg\" alt=\"cc\" width=\"960\" height=\"640\"\/><br \/>\n    Brigitte (en marini\u00e8re \u00e0 droite) attend son tour pour participer \u00e0 l\u2019\u00e9preuve de poutre, en compagnie des camarades de sa r\u00e9sidence.(\u00a9 Lou Batteux)<\/p>\n<p class=\" wall-content\">\u00ab\u00a0Une<strong> r\u00e9sidente<\/strong> d\u2019un autre EHPAD, \u00e2g\u00e9e de <strong>100 ans<\/strong>, a une<strong> \u00e2me de comp\u00e9titrice\u00a0\u00bb<\/strong>, raconte Christophe Fouill\u00e8re. En effet, certains aiment venir pour la comp\u00e9tition : \u2018Moi, je viens l\u00e0 pour gagner\u2019, me dit-elle \u00e0 chaque fois.\u00a0\u00bb<\/p>\n<p class=\" wall-content\">Quelques r\u00e9sidents sont m\u00eame <strong>accompagn\u00e9s par leurs familles<\/strong>, enfants et petits-enfants, venues pour les soutenir.\u00a0<\/p>\n<p>Des \u00e9preuves adapt\u00e9es et b\u00e9n\u00e9fiques pour toutes et tous<\/p>\n<p class=\" wall-content\">L\u2019\u00e9v\u00e8nement \u00e9tait notamment encadr\u00e9 par <strong>V\u00e9ronique Frinault<\/strong>, ergoth\u00e9rapeute charg\u00e9e d\u2019activit\u00e9s physiques adapt\u00e9es, qui intervient r\u00e9guli\u00e8rement au sein des diff\u00e9rents EHPAD rennais. \u00ab\u00a0Toutes les <strong>\u00e9preuves<\/strong> sont donc <strong>pens\u00e9es<\/strong> pour \u00eatre<strong> ludiques et accessibles<\/strong>, quelles que soient les capacit\u00e9s physiques des participants\u00a0\u00bb.\u00a0<\/p>\n<p class=\" wall-content\">Selon la Ville de Rennes, les Olympiades ont <strong>de v\u00e9ritables b\u00e9n\u00e9fices pour les r\u00e9sidents<\/strong> :<\/p>\n<ul class=\" wall-content\">\n<li>elles am\u00e9liorent la condition physique ;<\/li>\n<li>procurent une stimulation cognitive et \u00e9motionnelle ;<\/li>\n<li>renforcent le sentiment d\u2019appartenance ;<\/li>\n<li>prodiguent une valorisation individuelle et collective ;<\/li>\n<li>permettent de cr\u00e9er des souvenirs positifs et durables.<\/li>\n<\/ul>\n<p class=\" wall-content\">\u00c0 la fin de la journ\u00e9e, <strong>des\u00a0prix sont remis aux<\/strong><strong> trois EHPAD vainqueurs<\/strong>, sous la forme d\u2019une coupe du challenge, et une s\u00e9ance photo est organis\u00e9e pour cr\u00e9er un calendrier souvenir qui sera distribu\u00e9 aux participants.<\/p>\n<p class=\" wall-content\">Suivez toute l\u2019actualit\u00e9 de vos villes et m\u00e9dias favoris en vous inscrivant \u00e0 <a href=\"https:\/\/moncompte.actu.fr\" title=\"D\u00e9couvez Mon Actu\" rel=\"nofollow noopener\" data-trk=\"{&quot;cta&quot;:{&quot;action&quot;:&quot;https:\\\/\\\/moncompte.actu.fr&quot;,&quot;category&quot;:&quot;mon compte&quot;,&quot;from&quot;:&quot;article footer&quot;,&quot;name&quot;:&quot;Mon actu&quot;,&quot;type&quot;:&quot;cta&quot;}}\" target=\"_blank\">Mon Actu<\/a>.<\/p>\n","protected":false},"excerpt":{"rendered":"Par Lou Batteux Publi\u00e9 le 22 mai 2025 \u00e0 17h47 Cela fait maintenant plus de 10 ans que&hellip;\n","protected":false},"author":2,"featured_media":120504,"comment_status":"","ping_status":"","sticky":false,"template":"","format":"standard","meta":{"footnotes":""},"categories":[2821],"tags":[1111,11,829,12216,1777,674,1011,27,1652,12,584,25,517],"class_list":{"0":"post-120503","1":"post","2":"type-post","3":"status-publish","4":"format-standard","5":"has-post-thumbnail","7":"category-rennes","8":"tag-actu","9":"tag-actualites","10":"tag-bretagne","11":"tag-ehpad","12":"tag-eu","13":"tag-europe","14":"tag-fr","15":"tag-france","16":"tag-loisirs-culture","17":"tag-news","18":"tag-rennes","19":"tag-republique-francaise","20":"tag-sport"},"share_on_mastodon":{"url":"https:\/\/pubeurope.com\/@fr\/114553836248350264","error":""},"_links":{"self":[{"href":"https:\/\/www.europesays.com\/fr\/wp-json\/wp\/v2\/posts\/120503","targetHints":{"allow":["GET"]}}],"collection":[{"href":"https:\/\/www.europesays.com\/fr\/wp-json\/wp\/v2\/posts"}],"about":[{"href":"https:\/\/www.europesays.com\/fr\/wp-json\/wp\/v2\/types\/post"}],"author":[{"embeddable":true,"href":"https:\/\/www.europesays.com\/fr\/wp-json\/wp\/v2\/users\/2"}],"replies":[{"embeddable":true,"href":"https:\/\/www.europesays.com\/fr\/wp-json\/wp\/v2\/comments?post=120503"}],"version-history":[{"count":0,"href":"https:\/\/www.europesays.com\/fr\/wp-json\/wp\/v2\/posts\/120503\/revisions"}],"wp:featuredmedia":[{"embeddable":true,"href":"https:\/\/www.europesays.com\/fr\/wp-json\/wp\/v2\/media\/120504"}],"wp:attachment":[{"href":"https:\/\/www.europesays.com\/fr\/wp-json\/wp\/v2\/media?parent=120503"}],"wp:term":[{"taxonomy":"category","embeddable":true,"href":"https:\/\/www.europesays.com\/fr\/wp-json\/wp\/v2\/categories?post=120503"},{"taxonomy":"post_tag","embeddable":true,"href":"https:\/\/www.europesays.com\/fr\/wp-json\/wp\/v2\/tags?post=120503"}],"curies":[{"name":"wp","href":"https:\/\/api.w.org\/{rel}","templated":true}]}}