{"id":120505,"date":"2025-05-22T22:26:10","date_gmt":"2025-05-22T22:26:10","guid":{"rendered":"https:\/\/www.europesays.com\/fr\/120505\/"},"modified":"2025-05-22T22:26:10","modified_gmt":"2025-05-22T22:26:10","slug":"les-escales-du-rhin-a-strasbourg-des-vues-uniques-sur-le-fleuve-et-ecrin-de-verdure-un-cadre-de-vie-ideal-pour-respirer","status":"publish","type":"post","link":"https:\/\/www.europesays.com\/fr\/120505\/","title":{"rendered":"Les Escales du Rhin \u00e0 Strasbourg. Des vues uniques sur le fleuve et \u00e9crin de verdure, un cadre de vie id\u00e9al pour respirer"},"content":{"rendered":"<p>\u00c0\u00a0Strasbourg, le quartier du Port du Rhin, en pleine mutation, devient peu \u00e0 peu un maillon incontournable d\u2019une ville r\u00e9invent\u00e9e qui r\u00e9concilie ville et nature dans un esprit d\u2019ouverture sur l\u2019Allemagne et l\u2019Europe.<\/p>\n<p><strong>Le maillon d\u2019un quartier d\u2019avenir, v\u00e9g\u00e9talis\u00e9 et ouvert<\/strong><\/p>\n<p>Int\u00e9gr\u00e9 dans une vaste r\u00e9flexion qui implique quatre quartiers sur 74 hectares, Port du Rhin se structure autour d\u2019une future promenade qui constituera une continuit\u00e9 verte jusqu\u2019au jardin des Deux-Rives, avec des lieux de promenade, des zones de d\u00e9tente et de pratiques sportives (City Stade) ainsi qu\u2019une m\u00e9diath\u00e8que.<\/p>\n<p><a href=\"https:\/\/www.bouygues-immobilier.com\/programme-neuf-strasbourg\/ref\/7682\" target=\"_blank\" rel=\"noopener\">Les Escales du Rhin<\/a> s\u2019int\u00e8gre parfaitement dans ce quartier requalifi\u00e9 avec ses quatre b\u00e2timents de hauteurs variables, r\u00e9pondant aux derni\u00e8res normes environnementales ainsi qu\u2019\u00e0 la charte biodiversit\u00e9 de la ville de Strasbourg. L\u2019ensemble s\u2019inscrit dans un \u00e9crin de verdure constitu\u00e9 d\u2019esp\u00e8ces locales, de prairies mellif\u00e8res, de haies champ\u00eatres, avec des refuges pour la petite faune et les insectes, et comporte des fa\u00e7ades et des toitures v\u00e9g\u00e9talis\u00e9es ainsi que des sols perm\u00e9ables.<\/p>\n<p>  <strong>Des espaces de nature et de convivialit\u00e9<\/strong><\/p>\n<p>Ouvert sur la nature, l\u2019ensemble encourage les moments de partage et de convivialit\u00e9, avec des locaux et des espaces communs qui facilitent les rencontres, un c\u0153ur d\u2019ilot am\u00e9nag\u00e9 de tables, transats, et bacs, et m\u00eame certaines toitures-terrasses \u00e9quip\u00e9es de bacs potagers, pergolas, etc.\u00a0<\/p>\n<p>R\u00e9pondant aux exigences de la norme RE2020 seuil 2025, Les Escales du Rhin se distingue par ses qualit\u00e9s de sobri\u00e9t\u00e9 \u00e9nerg\u00e9tique au service du bien-\u00eatre de ses habitants. Neufs, ses appartements, du studio au 4 pi\u00e8ces avec balcon et loggia pour la plupart, b\u00e9n\u00e9ficient d\u2019une lumi\u00e8re g\u00e9n\u00e9reuse gr\u00e2ce \u00e0 leur double exposition (\u00e0 partir du 2 pi\u00e8ces). Ils profitent par ailleurs de toutes les prestations soign\u00e9es qui facilitent le confort au quotidien\u00a0: BSO (Brise Soleil Orientables), baies coulissantes (sauf dans les T1), nombreux rangements\u2026 Les r\u00e9sidences sont par ailleurs s\u00e9curis\u00e9es gr\u00e2ce \u00e0 des cam\u00e9ras de surveillance et \u00e0 un visiophone sur combin\u00e9 audio et smartphone. Quant aux v\u00e9hicules, ils profitent d\u2019un g\u00e9n\u00e9reux parking silo de 296 places, dont 31 pour les visiteurs avec des emplacements pr\u00e9-\u00e9quip\u00e9s en infrastructures de recharge pour v\u00e9hicules \u00e9lectriques. Il y aura m\u00eame un local \u00e9quip\u00e9 de prises de recharge, plus station de r\u00e9paration et de gonflage, pour les v\u00e9los et trottinettes \u00e9lectriques.<\/p>\n<p>Situ\u00e9 dans un riche bassin universitaire et d\u2019emploi, tr\u00e8s proche de l\u2019Allemagne, Les Escales du Rhin est enfin \u00e0 port\u00e9e de commerces et d\u2019\u00e9tablissements scolaires, avec le Jardin des Deux Rives et la clinique Rh\u00e9na \u00e0 deux pas, et le tram D \u00e0 300m (ou la piste cyclable) pour rejoindre rapidement le centre-ville de Strasbourg et de Kehl.<\/p>\n","protected":false},"excerpt":{"rendered":"\u00c0\u00a0Strasbourg, le quartier du Port du Rhin, en pleine mutation, devient peu \u00e0 peu un maillon incontournable d\u2019une&hellip;\n","protected":false},"author":2,"featured_media":120506,"comment_status":"","ping_status":"","sticky":false,"template":"","format":"standard","meta":{"footnotes":""},"categories":[2820],"tags":[1111,11,7884,1777,674,1011,27,775,12,25,640],"class_list":{"0":"post-120505","1":"post","2":"type-post","3":"status-publish","4":"format-standard","5":"has-post-thumbnail","7":"category-strasbourg","8":"tag-actu","9":"tag-actualites","10":"tag-articles-partenaires","11":"tag-eu","12":"tag-europe","13":"tag-fr","14":"tag-france","15":"tag-grand-est","16":"tag-news","17":"tag-republique-francaise","18":"tag-strasbourg"},"share_on_mastodon":{"url":"https:\/\/pubeurope.com\/@fr\/114553840134733286","error":""},"_links":{"self":[{"href":"https:\/\/www.europesays.com\/fr\/wp-json\/wp\/v2\/posts\/120505","targetHints":{"allow":["GET"]}}],"collection":[{"href":"https:\/\/www.europesays.com\/fr\/wp-json\/wp\/v2\/posts"}],"about":[{"href":"https:\/\/www.europesays.com\/fr\/wp-json\/wp\/v2\/types\/post"}],"author":[{"embeddable":true,"href":"https:\/\/www.europesays.com\/fr\/wp-json\/wp\/v2\/users\/2"}],"replies":[{"embeddable":true,"href":"https:\/\/www.europesays.com\/fr\/wp-json\/wp\/v2\/comments?post=120505"}],"version-history":[{"count":0,"href":"https:\/\/www.europesays.com\/fr\/wp-json\/wp\/v2\/posts\/120505\/revisions"}],"wp:featuredmedia":[{"embeddable":true,"href":"https:\/\/www.europesays.com\/fr\/wp-json\/wp\/v2\/media\/120506"}],"wp:attachment":[{"href":"https:\/\/www.europesays.com\/fr\/wp-json\/wp\/v2\/media?parent=120505"}],"wp:term":[{"taxonomy":"category","embeddable":true,"href":"https:\/\/www.europesays.com\/fr\/wp-json\/wp\/v2\/categories?post=120505"},{"taxonomy":"post_tag","embeddable":true,"href":"https:\/\/www.europesays.com\/fr\/wp-json\/wp\/v2\/tags?post=120505"}],"curies":[{"name":"wp","href":"https:\/\/api.w.org\/{rel}","templated":true}]}}