{"id":120507,"date":"2025-05-22T22:27:14","date_gmt":"2025-05-22T22:27:14","guid":{"rendered":"https:\/\/www.europesays.com\/fr\/120507\/"},"modified":"2025-05-22T22:27:14","modified_gmt":"2025-05-22T22:27:14","slug":"tennis-soleil-do-brasil-sur-le-central-des-internationaux-wta-de-strasbourg","status":"publish","type":"post","link":"https:\/\/www.europesays.com\/fr\/120507\/","title":{"rendered":"Tennis. Soleil \u201cdo Brasil\u201d sur le Central des Internationaux WTA de Strasbourg"},"content":{"rendered":"<p>Le plus beau match de l\u2019\u00e9dition 2025 des Internationaux de Strasbourg, c\u2019est pour l\u2019instant \u00e0 \u00ab\u00a0Miminha\u00a0\u00bb qu\u2019on le doit. Car si Miminha, de son vrai nom Arlete Scaff Haddad n\u2019\u00e9tait pas l\u00e0, Beatriz Haddad Maia ne jouerait peut-\u00eatre pas au tennis, ou en tout cas pas aussi bien.<\/p>\n<p>\u00ab\u00a0\u2018\u2019Miminha\u2019\u2019, c\u2019est ma grand-m\u00e8re, mais elle d\u00e9teste qu\u2019on l\u2019appelle \u2018\u2019grand-m\u00e8re\u2019\u2019 hein, elle est encore jeune\u00a0!\u00a0\u00bb rigole la Br\u00e9silienne de 28 ans, qui a d\u00e9j\u00e0 \u00e9t\u00e9 10e mondiale (en juin\u00a02023). \u00ab\u00a0C\u2019\u00e9tait une tr\u00e8s bonne joueuse, et&#8230;<\/p>\n","protected":false},"excerpt":{"rendered":"Le plus beau match de l\u2019\u00e9dition 2025 des Internationaux de Strasbourg, c\u2019est pour l\u2019instant \u00e0 \u00ab\u00a0Miminha\u00a0\u00bb qu\u2019on le&hellip;\n","protected":false},"author":2,"featured_media":120508,"comment_status":"","ping_status":"","sticky":false,"template":"","format":"standard","meta":{"footnotes":""},"categories":[2820],"tags":[1111,11,2880,1777,674,107,1011,27,775,16055,12,25,517,640,1467],"class_list":{"0":"post-120507","1":"post","2":"type-post","3":"status-publish","4":"format-standard","5":"has-post-thumbnail","7":"category-strasbourg","8":"tag-actu","9":"tag-actualites","10":"tag-edition-strasbourg","11":"tag-eu","12":"tag-europe","13":"tag-fil-info","14":"tag-fr","15":"tag-france","16":"tag-grand-est","17":"tag-internationaux-de-strasbourg","18":"tag-news","19":"tag-republique-francaise","20":"tag-sport","21":"tag-strasbourg","22":"tag-tennis"},"share_on_mastodon":{"url":"https:\/\/pubeurope.com\/@fr\/114553844050139751","error":""},"_links":{"self":[{"href":"https:\/\/www.europesays.com\/fr\/wp-json\/wp\/v2\/posts\/120507","targetHints":{"allow":["GET"]}}],"collection":[{"href":"https:\/\/www.europesays.com\/fr\/wp-json\/wp\/v2\/posts"}],"about":[{"href":"https:\/\/www.europesays.com\/fr\/wp-json\/wp\/v2\/types\/post"}],"author":[{"embeddable":true,"href":"https:\/\/www.europesays.com\/fr\/wp-json\/wp\/v2\/users\/2"}],"replies":[{"embeddable":true,"href":"https:\/\/www.europesays.com\/fr\/wp-json\/wp\/v2\/comments?post=120507"}],"version-history":[{"count":0,"href":"https:\/\/www.europesays.com\/fr\/wp-json\/wp\/v2\/posts\/120507\/revisions"}],"wp:featuredmedia":[{"embeddable":true,"href":"https:\/\/www.europesays.com\/fr\/wp-json\/wp\/v2\/media\/120508"}],"wp:attachment":[{"href":"https:\/\/www.europesays.com\/fr\/wp-json\/wp\/v2\/media?parent=120507"}],"wp:term":[{"taxonomy":"category","embeddable":true,"href":"https:\/\/www.europesays.com\/fr\/wp-json\/wp\/v2\/categories?post=120507"},{"taxonomy":"post_tag","embeddable":true,"href":"https:\/\/www.europesays.com\/fr\/wp-json\/wp\/v2\/tags?post=120507"}],"curies":[{"name":"wp","href":"https:\/\/api.w.org\/{rel}","templated":true}]}}