{"id":120522,"date":"2025-05-22T22:37:11","date_gmt":"2025-05-22T22:37:11","guid":{"rendered":"https:\/\/www.europesays.com\/fr\/120522\/"},"modified":"2025-05-22T22:37:11","modified_gmt":"2025-05-22T22:37:11","slug":"pride-expos-evenements-que-faire-a-lille-le-week-end-des-24-et-25-mai","status":"publish","type":"post","link":"https:\/\/www.europesays.com\/fr\/120522\/","title":{"rendered":"Pride, expos, \u00e9v\u00e9nements\u2026 Que faire \u00e0 Lille, le week-end des 24 et 25 mai\u00a0?"},"content":{"rendered":"<p>            Par<br \/>\n        <strong><br \/>\n            <a href=\"https:\/\/actu.fr\/auteur\/amandine-vachez\" title=\"Consulter tous les articles de Amandine Vachez\" rel=\"nofollow noopener\" target=\"_blank\">Amandine Vachez<\/a><br \/>\n        <\/strong><\/p>\n<p>        Publi\u00e9 le<\/p>\n<p>            22 mai 2025 \u00e0 16h36        <\/p>\n<p>Si vous \u00eates d\u2019humeur festive, vous aurez de quoi faire du c\u00f4t\u00e9 de <a href=\"https:\/\/actu.fr\/lille\/\" rel=\"nofollow noopener\" target=\"_blank\">Lille<\/a> (Nord), les<b> samedi\u00a024 et dimanche 25\u00a0mai 2025. <\/b>Les \u00ab\u2009chineurs\u2009\u00bb inv\u00e9t\u00e9r\u00e9s auront aussi moyen de trouver des p\u00e9pites. La r\u00e9dac\u2019 vous liste quelques<b> id\u00e9es de sorties<\/b>, pour occuper ce <b>week-end<\/b> sur le secteur.<\/p>\n<p>11 suggestions de sorties pour ce week-end<\/p>\n<ul class=\" wall-content\">\n<li><b>\u00ab\u2009Lille Pride\u2009\u00bb, la march\u00e9 des fiert\u00e9s \u00e0 Lille<\/b><\/li>\n<\/ul>\n<p class=\" wall-content\">Samedi 24 mai se tiendra la \u00ab\u2009Lille Pride\u2009\u00bb, Marche des fiert\u00e9s dans le centre-ville. Le village associatif du collectif Lille Pride ouvrira d\u00e8s 10\u2009h, place Fran\u00e7ois-Mitterrand. Le d\u00e9part du cort\u00e8ge dans la ville est pr\u00e9vu \u00e0 14\u2009h. Toute une programmation de concerts et shows se d\u00e9clinera sur la journ\u00e9e. Dans la joie et l\u2019ambiance festive, l\u2019\u00e9v\u00e9nement sera \u00e0 n\u2019en pas douter remarquable\u2009!<\/p>\n<p class=\" wall-content\">Plus d\u2019infos <a href=\"https:\/\/www.instagram.com\/collectiflillepride\/\" rel=\"nofollow noopener\" target=\"_blank\">sur la page Instagram du collectif<\/a>.<\/p>\n<ul class=\" wall-content\">\n<li><b>Les festivit\u00e9s se poursuivent le soir<\/b><\/li>\n<\/ul>\n<p class=\" wall-content\">Plusieurs \u00e9v\u00e9nements li\u00e9s \u00e0 la Pride se tiendront ce week-end \u00e0 Lille. Grand Sc\u00e8ne a notamment mont\u00e9 toute une programmation le samedi d\u00e8s 16\u2009h et jusqu\u2019\u00e0 minuit, avec de quoi boire, manger et s\u2019ambiancer (DJ set d\u00e8s 18\u2009h).<\/p>\n<p class=\" wall-content\">La soir\u00e9e officielle de la Pride est pr\u00e9vue \u00e0 Garage, boulevard Carnot. \u00ab\u2009Pour cette occasion tr\u00e8s sp\u00e9ciale, nous avons pr\u00e9par\u00e9 une nuit magique et inoubliable, r\u00e9partie sur deux salles aux ambiances musicales diff\u00e9rentes pour tous.tes vous satisfaire\u2009\u00bb, annoncent les organisateurs. Une salle pop et une salle \u00e9lectro permettront de se laisser emporter dans une ambiance festive\u2009! Notez que l\u2019\u00e9v\u00e9nement est accessible aux PMR\u2009!<\/p>\n<p class=\" wall-content\"><a href=\"https:\/\/www.instagram.com\/p\/DIRry_RI8P5\/embed\" title=\"Ouvrir le lien sur Instagram\" rel=\"nofollow noopener\" target=\"_blank\">Visualiser le contenu sur Instagram<\/a><\/p>\n<ul class=\" wall-content\">\n<li><b>Week-end de la brocante et seconde main au Grand Playground<\/b><\/li>\n<\/ul>\n<p class=\" wall-content\">Samedi et dimanche, le Grand Playground de La Maillerie se transforme en \u00e9picentre de la brocante, de la friperie et de la seconde main, \u00ab\u2009avec un programme qui coche toutes les cases du cool, de l\u2019engagement et du plaisir de chiner\u2009\u00bb, relate l\u2019\u00e9quipe du Grand Playground.<\/p>\n<p class=\" wall-content\"><a href=\"https:\/\/www.instagram.com\/p\/DJzOBkiIg2i\/embed\" title=\"Ouvrir le lien sur Instagram\" rel=\"nofollow noopener\" target=\"_blank\">Visualiser le contenu sur Instagram<\/a><\/p>\n<p class=\" wall-content\">Samedi vous pourrez profiter de \u00ab\u2009l\u2019Incroyable brocante du sport\u2009\u00bb. Dimanche sera install\u00e9 un pop-up store XXL \u00ab\u2009r\u00e9unissant le meilleur de la friperie, de la d\u00e9co vintage, de la brocante design et de la galette vinyle.\u2009\u00bb Samedi, l\u2019\u00e9v\u00e9nement sera ouvert de 10\u2009h \u00e0 19\u2009h et dimanche de 11\u2009h \u00e0 18\u2009h (avenue Le N\u00f4tre \u00e0 Villeneuve-d\u2019Ascq). L\u2019entr\u00e9e est libre. Pour en savoir plus, c\u2019est <a href=\"https:\/\/actu.fr\/hauts-de-france\/villeneuve-d-ascq_59009\/pres-de-lille-une-enorme-brocante-melant-sport-et-vintage-organisee-tout-le-week-end_62657188.html\" rel=\"nofollow noopener\" target=\"_blank\">par ici<\/a>.<\/p>\n<ul class=\" wall-content\">\n<li><b>Fermeture d\u00e9finitive de Brad-Way\u2009: tout \u00e0 1\u00a0euro<\/b><\/li>\n<\/ul>\n<p class=\" wall-content\">Le 24\u00a0mai de 10\u2009h \u00e0 19\u2009h, tous les articles de Brad-Way \u00e0 Lille seront vendus \u00e0 1\u00a0\u20ac, avant la fermeture d\u00e9finitive. \u00ab\u2009Apr\u00e8s presque deux ann\u00e9es \u00e0 faire vibrer la mode lilloise avec une s\u00e9lection unique de v\u00eatements vintage et modernes, la friperie Brad\u2019way, situ\u00e9e au 144 rue L\u00e9on Gambetta, fermera d\u00e9finitivement ses portes. Objectif\u2009: partir en beaut\u00e9 avec un grand \u00e9v\u00e9nement \u00e0 ne pas manquer\u2009!\u2009\u00bb, annonce l\u2019\u00e9quipe. C\u2019est l\u2019occasion pour les \u00ab\u2009chineurs\u2009\u00bb de trouver des p\u00e9pites\u2009! L\u2019\u00e9v\u00e9nement sera ouvert de 10\u2009h \u00e0 19\u2009h.<\/p>\n<ul class=\" wall-content\">\n<li><b>\u00ab\u2009Fiesta\u2009\u00bb \u00e0 la m\u00e9diath\u00e8que de Roubaix<\/b><\/li>\n<\/ul>\n<p class=\" wall-content\">La m\u00e9diath\u00e8que de Roubaix vous propose un 2e week-end festif dans le cadre de la 7e \u00e9dition delille3000, \u00ab\u2009Fiesta\u2009\u00bb.<\/p>\n<p class=\" wall-content\">Au programme du samedi 24\u00a0mai\u2009: cirque et patrimoine gourmand, en partenariat avec Le Cirque du Bout du Monde. Sont pr\u00e9vus les \u00e9v\u00e9nements suivants\u2009: atelier d\u2019initiation aux arts du cirque (adultes et enfants accompagn\u00e9s), d\u00e9ambulations acrobatiques (tout public), spectacle de cirque (tout public, d\u00e8s 4\u00a0ans), speed dating patrimonial sur les gourmandises des ducasses (tout public, sur inscription).<\/p>\n<p class=\" wall-content\">Dimanche 25\u00a0mai, place aux jeux et danses flamandes, avec des jeux traditionnels flamands en bois (tout public) et un\u00a0bal folk (tout public).\u00a0Notez qu\u2019il y aura un petit service de restauration sur place. Pour plus d\u2019infos, consultez la page consacr\u00e9e \u00e0 l\u2019\u00e9v\u00e9nement, <a href=\"http:\/\/www.mediathequederoubaix.fr\/agenda\/fiesta\" rel=\"nofollow noopener\" target=\"_blank\">sur le site officiel de la m\u00e9diath\u00e8que<\/a>.<\/p>\n<ul class=\" wall-content\">\n<li><b>Des expositions color\u00e9es et d\u00e9cal\u00e9es en ce moment \u00e0 Lille<\/b><\/li>\n<\/ul>\n<p class=\" wall-content\">Pour la saison \u00ab\u2009Fiesta\u2009\u00bb, toujours, sachez que des expositions sont visibles \u00e0 Lille. Le Palais des Beaux-arts \u00e9voque les f\u00eates et traditions flamandes, alors que le Tripostal accueille des \u0153uvres du mus\u00e9e Pompidou et que l\u2019Hospice Comtesse vous emm\u00e8ne dans sa \u00ab\u2009Distorted party\u2009\u00bb surprenante. La gare Saint-Sauveur est un haut-lieu de cette saison. Vous pouvez notamment y voir l\u2019exposition M\u00f4m\u2019Art, avec des \u0153uvres de 5\u2009000 jeunes Lillois, ainsi que les installations captivantes et immersives de \u00ab\u2009La F\u00eate int\u00e9rieure\u2009\u00bb. Le programme d\u00e9taill\u00e9 des expositions de lille3000 est \u00e0 consulter <a href=\"https:\/\/fiestalille3000.com\/fiesta-lille3000\/expositions\/\" rel=\"nofollow noopener\" target=\"_blank\">sur le site de l\u2019association culturelle<\/a>.<\/p>\n<ul class=\" wall-content\">\n<li><b>Dinosaures et \u00ab\u2009Friends\u2009\u00bb \u00e0 Lillenium<\/b><\/li>\n<\/ul>\n<p class=\" wall-content\">Si vous avez pr\u00e9vu de faire du shopping ce week-end ou de voir <a href=\"https:\/\/actu.fr\/hauts-de-france\/lille_59350\/lille-on-a-teste-jurassic-safari-lattraction-avec-des-dinosaures-voici-ce-quon-en-pense_62581025.html\" rel=\"nofollow noopener\" target=\"_blank\">l\u2019exposition de dinosaures \u00ab\u2009Jurassif Safari\u2009\u00bb \u00e0 Lillenium<\/a>, ce sera l\u2019occasion de faire un stop pour\u2026 vous prendre en photo dans le canap\u00e9 mythique d\u2019une s\u00e9rie \u00e0 succ\u00e8s. Il s\u2019agit de celui de \u00ab\u2009Friends\u2009\u00bb, install\u00e9 depuis quelques jours sur place. Pour en savoir plus, consultez <a href=\"https:\/\/actu.fr\/hauts-de-france\/lille_59350\/lille-prenez-vous-en-photo-dans-le-celebre-canape-de-friends_62656205.html\" rel=\"nofollow noopener\" target=\"_blank\">notre article d\u00e9di\u00e9 au sujet<\/a>.<\/p>\n<ul class=\" wall-content\">\n<li><b>Week-end manger sous 50\u00b0 \u00e0 Chaud Bouillon<\/b><\/li>\n<\/ul>\n<p class=\" wall-content\">L\u2019association La Communaut\u00e9 Ecotable (s\u0153ur associative de l\u2019entreprise Ecotable) a lanc\u00e9 une s\u00e9rie d\u2019\u00e9v\u00e9nements intitul\u00e9e \u00ab\u2009Chaud Devant\u2009! Manger sous 50 \u00b0C\u2009\u00bb, parcourant diff\u00e9rentes villes de France. Dans une r\u00e9flexion \u00e0 la fois limitative et adaptative, des professionnel.le.s de la restauration concoctent des journ\u00e9es d\u00e9di\u00e9es \u00e0 notre avenir culinaire sous contraintes climatiques. Le grand public est invit\u00e9 \u00e0 venir tester cette cuisine d\u2019un futur surchauff\u00e9 et \u00e0 apprendre comment freiner la hausse des temp\u00e9ratures par le contenu de nos assiettes. Le samedi 24 mai, escale \u00e0 Lille, \u00e0 Chaud Bouillon. Pour en savoir plus, <a href=\"https:\/\/actu.fr\/hauts-de-france\/lille_59350\/manger-a-lille-sous-50c-une-journee-consacree-a-notre-avenir-culinaire-a-chaud-bouillon_62656922.html\" rel=\"nofollow noopener\" target=\"_blank\">consultez notre article consacr\u00e9 au sujet<\/a>.<\/p>\n<ul class=\" wall-content\">\n<li><b>Une journ\u00e9e am\u00e9ricaine \u00e0 quelques minutes de Lille<\/b><\/li>\n<\/ul>\n<p class=\" wall-content\">Vous avez toujours r\u00eav\u00e9 de\u00a0vivre le r\u00eave am\u00e9ricain\u2009? Pour la 4e ann\u00e9e cons\u00e9cutive, celui-ci vient \u00e0 vous ce samedi 24\u00a0mai \u00e0 la base de loisirs de\u00a0Verlinghem. De 10\u2009h \u00e0 19\u2009h, venez vous plonger dans l\u2019ambiance \u00e9tats-unienne. Et en plus c\u2019est gratuit\u2009! Plus d\u2019infos <a href=\"https:\/\/actu.fr\/hauts-de-france\/verlinghem_59611\/pres-de-lille-une-enorme-journee-gratuite-100-americaine-avec-voitures-et-pom-pom-girls-ce-samedi_62668429.html\" rel=\"nofollow noopener\" target=\"_blank\">par ici<\/a>.<\/p>\n<ul class=\" wall-content\">\n<li><b>Une pause \u00e0 la guinguette<\/b><\/li>\n<\/ul>\n<p class=\" wall-content\">La saison des guinguettes est officiellement lanc\u00e9e dans la m\u00e9tropole lilloise\u2009! <a href=\"https:\/\/actu.fr\/hauts-de-france\/saint-andre-lez-lille_59527\/guinguettes-2025-la-madeleine-saint-andre-lambersart-quand-rouvrent-elles-en-bord-de-deule_62483104.html\" rel=\"nofollow noopener\" target=\"_blank\">En bord de De\u00fble<\/a>, celle de La Madeleine rouvre ce dimanche, celle de Lambersart l\u2019est d\u00e9j\u00e0 depuis le d\u00e9but du mois. Parmi les guinguettes locales \u00e0 tester, il y a <a href=\"https:\/\/actu.fr\/hauts-de-france\/bondues_59090\/pres-de-lille-la-guinguette-de-la-ferme-rouvre-pour-une-nouvelle-saison_62627410.html\" rel=\"nofollow noopener\" target=\"_blank\">celle de La Ferme, \u00e0 Bondues<\/a>, qui offre une v\u00e9ritable pause nature dans un lieu d\u2019exception, avec de quoi manger, boire et m\u00eame jouer\u2009! Tables et chaises, si\u00e8ges cosy\u2026 En r\u00e9sum\u00e9, tous les ingr\u00e9dients pour passer un bon moment\u2009!<\/p>\n<ul class=\" wall-content\">\n<li><b>Une course de canards en plastique qui peut rapporter gros<\/b><\/li>\n<\/ul>\n<p class=\" wall-content\">Tout pr\u00e8s de Lille, toujours sur le bord de De\u00fble, se dispute une fr\u00e9n\u00e9tique course de canards\u2026 en plastique ! En plus des festivit\u00e9s sur l\u2019eau (avec des p\u00e9dalos notamment), le principe consiste \u00e0<b>\u00a0miser sur un canard<\/b>, et s\u2019il se retrouve parmi les gagnants de la course, de tr\u00e8s beaux lots sont \u00e0 gagner ! Le rendez-vous se tiendra <a href=\"https:\/\/actu.fr\/hauts-de-france\/la-madeleine_59368\/la-madeleine-voici-quand-revient-la-traditionnelle-course-de-canards-en-plastique-dans-la-deule_62590643.html\" rel=\"nofollow noopener\" target=\"_blank\">dimanche 25 mai 2025, \u00e0 11h, \u00e0 La Madeleine<\/a>.<\/p>\n<p class=\" wall-content\">Suivez toute l\u2019actualit\u00e9 de vos villes et m\u00e9dias favoris en vous inscrivant \u00e0 <a href=\"https:\/\/moncompte.actu.fr\" title=\"D\u00e9couvez Mon Actu\" rel=\"nofollow noopener\" data-trk=\"{&quot;cta&quot;:{&quot;action&quot;:&quot;https:\\\/\\\/moncompte.actu.fr&quot;,&quot;category&quot;:&quot;mon compte&quot;,&quot;from&quot;:&quot;article footer&quot;,&quot;name&quot;:&quot;Mon actu&quot;,&quot;type&quot;:&quot;cta&quot;}}\" target=\"_blank\">Mon Actu<\/a>.<\/p>\n<ul class=\"ac-article-tag wall-content\">\n<li><a href=\"https:\/\/actu.fr\/tag\/bon-plan-a-lille\" data-trk=\"{&quot;cta&quot;:{&quot;action&quot;:&quot;Bon plan \\u00e0 Lille&quot;,&quot;category&quot;:&quot;tag&quot;,&quot;from&quot;:&quot;article footer&quot;,&quot;name&quot;:&quot;Bon plan \\u00e0 Lille&quot;,&quot;type&quot;:&quot;cta&quot;}}\" rel=\"nofollow noopener\" target=\"_blank\">#Bon plan \u00e0 Lille<\/a><\/li>\n<li><a href=\"https:\/\/actu.fr\/tag\/famille\" data-trk=\"{&quot;cta&quot;:{&quot;action&quot;:&quot;Famille&quot;,&quot;category&quot;:&quot;tag&quot;,&quot;from&quot;:&quot;article footer&quot;,&quot;name&quot;:&quot;Famille&quot;,&quot;type&quot;:&quot;cta&quot;}}\" rel=\"nofollow noopener\" target=\"_blank\">#Famille<\/a><\/li>\n<\/ul>\n<p>                    <script async src=\"\/\/www.instagram.com\/embed.js\"><\/script><\/p>\n","protected":false},"excerpt":{"rendered":"Par Amandine Vachez Publi\u00e9 le 22 mai 2025 \u00e0 16h36 Si vous \u00eates d\u2019humeur festive, vous aurez de&hellip;\n","protected":false},"author":2,"featured_media":120523,"comment_status":"","ping_status":"","sticky":false,"template":"","format":"standard","meta":{"footnotes":""},"categories":[2815],"tags":[1111,11,6557,1777,674,652,1011,27,811,1307,1652,12,25],"class_list":{"0":"post-120522","1":"post","2":"type-post","3":"status-publish","4":"format-standard","5":"has-post-thumbnail","7":"category-lille","8":"tag-actu","9":"tag-actualites","10":"tag-bon-plan-a-lille","11":"tag-eu","12":"tag-europe","13":"tag-famille","14":"tag-fr","15":"tag-france","16":"tag-hauts-de-france","17":"tag-lille","18":"tag-loisirs-culture","19":"tag-news","20":"tag-republique-francaise"},"share_on_mastodon":{"url":"https:\/\/pubeurope.com\/@fr\/114553883598454089","error":""},"_links":{"self":[{"href":"https:\/\/www.europesays.com\/fr\/wp-json\/wp\/v2\/posts\/120522","targetHints":{"allow":["GET"]}}],"collection":[{"href":"https:\/\/www.europesays.com\/fr\/wp-json\/wp\/v2\/posts"}],"about":[{"href":"https:\/\/www.europesays.com\/fr\/wp-json\/wp\/v2\/types\/post"}],"author":[{"embeddable":true,"href":"https:\/\/www.europesays.com\/fr\/wp-json\/wp\/v2\/users\/2"}],"replies":[{"embeddable":true,"href":"https:\/\/www.europesays.com\/fr\/wp-json\/wp\/v2\/comments?post=120522"}],"version-history":[{"count":0,"href":"https:\/\/www.europesays.com\/fr\/wp-json\/wp\/v2\/posts\/120522\/revisions"}],"wp:featuredmedia":[{"embeddable":true,"href":"https:\/\/www.europesays.com\/fr\/wp-json\/wp\/v2\/media\/120523"}],"wp:attachment":[{"href":"https:\/\/www.europesays.com\/fr\/wp-json\/wp\/v2\/media?parent=120522"}],"wp:term":[{"taxonomy":"category","embeddable":true,"href":"https:\/\/www.europesays.com\/fr\/wp-json\/wp\/v2\/categories?post=120522"},{"taxonomy":"post_tag","embeddable":true,"href":"https:\/\/www.europesays.com\/fr\/wp-json\/wp\/v2\/tags?post=120522"}],"curies":[{"name":"wp","href":"https:\/\/api.w.org\/{rel}","templated":true}]}}