{"id":120524,"date":"2025-05-22T22:38:23","date_gmt":"2025-05-22T22:38:23","guid":{"rendered":"https:\/\/www.europesays.com\/fr\/120524\/"},"modified":"2025-05-22T22:38:23","modified_gmt":"2025-05-22T22:38:23","slug":"mort-de-linventeur-de-letonnant-cercueil-a-deux-jambes-2","status":"publish","type":"post","link":"https:\/\/www.europesays.com\/fr\/120524\/","title":{"rendered":"Mort de l\u2019inventeur de l\u2019\u00e9tonnant cercueil \u00e0 deux jambes"},"content":{"rendered":"<p>L\u2019artiste <a href=\"https:\/\/www.20minutes.fr\/dossier\/belge\" class=\"color-ultramarine c-link\" target=\"_blank\" rel=\"noopener\">belge<\/a> Phil\u00e9mon Vanorl\u00e9, connu pour ses \u0153uvres m\u00ealant absurdit\u00e9 et traits d\u2019esprit, est d\u00e9c\u00e9d\u00e9 \u00e0 l\u2019\u00e2ge de 47 ans, annonce <a href=\"https:\/\/www.lavoixdunord.fr\/1587897\/article\/2025-05-21\/lille-il-avait-invente-le-cercueil-deux-jambes-l-artiste-philemon-vanorle-est\" rel=\"nofollow noopener\" target=\"_blank\" class=\"color-ultramarine c-link\">La Voix du Nord<\/a> mercredi. Install\u00e9 \u00e0 <a href=\"https:\/\/www.20minutes.fr\/lille\/\" class=\"color-ultramarine c-link\" target=\"_blank\" rel=\"noopener\">Lille <\/a>depuis de nombreuses ann\u00e9es, il s\u2019\u00e9tait fait conna\u00eetre avec une cr\u00e9ation embl\u00e9matique\u00a0: un cercueil \u00e0 deux jambes, une <a href=\"https:\/\/www.20minutes.fr\/arts-stars\/culture\/art_contemporain\/\" class=\"color-ultramarine c-link\" target=\"_blank\" rel=\"noopener\">\u0153uvre <\/a>en bois d\u00e9routante.<\/p>\n<p>Cette pi\u00e8ce marquante avait \u00e9t\u00e9 mise aux ench\u00e8res en\u00a02017 lors d\u2019une <a href=\"https:\/\/x.com\/VDNLille\/status\/853191049728151552\" rel=\"nofollow\" target=\"_blank\" class=\"color-ultramarine c-link\">vente organis\u00e9e par VDN Lille M\u00e9tropole<\/a>. Ce cercueil, devenu un symbole de l\u2019approche irr\u00e9v\u00e9rencieuse de Vanorl\u00e9, illustrait son talent pour transformer des objets du quotidien en \u0153uvres provocantes.<\/p>\n<p>N\u00e9 \u00e0 <a href=\"https:\/\/www.20minutes.fr\/dossier\/bruxelles\" class=\"color-ultramarine c-link\" target=\"_blank\" rel=\"noopener\">Bruxelles<\/a> et dipl\u00f4m\u00e9 d\u2019un doctorat en arts plastiques de Paris-1, Phil\u00e9mon Vanorl\u00e9 collaborait depuis\u00a02007 avec Arnaud Verley sous le nom de la Soci\u00e9t\u00e9 Volatile. Son travail, souvent qualifi\u00e9 de politique et absurde, laissera une empreinte durable dans le paysage artistique lillois.<\/p>\n","protected":false},"excerpt":{"rendered":"L\u2019artiste belge Phil\u00e9mon Vanorl\u00e9, connu pour ses \u0153uvres m\u00ealant absurdit\u00e9 et traits d\u2019esprit, est d\u00e9c\u00e9d\u00e9 \u00e0 l\u2019\u00e2ge de&hellip;\n","protected":false},"author":2,"featured_media":120525,"comment_status":"","ping_status":"","sticky":false,"template":"","format":"standard","meta":{"footnotes":""},"categories":[2815],"tags":[1111,11,1396,2593,828,251,58,1777,674,1011,27,811,1307,12,1308,1309,25,3899],"class_list":{"0":"post-120524","1":"post","2":"type-post","3":"status-publish","4":"format-standard","5":"has-post-thumbnail","7":"category-lille","8":"tag-actu","9":"tag-actualites","10":"tag-art-contemporain","11":"tag-artiste","12":"tag-belgique","13":"tag-culture","14":"tag-divertissement","15":"tag-eu","16":"tag-europe","17":"tag-fr","18":"tag-france","19":"tag-hauts-de-france","20":"tag-lille","21":"tag-news","22":"tag-nord","23":"tag-nord-pas-de-calais","24":"tag-republique-francaise","25":"tag-sculpture"},"share_on_mastodon":{"url":"https:\/\/pubeurope.com\/@fr\/114553887477811148","error":""},"_links":{"self":[{"href":"https:\/\/www.europesays.com\/fr\/wp-json\/wp\/v2\/posts\/120524","targetHints":{"allow":["GET"]}}],"collection":[{"href":"https:\/\/www.europesays.com\/fr\/wp-json\/wp\/v2\/posts"}],"about":[{"href":"https:\/\/www.europesays.com\/fr\/wp-json\/wp\/v2\/types\/post"}],"author":[{"embeddable":true,"href":"https:\/\/www.europesays.com\/fr\/wp-json\/wp\/v2\/users\/2"}],"replies":[{"embeddable":true,"href":"https:\/\/www.europesays.com\/fr\/wp-json\/wp\/v2\/comments?post=120524"}],"version-history":[{"count":0,"href":"https:\/\/www.europesays.com\/fr\/wp-json\/wp\/v2\/posts\/120524\/revisions"}],"wp:featuredmedia":[{"embeddable":true,"href":"https:\/\/www.europesays.com\/fr\/wp-json\/wp\/v2\/media\/120525"}],"wp:attachment":[{"href":"https:\/\/www.europesays.com\/fr\/wp-json\/wp\/v2\/media?parent=120524"}],"wp:term":[{"taxonomy":"category","embeddable":true,"href":"https:\/\/www.europesays.com\/fr\/wp-json\/wp\/v2\/categories?post=120524"},{"taxonomy":"post_tag","embeddable":true,"href":"https:\/\/www.europesays.com\/fr\/wp-json\/wp\/v2\/tags?post=120524"}],"curies":[{"name":"wp","href":"https:\/\/api.w.org\/{rel}","templated":true}]}}