{"id":120526,"date":"2025-05-22T22:39:12","date_gmt":"2025-05-22T22:39:12","guid":{"rendered":"https:\/\/www.europesays.com\/fr\/120526\/"},"modified":"2025-05-22T22:39:12","modified_gmt":"2025-05-22T22:39:12","slug":"que-faire-a-marseille-ce-week-end-du-22-23-24-et-25-mai","status":"publish","type":"post","link":"https:\/\/www.europesays.com\/fr\/120526\/","title":{"rendered":"que faire \u00e0 Marseille ce week-end du 22, 23, 24 et 25 mai ?"},"content":{"rendered":"<p>Patrick Fiori retrouve le D\u00f4me ce jeudi soir<\/p>\n<p><strong>Le Marseillais d&rsquo;origine corse et arm\u00e9nienne retrouve son public au D\u00f4me ce jeudi 22 mai au soir (20h), pour le deuxi\u00e8me passage de sa tourn\u00e9e des Z\u00e9niths, qu&rsquo;il avait justement d\u00e9marr\u00e9 en 2024 sous la coupole de Saint-Just.<\/strong><\/p>\n<p>Patrick Fiori est de retour chez lui, ce jeudi soir, <a href=\"https:\/\/www.laprovence.com\/article\/culture-loisirs\/70557092954037\/patrick-fiori-en-concert-au-dome-lenfant-de-marseille-a-retrouve-ses-fans\" target=\"_blank\" rel=\"nofollow noopener\">\u00e0 Marseille<\/a>, pour un nouveau concert dans le cadre de la reprise de sa tourn\u00e9e des Z\u00e9niths, d\u00e9marr\u00e9e en 2024. Cette tourn\u00e9e s&rsquo;intitule toujours Le chant est libre, du nom de son dernier album paru l&rsquo;ann\u00e9e derni\u00e8re. Le chanteur avait fait un lancement remarqu\u00e9 en mars 2024 au D\u00f4me devant 5 000 spectateurs conquis par sa puissance vocale, sa sensibilit\u00e9 et son humour.<\/p>\n<p>Des qualit\u00e9s qui seront encore pr\u00e9sentes sur la sc\u00e8ne de Saint-Just, ce jeudi soir. En plus des chansons de son dernier album, dont le titre \u00e9ponyme Le chant est libre, \u00e9crit avec Ycare, Une autre danse, ou encore La gloire de nos p\u00e8res, \u00e9crit par Vianney, le chanteur fera aussi la part belle \u00e0 tous ses autres succ\u00e8s. On peut citer par exemple Les gens qu&rsquo;on aime, ou le magnifique et incontournable Quatre mots sur un piano de Jean-Jacques Goldman. Le chanteur du titre culte Belle de la com\u00e9die musicale Notre-Dame de Paris fera sans doute aussi un clin d&rsquo;\u0153il \u00e0 son fid\u00e8le public marseillais avec la chanson Marseille.<\/p>\n<p>Sans oublier un hommage \u00e0 l&rsquo;\u00eele de beaut\u00e9, qu&rsquo;il chante dans Corsica ou Terra Corsa, avant de retrouver le stade Orange V\u00e9lodrome <a href=\"https:\/\/www.laprovence.com\/article\/culture-loisirs\/8766114131615314\/avec-patrick-fiori-corsu-mezu-mezu-debarque-au-velodrome-le-23-mai-2026\" target=\"_blank\" rel=\"nofollow noopener\">le 23 mai 2026 pour \u00ab\u00a0Corsu Mezu Mezu\u00a0\u00bb<\/a>. Ce spectacle r\u00e9unit autour de Patrick Fiori les plus grands chanteurs corses et ceux de la chanson fran\u00e7aise le temps d&rsquo;une soir\u00e9e unique.<\/p>\n<p><strong>Ce jeudi soir (20h) au D\u00f4me : 45\/55\u20ac. Puis samedi 23 mai 2026 \u00e0 20h au V\u00e9lodrome pour Corsu Mezzu Mezzu. De 45 \u00e0 155\u20ac.<\/strong>&#13;\n<\/p>\n<p>Au Ici Jazz Fest, du jazz \u00e0 toute heure&#13;\n<\/p>\n<p><img alt=\"Le trio LROM, dont la musique est n\u00e9e des cordes du oud, l'un des plus vieux instruments du monde, sera au FRAC vendreid pour le Ici Jazz Fest.\" loading=\"lazy\" decoding=\"async\" data-nimg=\"fill\" class=\" TwicCore_img__i9TC1 undefined  undefined\" style=\"position:absolute;height:100%;width:100%;left:0;top:0;right:0;bottom:0;color:transparent;background-size:cover;background-position:50% 50%;background-repeat:no-repeat;background-image:url(&quot;data:image\/svg+xml;charset=utf-8,%3Csvg xmlns='http:\/\/www.w3.org\/2000\/svg' %3E%3Cfilter id='b' color-interpolation-filters='sRGB'%3E%3CfeGaussianBlur stdDeviation='20'\/%3E%3CfeColorMatrix values='1 0 0 0 0 0 1 0 0 0 0 0 1 0 0 0 0 0 100 -1' result='s'\/%3E%3CfeFlood x='0' y='0' width='100%25' height='100%25'\/%3E%3CfeComposite operator='out' in='s'\/%3E%3CfeComposite in2='SourceGraphic'\/%3E%3CfeGaussianBlur stdDeviation='20'\/%3E%3C\/filter%3E%3Cimage width='100%25' height='100%25' x='0' y='0' preserveAspectRatio='none' style='filter: url(%23b);' href='https:\/\/pictures.laprovence.com\/cdn-cgi\/image\/blur=250\/media\/melody\/2025\/05\/22\/le-trio-lrom-dont-la-musique-est-nee-des-cordes-du-oud-l-un-des-plus-vieux-instruments-du-monde-sera-1747925531_04fc43ff1f28628fc43ff1f283cfc4v_.jpg'\/%3E%3C\/svg%3E&quot;)\"   src=\"https:\/\/www.europesays.com\/fr\/wp-content\/uploads\/2025\/05\/le-trio-lrom-dont-la-musique-est-nee-des-cordes-du-oud-l-un-des-plus-vieux-instruments-du-monde-sera.jpeg\"\/>Le trio LROM, dont la musique est n\u00e9e des cordes du oud, l&rsquo;un des plus vieux instruments du monde, sera au FRAC vendreid pour le Ici Jazz Fest. PHOTO JFI<\/p>\n<p><strong>25 concerts in\u00e9dits totalement gratuits dans 25 lieux originaux\u2026 Le festival capsule Ici Jazz Fest, imagin\u00e9 par Marseille Jazz des cinq continents, qui d\u00e9bute ce jeudi 22 mai pour quatre jours, r\u00e9serve au public ses plus belles notes et annonce plein de jolies promesses.<\/strong><\/p>\n<p>Un jazz vivace, croulant sous l&rsquo;inventivit\u00e9 et l&rsquo;excellence des musiciens attendus, une programmation riche et \u00e9clectique, avec une source de m\u00e9tissage qui traverse les fronti\u00e8res. C&rsquo;est en r\u00e9sum\u00e9 ce qui attend le public durant quatre jours au Ici Jazz Fest.<\/p>\n<p><a href=\"https:\/\/www.laprovence.com\/article\/culture-loisirs\/8013539972606214\/ici-jazz-fest-25-concerts-gratuits-dans-25-lieux-pour-les-25-ans-du-marseille-jazz-des-cinq-continents\" target=\"_blank\" rel=\"nofollow noopener\">Le festival<\/a> a ouvert ce jeudi devant l&rsquo;Op\u00e9ra (1er), sur un th\u00e8me plut\u00f4t original : Chim\u00e8re, un projet m\u00ealant po\u00e9sie, conte, jazz, et chanson. Il incarne les cr\u00e9ations de Coline Fourment qui s&rsquo;inspire elle-m\u00eame d&rsquo;univers sombres. Pui, le festival invite le Payan Ghasemi Quintet au Pr\u00e9sage, restaurant solaire \u00e0 Ch\u00e2teau-Gombert (13e). Enfin, \u00e0 Grand Central (1er), on pourra voir Tiffany and The Nightbirds, un projet port\u00e9 par la chanteuse de jazz marseillaise Tiffany Muzellec.<\/p>\n<p>Pour le reste du programme : on peut retrouver ce vendredi 23 mai un spectacle jeune public, Des Rivages, \u00e0 l&rsquo;Astronef (15e) \u00e0 14h, une fanfare d&rsquo;enfants, La Fanf\u00eate, \u00e0 la Belle-de-Mai (3e) \u00e0 18h30. On pourra aussi glisser une, voire deux oreilles au concert de jazz nomade du Trio LROM, au FRAC Sud (2e) demain \u00e0 18h30. Leur musique est n\u00e9e dans les cordes du oud, un des instruments les plus anciens de l&rsquo;histoire.<\/p>\n<p>Puis, samedi, un bal swing port\u00e9 par Coco Swing House Band se tiendra \u00e0 la Maison Yellow (2e) \u00e0 17 h, alors que du gospel avec le Soul Addict Singers retentira au jardin Guy Aza\u00efs (10e) \u00e0 17h30. Pourquoi ne pas d\u00e9couvrir pour finir, dimanche, le jazz d&rsquo;Amadis Quartet qui passe du swing au bop, \u00e0 17h au CNTL, quai Marcel Pagnol (7e) ou le jazz carib\u00e9en de la Nouvelle-Orl\u00e9ans \u00e0 la Guadeloupe, de Boogie Lionne \u00e0 l&rsquo;Harmonie de l&rsquo;Estaque gare (16e) \u00e0 19h.<\/p>\n<p><strong>La programmation compl\u00e8te est disponible sur : icijazz.fest.com. Gratuit.<\/strong>&#13;\n<\/p>\n<p>La culture arm\u00e9nienne c\u00e9l\u00e9br\u00e9e au Cepac Silo samedi et dimanche&#13;\n<\/p>\n<p><img alt=\"Dimanche \u00e0 19h sur la sc\u00e8ne du Silo, l'ensemble national de danse d'Arm\u00e9nie &quot;Baregamoutyoun&quot; sera l'invit\u00e9 d'honneur de la JAF qui f\u00eate ses 80 ans, pour offrir un spectacle de 2h entre tradition et modernit\u00e9.\" loading=\"lazy\" decoding=\"async\" data-nimg=\"fill\" class=\" TwicCore_img__i9TC1 undefined  undefined\" style=\"position:absolute;height:100%;width:100%;left:0;top:0;right:0;bottom:0;color:transparent;background-size:cover;background-position:50% 50%;background-repeat:no-repeat;background-image:url(&quot;data:image\/svg+xml;charset=utf-8,%3Csvg xmlns='http:\/\/www.w3.org\/2000\/svg' %3E%3Cfilter id='b' color-interpolation-filters='sRGB'%3E%3CfeGaussianBlur stdDeviation='20'\/%3E%3CfeColorMatrix values='1 0 0 0 0 0 1 0 0 0 0 0 1 0 0 0 0 0 100 -1' result='s'\/%3E%3CfeFlood x='0' y='0' width='100%25' height='100%25'\/%3E%3CfeComposite operator='out' in='s'\/%3E%3CfeComposite in2='SourceGraphic'\/%3E%3CfeGaussianBlur stdDeviation='20'\/%3E%3C\/filter%3E%3Cimage width='100%25' height='100%25' x='0' y='0' preserveAspectRatio='none' style='filter: url(%23b);' href='https:\/\/pictures.laprovence.com\/cdn-cgi\/image\/blur=250\/media\/melody\/2025\/05\/22\/dfd-1747925531_6f64c0b22f286a374c0b22f289774cv_.jpg'\/%3E%3C\/svg%3E&quot;)\"   src=\"https:\/\/www.europesays.com\/fr\/wp-content\/uploads\/2025\/05\/dfd-1747925531_6f64c0b22f286a374c0b22f289774cv_.jpg\"\/>Dimanche \u00e0 19h sur la sc\u00e8ne du Silo, l&rsquo;ensemble national de danse d&rsquo;Arm\u00e9nie \u00ab\u00a0Baregamoutyoun\u00a0\u00bb sera l&rsquo;invit\u00e9 d&rsquo;honneur de la JAF qui f\u00eate ses 80 ans, pour offrir un spectacle de 2h entre tradition et modernit\u00e9. PHOTO DR<\/p>\n<p><strong>La Jeunesse Arm\u00e9nienne de France (JAF) f\u00eate au Silo ses 80 ans avec ses trois ensembles de danse et de musique Araxe-Sassoun-Azad ainsi que l&rsquo;ensemble national de danse d&rsquo;Arm\u00e9nie.<\/strong><\/p>\n<p>35 danseurs, 40 musiciens et 30 chanteurs des ensembles Araxe-Sassoun-Azad vont porter haut les couleurs de l&rsquo;Arm\u00e9nie avec un spectacle riche en \u00e9motion, en rythmes et en sonorit\u00e9s, \u00e0 la fois modernes et traditionnels.<\/p>\n<p>Cette nouvelle cr\u00e9ation, sous la direction artistique de Pascal Chamassian, s&rsquo;intitule 80 et sera pr\u00e9sent\u00e9e samedi soir sur la sc\u00e8ne du Cepac Silo. Elle vient apr\u00e8s le succ\u00e8s de Ararat mon amour, Un si\u00e8cle apr\u00e8s et 1000 couleurs, que les ensembles ont jou\u00e9 sur des sc\u00e8nes nationales et internationales. Cette fois-ci, l&rsquo;accent sera mis sur cette date anniversaire importante de l&rsquo;association cr\u00e9\u00e9e en 1945 et inspir\u00e9e par le r\u00e9sistant <a href=\"https:\/\/www.laprovence.com\/article\/region\/17724063417768\/missak-et-melinee-manouchian-un-couple-dans-la-tourmente-de-l-histoire\" target=\"_blank\" rel=\"nofollow noopener\">Missak Manouchian<\/a>, r\u00e9cemment entr\u00e9 au Panth\u00e9on. Le spectacle rendra ainsi hommage \u00e0 des figures embl\u00e9matiques, aux plus grands compositeurs et chor\u00e9graphes de l&rsquo;histoire de l&rsquo;Arm\u00e9nie.<\/p>\n<p>Et pour marquer encore plus l&rsquo;\u00e9v\u00e9nement, la JAF invite dimanche sur la sc\u00e8ne du Silo l&rsquo;ensemble national de danse d&rsquo;Arm\u00e9nie \u00ab\u00a0Baregamoutyoun\u00a0\u00bb. Les 35 danseurs de cet ensemble vogueront entre tradition et modernit\u00e9 pour assurer un spectacle rare et exclusif pendant deux heures. Tandis que la troupe de danse Araxe se produira en premi\u00e8re partie.\u00a0<\/p>\n<p><strong>Samedi et dimanche (19h) au Cepac Silo. De 33 \u00e0 58,20\u20ac. cepacsilo-marseille.fr. Billets coupl\u00e9s pour les deux spectacles de 55 \u00e0 95\u20ac : 04 91 802 820.<\/strong>&#13;\n<\/p>\n<p>La pianiste marseillaise Amandine Habib revisite Couperin&#13;\n<\/p>\n<p><img alt=\"Amandine Habib.\" loading=\"lazy\" decoding=\"async\" data-nimg=\"fill\" class=\" TwicCore_img__i9TC1 undefined  undefined\" style=\"position:absolute;height:100%;width:100%;left:0;top:0;right:0;bottom:0;color:transparent;background-size:cover;background-position:50% 50%;background-repeat:no-repeat;background-image:url(&quot;data:image\/svg+xml;charset=utf-8,%3Csvg xmlns='http:\/\/www.w3.org\/2000\/svg' %3E%3Cfilter id='b' color-interpolation-filters='sRGB'%3E%3CfeGaussianBlur stdDeviation='20'\/%3E%3CfeColorMatrix values='1 0 0 0 0 0 1 0 0 0 0 0 1 0 0 0 0 0 100 -1' result='s'\/%3E%3CfeFlood x='0' y='0' width='100%25' height='100%25'\/%3E%3CfeComposite operator='out' in='s'\/%3E%3CfeComposite in2='SourceGraphic'\/%3E%3CfeGaussianBlur stdDeviation='20'\/%3E%3C\/filter%3E%3Cimage width='100%25' height='100%25' x='0' y='0' preserveAspectRatio='none' style='filter: url(%23b);' href='https:\/\/pictures.laprovence.com\/cdn-cgi\/image\/blur=250\/media\/melody\/2025\/05\/22\/gbg-1747925531_7ca60c853f28690b60c853f28f4b60v_.jpg'\/%3E%3C\/svg%3E&quot;)\"   src=\"https:\/\/www.europesays.com\/fr\/wp-content\/uploads\/2025\/05\/gbg-1747925531_7ca60c853f28690b60c853f28f4b60v_.jpg\"\/>Amandine Habib. PHOTO CHRIS BOYER<\/p>\n<p>\u00c0 l&rsquo;invitation de Marseille concerts et de l&rsquo;Op\u00e9ra de Marseille, Amandine Habib explorera l&rsquo;univers baroque de Fran\u00e7ois Couperin. Elle a choisi d&rsquo;interpr\u00e9ter la musique de Couperin au piano, un instrument qui n&rsquo;existait pas sous sa forme moderne \u00e0 l&rsquo;\u00e9poque du compositeur. <a href=\"https:\/\/www.laprovence.com\/article\/sortie-loisirs\/83010947766255\/marseille-concerts-du-classique-a-la-chanson-pour-sa-saison-2024-2025\" target=\"_blank\" rel=\"nofollow noopener\">Amandine Habib<\/a> s&rsquo;est fix\u00e9 le d\u00e9fi de \u00ab\u00a0transcrire la richesse des claviers baroques sur le piano moderne\u00a0\u00bb.<\/p>\n<p>Son approche qui m\u00eale respect de l&rsquo;authenticit\u00e9 historique et innovation permettra de red\u00e9couvrir Couperin sous un jour nouveau.<\/p>\n<p><strong>Dimanche de 11h \u00e0 12h au foyer de l&rsquo;Op\u00e9ra de Marseille, Rue Moli\u00e8re.15\u20ac. Gratuit pour les moins de 10 ans. marseilleconcerts.com<\/strong>&#13;\n<\/p>\n<p>The Echo r\u00e9pand ses musiques rock et alternatives jusqu&rsquo;\u00e0 samedi<\/p>\n<p><strong>C&rsquo;est dans un Espace Julien chauff\u00e9 \u00e0 blanc, dans la sueur et les effluves de bi\u00e8re, qu&rsquo;a d\u00e9marr\u00e9 mardi 20 mai le festival The Echo consacr\u00e9 aux musiques alternatives.<\/strong><\/p>\n<p>C&rsquo;est le groupe de garage rock psych\u00e9 am\u00e9ricain Osees qui a donn\u00e9 le coup d&rsquo;envoi. Dirig\u00e9e par l&rsquo;hyperactif John Dwyer, tout en muscle et tatouage, en d\u00e9bardeur et short, sa guitare tenue haut comme une carabine, gesticulant et crachant, la formation de Los Angeles est r\u00e9put\u00e9e pour sa production prolixe sous diff\u00e9rents noms et son jeu de sc\u00e8ne d\u00e9capant.<\/p>\n<p>Et ce soir-l\u00e0, elle n&rsquo;a pas d\u00e9\u00e7u, pla\u00e7ant ses deux batteurs fr\u00e9n\u00e9tiques au centre et au premier rang. Pendant une heure trente, pied au plancher, \u00e0 peine le temps de livrer quelques mercis, le quintet furieux a d\u00e9gain\u00e9 un set \u00e9lectrique agitant diff\u00e9rents courants (garage, punk, heavy metal, psych\u00e9\u2026), \u00e0 coups de pogos et slams dans une foule en liesse. De quoi lancer The Echo sous les meilleurs auspices.<\/p>\n<p>Le festival se poursuit avec les collectifs congolais Fulu Miziki et Kokoko ! ce jeudi, les Frenchies psych\u00e9 de The Liminanas (vendredi, mais c&rsquo;est complet). Mais aussi Mark William Lewis, figure de la sc\u00e8ne underground londonienne (vendredi au Makeda) ou encore le post-punk distordu de Rendez-vous, les d\u00e9jant\u00e9s parisiens de Bryan&rsquo;s Magic Tears et la DJ et performeuse Marie Davidson r\u00e9unis ce samedi \u00e0 <a href=\"https:\/\/www.laprovence.com\/article\/region\/68422057050991\/a-l-espace-julien-a-marseille-une-saison-2024-2025-plurielle-et-collaborative\" target=\"_blank\" rel=\"nofollow noopener\">l&rsquo;Espace Julien<\/a>.<\/p>\n<p><strong>Jusqu&rsquo;\u00e0 samedi. theecho-festival.com<\/strong><\/p>\n","protected":false},"excerpt":{"rendered":"Patrick Fiori retrouve le D\u00f4me ce jeudi soir Le Marseillais d&rsquo;origine corse et arm\u00e9nienne retrouve son public au&hellip;\n","protected":false},"author":2,"featured_media":120527,"comment_status":"","ping_status":"","sticky":false,"template":"","format":"standard","meta":{"footnotes":""},"categories":[2814],"tags":[17,10508,9337,1111,11,251,1777,674,4560,1011,27,2565,884,12,882,746,25,4064],"class_list":{"0":"post-120526","1":"post","2":"type-post","3":"status-publish","4":"format-standard","5":"has-post-thumbnail","7":"category-marseille","8":"tag-17","9":"tag-10508","10":"tag-9337","11":"tag-actu","12":"tag-actualites","13":"tag-culture","14":"tag-eu","15":"tag-europe","16":"tag-faire","17":"tag-fr","18":"tag-france","19":"tag-mai","20":"tag-marseille","21":"tag-news","22":"tag-provence-alpes-cote-dazur","23":"tag-que","24":"tag-republique-francaise","25":"tag-week-end"},"share_on_mastodon":{"url":"https:\/\/pubeurope.com\/@fr\/114553891310806437","error":""},"_links":{"self":[{"href":"https:\/\/www.europesays.com\/fr\/wp-json\/wp\/v2\/posts\/120526","targetHints":{"allow":["GET"]}}],"collection":[{"href":"https:\/\/www.europesays.com\/fr\/wp-json\/wp\/v2\/posts"}],"about":[{"href":"https:\/\/www.europesays.com\/fr\/wp-json\/wp\/v2\/types\/post"}],"author":[{"embeddable":true,"href":"https:\/\/www.europesays.com\/fr\/wp-json\/wp\/v2\/users\/2"}],"replies":[{"embeddable":true,"href":"https:\/\/www.europesays.com\/fr\/wp-json\/wp\/v2\/comments?post=120526"}],"version-history":[{"count":0,"href":"https:\/\/www.europesays.com\/fr\/wp-json\/wp\/v2\/posts\/120526\/revisions"}],"wp:featuredmedia":[{"embeddable":true,"href":"https:\/\/www.europesays.com\/fr\/wp-json\/wp\/v2\/media\/120527"}],"wp:attachment":[{"href":"https:\/\/www.europesays.com\/fr\/wp-json\/wp\/v2\/media?parent=120526"}],"wp:term":[{"taxonomy":"category","embeddable":true,"href":"https:\/\/www.europesays.com\/fr\/wp-json\/wp\/v2\/categories?post=120526"},{"taxonomy":"post_tag","embeddable":true,"href":"https:\/\/www.europesays.com\/fr\/wp-json\/wp\/v2\/tags?post=120526"}],"curies":[{"name":"wp","href":"https:\/\/api.w.org\/{rel}","templated":true}]}}