{"id":120533,"date":"2025-05-22T22:44:16","date_gmt":"2025-05-22T22:44:16","guid":{"rendered":"https:\/\/www.europesays.com\/fr\/120533\/"},"modified":"2025-05-22T22:44:16","modified_gmt":"2025-05-22T22:44:16","slug":"fast-and-furious-en-ile-de-france-linfluenceur-akram-a-voulu-acheter-un-terrain-pour-legaliser-la-pratique","status":"publish","type":"post","link":"https:\/\/www.europesays.com\/fr\/120533\/","title":{"rendered":"\u00ab\u00a0Fast and Furious\u00a0\u00bb en \u00cele-de-France\u00a0: l\u2019influenceur Akram a voulu acheter un terrain pour l\u00e9galiser la pratique"},"content":{"rendered":"<p class=\"paragraph text_align_left\">Au quotidien, il pr\u00e9sente les plus belles voitures de ses abonn\u00e9s. \u00ab Qu\u2019elles soient anciennes ou r\u00e9centes, peu importe, mais il faut qu\u2019elles soient modifi\u00e9es \u00bb, pr\u00e9cise Akram Junior.<\/p>\n<p class=\"paragraph text_align_left\">Suivi par plus d\u2019un million de fans sur ses divers r\u00e9seaux sociaux, cet influenceur fran\u00e7ais, h\u00e9ritier d\u2019une famille d\u2019entrepreneurs, est une figure dans le monde de l\u2019automobile. Il s\u2019est rapproch\u00e9 peu \u00e0 peu <a href=\"https:\/\/www.leparisien.fr\/paris-75\/a-deux-pas-de-lelysee-les-defiles-des-fous-de-tuning-font-hurler-les-moteurs-et-les-voisins-15-07-2022-ILHN23JA6ZFFZMT7HDX4WUOXKI.php\" target=\"_blank\" rel=\"noreferrer nofollow noopener\">du monde des rassos<\/a>, ces rassemblements ill\u00e9gaux de passionn\u00e9s de voitures survitamin\u00e9es.<\/p>\n","protected":false},"excerpt":{"rendered":"Au quotidien, il pr\u00e9sente les plus belles voitures de ses abonn\u00e9s. \u00ab Qu\u2019elles soient anciennes ou r\u00e9centes, peu&hellip;\n","protected":false},"author":2,"featured_media":120534,"comment_status":"","ping_status":"","sticky":false,"template":"","format":"standard","meta":{"footnotes":""},"categories":[1592],"tags":[1111,11,646,1777,674,1011,27,662,1944,12,626,25],"class_list":{"0":"post-120533","1":"post","2":"type-post","3":"status-publish","4":"format-standard","5":"has-post-thumbnail","7":"category-ile-de-france","8":"tag-actu","9":"tag-actualites","10":"tag-automobile","11":"tag-eu","12":"tag-europe","13":"tag-fr","14":"tag-france","15":"tag-ile-de-france","16":"tag-ma-ville","17":"tag-news","18":"tag-paris","19":"tag-republique-francaise"},"share_on_mastodon":{"url":"https:\/\/pubeurope.com\/@fr\/114553911059400254","error":""},"_links":{"self":[{"href":"https:\/\/www.europesays.com\/fr\/wp-json\/wp\/v2\/posts\/120533","targetHints":{"allow":["GET"]}}],"collection":[{"href":"https:\/\/www.europesays.com\/fr\/wp-json\/wp\/v2\/posts"}],"about":[{"href":"https:\/\/www.europesays.com\/fr\/wp-json\/wp\/v2\/types\/post"}],"author":[{"embeddable":true,"href":"https:\/\/www.europesays.com\/fr\/wp-json\/wp\/v2\/users\/2"}],"replies":[{"embeddable":true,"href":"https:\/\/www.europesays.com\/fr\/wp-json\/wp\/v2\/comments?post=120533"}],"version-history":[{"count":0,"href":"https:\/\/www.europesays.com\/fr\/wp-json\/wp\/v2\/posts\/120533\/revisions"}],"wp:featuredmedia":[{"embeddable":true,"href":"https:\/\/www.europesays.com\/fr\/wp-json\/wp\/v2\/media\/120534"}],"wp:attachment":[{"href":"https:\/\/www.europesays.com\/fr\/wp-json\/wp\/v2\/media?parent=120533"}],"wp:term":[{"taxonomy":"category","embeddable":true,"href":"https:\/\/www.europesays.com\/fr\/wp-json\/wp\/v2\/categories?post=120533"},{"taxonomy":"post_tag","embeddable":true,"href":"https:\/\/www.europesays.com\/fr\/wp-json\/wp\/v2\/tags?post=120533"}],"curies":[{"name":"wp","href":"https:\/\/api.w.org\/{rel}","templated":true}]}}