{"id":12054,"date":"2025-04-09T07:34:07","date_gmt":"2025-04-09T07:34:07","guid":{"rendered":"https:\/\/www.europesays.com\/fr\/12054\/"},"modified":"2025-04-09T07:34:07","modified_gmt":"2025-04-09T07:34:07","slug":"lyon-une-femme-meurt-dans-un-accident-de-moto-sur-les-quais-un-homme-dans-un-etat-grave","status":"publish","type":"post","link":"https:\/\/www.europesays.com\/fr\/12054\/","title":{"rendered":"Lyon. Une femme meurt dans un accident de moto sur les quais, un homme dans un \u00e9tat grave"},"content":{"rendered":"<p>            Par<br \/>\n        <strong><br \/>\n            <a href=\"https:\/\/actu.fr\/auteur\/anthony-soudani\" title=\"Consulter tous les articles de Anthony Soudani\" rel=\"nofollow noopener\" target=\"_blank\">Anthony Soudani<\/a><br \/>\n        <\/strong><\/p>\n<p>        Publi\u00e9 le<\/p>\n<p>            9 avr. 2025 \u00e0 8h40        <\/p>\n<p><strong>INFO ACTU LYON.<\/strong> Un violent <a href=\"https:\/\/actu.fr\/auvergne-rhone-alpes\/lyon_69123\/lyon-un-accident-de-la-route-cycliste-pieton-fait-un-blesse-grave-en-urgence-absolue_62484287.html\" rel=\"nofollow noopener\" target=\"_blank\">accident<\/a> de la route a fait un mort tr\u00e8s t\u00f4t ce mercredi 9 avril, sur le quai Saint-Vincent, \u00e0 <a href=\"https:\/\/actu.fr\/lyon\/\" rel=\"nofollow noopener\" target=\"_blank\">Lyon<\/a>. <strong>Une femme est d\u00e9c\u00e9d\u00e9e<\/strong> sur le coup vers 3h50 du matin. Un homme se trouve, lui, dans un \u00e9tat grave.<\/p>\n<p>    <a href=\"https:\/\/www.google.com\/maps\/embed?pb=!1m18!1m12!1m3!1d2783.1486291824626!2d4.819680074820322!3d45.76821151310528!2m3!1f0!2f0!3f0!3m2!1i1024!2i768!4f13.1!3m3!1m2!1s0x47f4eb0678b94459%3A0x99fa5982ca7a9826!2sQuai%20Saint-Vincent%2C%2069001%20Lyon!5e0!3m2!1sfr!2sfr!4v1744180545099!5m2!1sfr!2sfr\" title=\"Ouvrie le lien\" rel=\"nofollow noopener\" target=\"_blank\">Cliquez ici pour visualiser le contenu<\/a><\/p>\n<p>Un homme transport\u00e9 entre la vie et la mort \u00e0 l\u2019h\u00f4pital<\/p>\n<p class=\" wall-content\">La circulation sur cette portion du quai, situ\u00e9 dans le 1er arrondissement, a \u00e9t\u00e9 coup\u00e9e le temps de l\u2019intervention des <a href=\"https:\/\/actu.fr\/auvergne-rhone-alpes\/l-arbresle_69010\/pres-de-lyon-un-incendie-detruit-entierement-une-maison-des-pompiers-en-colere_62477123.html\" rel=\"nofollow noopener\" target=\"_blank\">sapeurs-pompiers du Rh\u00f4ne<\/a>. L\u2019homme a \u00e9t\u00e9 transport\u00e9 d\u2019urgence au service d\u00e9chocage de l\u2019h\u00f4pital le plus proche avec <strong>son pronostic vital engag\u00e9<\/strong> \u00e0 ce moment-l\u00e0.\u00a0<\/p>\n<p class=\" wall-content\">Les circonstances de l\u2019accident ne sont pas pr\u00e9cis\u00e9es pour l\u2019heure. L\u2019\u00e2ge et l\u2019identit\u00e9 des victimes ne sont pas connus.<\/p>\n<p class=\" wall-content\">Suivez toute l\u2019actualit\u00e9 de vos villes et m\u00e9dias favoris en vous inscrivant \u00e0 <a href=\"https:\/\/moncompte.actu.fr\" title=\"D\u00e9couvez Mon Actu\" rel=\"nofollow noopener\" data-trk=\"{&quot;cta&quot;:{&quot;action&quot;:&quot;https:\\\/\\\/moncompte.actu.fr&quot;,&quot;category&quot;:&quot;mon compte&quot;,&quot;from&quot;:&quot;article footer&quot;,&quot;name&quot;:&quot;Mon actu&quot;,&quot;type&quot;:&quot;cta&quot;}}\" target=\"_blank\">Mon Actu<\/a>.<\/p>\n","protected":false},"excerpt":{"rendered":"Par Anthony Soudani Publi\u00e9 le 9 avr. 2025 \u00e0 8h40 INFO ACTU LYON. Un violent accident de la&hellip;\n","protected":false},"author":2,"featured_media":12055,"comment_status":"","ping_status":"","sticky":false,"template":"","format":"standard","meta":{"footnotes":""},"categories":[1889],"tags":[119,1111,11,2430,1777,674,118,1011,27,2428,12,1311,25],"class_list":{"0":"post-12054","1":"post","2":"type-post","3":"status-publish","4":"format-standard","5":"has-post-thumbnail","7":"category-lyon","8":"tag-accident","9":"tag-actu","10":"tag-actualites","11":"tag-auvergne-rhone-alpes","12":"tag-eu","13":"tag-europe","14":"tag-faits-divers","15":"tag-fr","16":"tag-france","17":"tag-lyon","18":"tag-news","19":"tag-pompiers","20":"tag-republique-francaise"},"share_on_mastodon":{"url":"https:\/\/pubeurope.com\/@fr\/114306853461265735","error":""},"_links":{"self":[{"href":"https:\/\/www.europesays.com\/fr\/wp-json\/wp\/v2\/posts\/12054","targetHints":{"allow":["GET"]}}],"collection":[{"href":"https:\/\/www.europesays.com\/fr\/wp-json\/wp\/v2\/posts"}],"about":[{"href":"https:\/\/www.europesays.com\/fr\/wp-json\/wp\/v2\/types\/post"}],"author":[{"embeddable":true,"href":"https:\/\/www.europesays.com\/fr\/wp-json\/wp\/v2\/users\/2"}],"replies":[{"embeddable":true,"href":"https:\/\/www.europesays.com\/fr\/wp-json\/wp\/v2\/comments?post=12054"}],"version-history":[{"count":0,"href":"https:\/\/www.europesays.com\/fr\/wp-json\/wp\/v2\/posts\/12054\/revisions"}],"wp:featuredmedia":[{"embeddable":true,"href":"https:\/\/www.europesays.com\/fr\/wp-json\/wp\/v2\/media\/12055"}],"wp:attachment":[{"href":"https:\/\/www.europesays.com\/fr\/wp-json\/wp\/v2\/media?parent=12054"}],"wp:term":[{"taxonomy":"category","embeddable":true,"href":"https:\/\/www.europesays.com\/fr\/wp-json\/wp\/v2\/categories?post=12054"},{"taxonomy":"post_tag","embeddable":true,"href":"https:\/\/www.europesays.com\/fr\/wp-json\/wp\/v2\/tags?post=12054"}],"curies":[{"name":"wp","href":"https:\/\/api.w.org\/{rel}","templated":true}]}}