{"id":120541,"date":"2025-05-22T22:48:12","date_gmt":"2025-05-22T22:48:12","guid":{"rendered":"https:\/\/www.europesays.com\/fr\/120541\/"},"modified":"2025-05-22T22:48:12","modified_gmt":"2025-05-22T22:48:12","slug":"autour-des-toits-de-paris-paname","status":"publish","type":"post","link":"https:\/\/www.europesays.com\/fr\/120541\/","title":{"rendered":"Autour des toits de Paris &#8211; Paname"},"content":{"rendered":"<p id=\"descriptionPanel\" aria-labelledby=\"descriptionArrow\" aria-expanded=\"false\" class=\"mr-2 line-clamp-2 pr-2.5 text-secondary overflow-visible\">Les toits de Paris, symboles embl\u00e9matiques de la capitale, deviennent le terrain de jeu d\u2019Yvan dans cet \u00e9pisode sp\u00e9cial. Il d\u00e9bute par un cours de yoga sur le rooftop de Maison Blanche, puis retrouve Gilles Mermet, photographe passionn\u00e9, explorateur des sommets urbains. Diane Joss lui fait d\u00e9couvrir son rooftop peupl\u00e9 d\u2019abeilles. Fr\u00e9d\u00e9rick Gersal l\u2019attend sur les Galeries Lafayette pour une le\u00e7on d\u2019Histoire. Enfin, Yvan d\u00e9couvre un potager suspendu et croise Zephyr, adepte du parkour sur les toits parisiens.<\/p>\n<p><a class=\"shrink-0\" href=\"https:\/\/www.tf1.fr\/le-figaro\/paname\" rel=\"nofollow noopener\" target=\"_blank\"><img decoding=\"async\" src=\"https:\/\/www.europesays.com\/fr\/wp-content\/uploads\/2025\/05\/paname-1744214825-2a33da-17e17f-0@1x.jpg\" width=\"138\" height=\"184\" alt=\"\" loading=\"eager\" fetchpriority=\"auto\" class=\"aspect-[3\/4] h-24 w-auto rounded-3px\" aria-hidden=\"true\"\/><\/a><\/p>\n<p>26m<\/p>\n<p><img decoding=\"async\" src=\"https:\/\/www.europesays.com\/fr\/wp-content\/uploads\/2025\/05\/lefigaro-logo-editeur-a24114-19ceaf-0@3x.png\" alt=\"Le Figaro\" loading=\"eager\" class=\"h-5 w-14\" fetchpriority=\"auto\"\/>23 mai 2025 \u00e0 00:00<\/p>\n","protected":false},"excerpt":{"rendered":"Les toits de Paris, symboles embl\u00e9matiques de la capitale, deviennent le terrain de jeu d\u2019Yvan dans cet \u00e9pisode&hellip;\n","protected":false},"author":2,"featured_media":120542,"comment_status":"","ping_status":"","sticky":false,"template":"","format":"standard","meta":{"footnotes":""},"categories":[1888],"tags":[11,1190,24229,1777,674,1011,27,12,24231,24230,626,25,24233,24234,24232],"class_list":{"0":"post-120541","1":"post","2":"type-post","3":"status-publish","4":"format-standard","5":"has-post-thumbnail","7":"category-paris","8":"tag-actualites","9":"tag-documentaire","10":"tag-documentaire-paname","11":"tag-eu","12":"tag-europe","13":"tag-fr","14":"tag-france","15":"tag-news","16":"tag-paname","17":"tag-paname-documentaire","18":"tag-paris","19":"tag-republique-francaise","20":"tag-streaming-paname","21":"tag-video-en-streaming-paname","22":"tag-video-paname"},"share_on_mastodon":{"url":"https:\/\/pubeurope.com\/@fr\/114553926839330594","error":""},"_links":{"self":[{"href":"https:\/\/www.europesays.com\/fr\/wp-json\/wp\/v2\/posts\/120541","targetHints":{"allow":["GET"]}}],"collection":[{"href":"https:\/\/www.europesays.com\/fr\/wp-json\/wp\/v2\/posts"}],"about":[{"href":"https:\/\/www.europesays.com\/fr\/wp-json\/wp\/v2\/types\/post"}],"author":[{"embeddable":true,"href":"https:\/\/www.europesays.com\/fr\/wp-json\/wp\/v2\/users\/2"}],"replies":[{"embeddable":true,"href":"https:\/\/www.europesays.com\/fr\/wp-json\/wp\/v2\/comments?post=120541"}],"version-history":[{"count":0,"href":"https:\/\/www.europesays.com\/fr\/wp-json\/wp\/v2\/posts\/120541\/revisions"}],"wp:featuredmedia":[{"embeddable":true,"href":"https:\/\/www.europesays.com\/fr\/wp-json\/wp\/v2\/media\/120542"}],"wp:attachment":[{"href":"https:\/\/www.europesays.com\/fr\/wp-json\/wp\/v2\/media?parent=120541"}],"wp:term":[{"taxonomy":"category","embeddable":true,"href":"https:\/\/www.europesays.com\/fr\/wp-json\/wp\/v2\/categories?post=120541"},{"taxonomy":"post_tag","embeddable":true,"href":"https:\/\/www.europesays.com\/fr\/wp-json\/wp\/v2\/tags?post=120541"}],"curies":[{"name":"wp","href":"https:\/\/api.w.org\/{rel}","templated":true}]}}