{"id":120545,"date":"2025-05-22T22:50:11","date_gmt":"2025-05-22T22:50:11","guid":{"rendered":"https:\/\/www.europesays.com\/fr\/120545\/"},"modified":"2025-05-22T22:50:11","modified_gmt":"2025-05-22T22:50:11","slug":"a-lannion-la-manifestation-pour-lukraine-met-en-avant-le-sort-des-enfants-et-des-jeunes","status":"publish","type":"post","link":"https:\/\/www.europesays.com\/fr\/120545\/","title":{"rendered":"\u00c0 Lannion, la manifestation pour l\u2019Ukraine met en avant le sort des enfants et des jeunes"},"content":{"rendered":"<p>Plus de 70 personnes ont particip\u00e9 au rassemblement de Tr\u00e9gor solidarit\u00e9 Ukraine organis\u00e9 le jeudi 22 mai sur les marches de la mairie de Lannion. Comme chaque mois, ils ont donn\u00e9 des informations sur la situation de l\u2019Ukraine, en proie \u00e0 la tentative d\u2019invasion russe men\u00e9e par le pr\u00e9sident Vladimir Poutine.<\/p>\n<p>Temps fort de la manifestation, un point a \u00e9t\u00e9 fait sur la sant\u00e9 mentale des enfants et des jeunes d\u2019Ukraine, alors que se multiplient les bombardements sur les \u00e9coles, les h\u00f4pitaux et les zones habit\u00e9es.<\/p>\n<p><img decoding=\"async\" src=\"https:\/\/www.europesays.com\/fr\/wp-content\/uploads\/2025\/05\/682f6eb8ea39c4da1004f6f4.1.jpeg\" width=\"480\" height=\"300\" class=\"web_golden_m\" loading=\"lazy\" alt=\"Plus de 70 personnes ont particip\u00e9, le jeudi 22\u00a0mai, au rassemblement de soutien \u00e0 l\u2019Ukraine organis\u00e9 devant la mairie de Lannion.\"\/>Plus de 70 personnes ont particip\u00e9, le jeudi 22\u00a0mai, au rassemblement de soutien \u00e0 l\u2019Ukraine organis\u00e9 devant la mairie de Lannion. (Le T\u00e9l\u00e9gramme\/Morvan L\u00e9on)La participation de jeunes Ukrainiens<\/p>\n<p>Akely et Lev, deux jeunes Ukrainiens r\u00e9fugi\u00e9s \u00e0 Pleumeur-Bodou depuis trois ans avec leur m\u00e8re, <a href=\"https:\/\/www.letelegramme.fr\/cotes-d-armor\/pleumeur-bodou-22560\/a-pleumeur-bodou-lukrainienne-polina-a-du-repartir-a-zero-6531362.php\" target=\"_blank\" rel=\"noopener\">Polina Deineko,<\/a> ont lu des t\u00e9moignages de jeunes Ukrainiens rest\u00e9s au pays. Lev a commenc\u00e9 par l\u2019histoire d\u2019un jeune de 18 ans, \u00e9lev\u00e9 dans les territoires devenus russes en 2014. Apr\u00e8s avoir d\u00e9couvert la propagande russe, il a fui, contre l\u2019avis de ses parents, et reconstruit sa vie, esp\u00e9rant retrouver sa ville quand elle sera lib\u00e9r\u00e9e.<\/p>\n<p>La s\u0153ur de Lev, Akela, a choisi la traduction d\u2019un article du journal britannique The Guardian, sur les adolescents d\u2019un club de lecture. Ils font vivre la litt\u00e9rature ukrainienne, alors que, dans leur ville occup\u00e9e, pr\u00e8s de 200\u00a0000 ouvrages ukrainiens ont \u00e9t\u00e9 d\u00e9truits. Ces jeunes ont d\u00e9couvert une \u00e9crivaine ukrainienne du XIXe si\u00e8cle, qui comme eux, avait cr\u00e9\u00e9 un club de lecture lors d\u2019une invasion de Kiev par la Russie tsariste, Lesya Ukrainka. La lecture d\u2019Akela s\u2019ach\u00e8ve par ces mots\u00a0: \u00ab\u00a0Lesya Ukrainka \u00e9crivait que quiconque se lib\u00e8re lui-m\u00eame sera libre. Le club de lecture concr\u00e9tise ces mots chaque jour.\u00a0\u00bb<\/p>\n","protected":false},"excerpt":{"rendered":"Plus de 70 personnes ont particip\u00e9 au rassemblement de Tr\u00e9gor solidarit\u00e9 Ukraine organis\u00e9 le jeudi 22 mai sur&hellip;\n","protected":false},"author":2,"featured_media":120546,"comment_status":"","ping_status":"","sticky":false,"template":"","format":"standard","meta":{"footnotes":""},"categories":[1590],"tags":[11,1777,674,131,5862,12,11880,220],"class_list":{"0":"post-120545","1":"post","2":"type-post","3":"status-publish","4":"format-standard","5":"has-post-thumbnail","7":"category-ukraine","8":"tag-actualites","9":"tag-eu","10":"tag-europe","11":"tag-guerre-en-ukraine","12":"tag-lannion","13":"tag-news","14":"tag-solidarite-ukraine","15":"tag-ukraine"},"share_on_mastodon":{"url":"https:\/\/pubeurope.com\/@fr\/114553934547915792","error":""},"_links":{"self":[{"href":"https:\/\/www.europesays.com\/fr\/wp-json\/wp\/v2\/posts\/120545","targetHints":{"allow":["GET"]}}],"collection":[{"href":"https:\/\/www.europesays.com\/fr\/wp-json\/wp\/v2\/posts"}],"about":[{"href":"https:\/\/www.europesays.com\/fr\/wp-json\/wp\/v2\/types\/post"}],"author":[{"embeddable":true,"href":"https:\/\/www.europesays.com\/fr\/wp-json\/wp\/v2\/users\/2"}],"replies":[{"embeddable":true,"href":"https:\/\/www.europesays.com\/fr\/wp-json\/wp\/v2\/comments?post=120545"}],"version-history":[{"count":0,"href":"https:\/\/www.europesays.com\/fr\/wp-json\/wp\/v2\/posts\/120545\/revisions"}],"wp:featuredmedia":[{"embeddable":true,"href":"https:\/\/www.europesays.com\/fr\/wp-json\/wp\/v2\/media\/120546"}],"wp:attachment":[{"href":"https:\/\/www.europesays.com\/fr\/wp-json\/wp\/v2\/media?parent=120545"}],"wp:term":[{"taxonomy":"category","embeddable":true,"href":"https:\/\/www.europesays.com\/fr\/wp-json\/wp\/v2\/categories?post=120545"},{"taxonomy":"post_tag","embeddable":true,"href":"https:\/\/www.europesays.com\/fr\/wp-json\/wp\/v2\/tags?post=120545"}],"curies":[{"name":"wp","href":"https:\/\/api.w.org\/{rel}","templated":true}]}}