{"id":120547,"date":"2025-05-22T22:51:10","date_gmt":"2025-05-22T22:51:10","guid":{"rendered":"https:\/\/www.europesays.com\/fr\/120547\/"},"modified":"2025-05-22T22:51:10","modified_gmt":"2025-05-22T22:51:10","slug":"le-gouvernement-interdit-luniversite-harvard-daccueillir-des-etudiants-etrangers","status":"publish","type":"post","link":"https:\/\/www.europesays.com\/fr\/120547\/","title":{"rendered":"le gouvernement interdit l&rsquo;universit\u00e9 Harvard d&rsquo;accueillir des \u00e9tudiants \u00e9trangers"},"content":{"rendered":"<p class=\"article-p mdl\">L&rsquo;administration am\u00e9ricaine de Donald Trump a annonc\u00e9 qu&rsquo;elle gelait\u00a02,2 milliards de dollars de subventions f\u00e9d\u00e9rales\u00a0\u00e0 destination d&rsquo;Harvard, l&rsquo;accusant d&rsquo;avoir laiss\u00e9 prosp\u00e9rer l'\u00a0\u00bbantis\u00e9mitisme\u00a0\u00bb sur son campus. La prestigieuse universit\u00e9 a annonc\u00e9 poursuivre l&rsquo;administration\u00a0Trump en justice \u00e0 la suite de cette d\u00e9cision.<\/p>\n<p class=\"article-p mdl\">Dans ce bras de fer, l&rsquo;administration Trump a annonc\u00e9, jeudi 22 mai, qu&rsquo;elle <strong>interdisait \u00e0 l&rsquo;universit\u00e9 d&rsquo;accueillir des \u00e9tudiants \u00e9trangers<\/strong>. \u00ab\u00a0La certification du programme SEVIS (Student and Exchange Visitor) de l&rsquo;universit\u00e9\u00a0<a class=\"link\" href=\"https:\/\/www.rtl.fr\/actu\/international\/donald-trump-qualifie-harvard-de-blague-qui-ne-merite-pas-de-subventions-federales-7900495043\" title=\"Donald Trump qualifie Harvard de &quot;blague&quot; qui ne m\u00e9rite pas de subventions f\u00e9d\u00e9rales\" target=\"_blank\" rel=\"nofollow noopener\">Harvard<\/a>\u00a0est r\u00e9voqu\u00e9e avec effet imm\u00e9diat\u00a0\u00bb, a \u00e9crit la ministre de la S\u00e9curit\u00e9 int\u00e9rieure Kristi Noem dans une lettre adress\u00e9e \u00e0 l&rsquo;\u00e9tablissement. Selon la ministre, cette d\u00e9cision signifie que l&rsquo;\u00e9tablissement a l&rsquo;interdiction de recevoir des \u00e9tudiants titulaires de visas F ou J pour l&rsquo;ann\u00e9e scolaire 2025-2026.<\/p>\n<p class=\"article-p mdl\">Cela serait une grande perte pour l&rsquo;universit\u00e9, \u00e0 la fois sur le plan financier et du rayonnement international. L&rsquo;\u00e9tablissement, class\u00e9 parmi les meilleurs au monde, <strong>accueille cette ann\u00e9e quelque 6.700 \u00ab\u00a0\u00e9tudiants internationaux\u00a0\u00bb, soit 27 % du total<\/strong>.<\/p>\n<p class=\"article-p mdl\">D&rsquo;apr\u00e8s Kristi Noem, les \u00e9tudiants \u00e9trangers d\u00e9j\u00e0 inscrits doivent <strong>\u00ab\u00a0se transf\u00e9rer\u00a0\u00bb dans une autre universit\u00e9, sous peine de perdre leur visa<\/strong>. La ministre a assorti sa d\u00e9cision choc d&rsquo;un <strong>ultimatum <\/strong>: si Harvard veut retrouver ce \u00ab\u00a0privil\u00e8ge\u00a0\u00bb, elle doit fournir dans les 72 heures toute une s\u00e9rie d&rsquo;informations dont elle disposerait sur d&rsquo;hypoth\u00e9tiques activit\u00e9s \u00ab\u00a0ill\u00e9gales\u00a0\u00bb de ses \u00e9tudiants \u00e9trangers dans les cinq derni\u00e8res ann\u00e9es. <strong>Une d\u00e9cision jug\u00e9e \u00ab\u00a0ill\u00e9gale\u00a0\u00bb par le porte-parole de l&rsquo;universit\u00e9<\/strong>, et compte bien maintenir l&rsquo;accueil de ces \u00e9tudiants \u00e9trangers.<\/p>\n<p>    La r\u00e9daction vous recommande<\/p>\n<p class=\"s-newsletter__title\">\n                L\u2019actualit\u00e9 par la r\u00e9daction de RTL dans votre bo\u00eete mail.\n            <\/p>\n<p class=\"s-newsletter__subtitle\">\n                Gr\u00e2ce \u00e0 votre compte RTL abonnez-vous \u00e0 la newsletter RTL info pour suivre toute l&rsquo;actualit\u00e9 au quotidien\n            <\/p>\n<p>\n                                    Lire la suite\n                                <\/p>\n","protected":false},"excerpt":{"rendered":"L&rsquo;administration am\u00e9ricaine de Donald Trump a annonc\u00e9 qu&rsquo;elle gelait\u00a02,2 milliards de dollars de subventions f\u00e9d\u00e9rales\u00a0\u00e0 destination d&rsquo;Harvard, l&rsquo;accusant&hellip;\n","protected":false},"author":2,"featured_media":120548,"comment_status":"","ping_status":"","sticky":false,"template":"","format":"standard","meta":{"footnotes":""},"categories":[1589],"tags":[11,75,73,1866,18087,107,12,1864,1865,5768,1863,308],"class_list":{"0":"post-120547","1":"post","2":"type-post","3":"status-publish","4":"format-standard","5":"has-post-thumbnail","7":"category-etats-unis","8":"tag-actualites","9":"tag-donald-trump","10":"tag-etats-unis","11":"tag-etats-unis-damerique","12":"tag-etranger","13":"tag-fil-info","14":"tag-news","15":"tag-united-states","16":"tag-united-states-of-america","17":"tag-universite","18":"tag-us","19":"tag-usa"},"share_on_mastodon":{"url":"https:\/\/pubeurope.com\/@fr\/114553938651652699","error":""},"_links":{"self":[{"href":"https:\/\/www.europesays.com\/fr\/wp-json\/wp\/v2\/posts\/120547","targetHints":{"allow":["GET"]}}],"collection":[{"href":"https:\/\/www.europesays.com\/fr\/wp-json\/wp\/v2\/posts"}],"about":[{"href":"https:\/\/www.europesays.com\/fr\/wp-json\/wp\/v2\/types\/post"}],"author":[{"embeddable":true,"href":"https:\/\/www.europesays.com\/fr\/wp-json\/wp\/v2\/users\/2"}],"replies":[{"embeddable":true,"href":"https:\/\/www.europesays.com\/fr\/wp-json\/wp\/v2\/comments?post=120547"}],"version-history":[{"count":0,"href":"https:\/\/www.europesays.com\/fr\/wp-json\/wp\/v2\/posts\/120547\/revisions"}],"wp:featuredmedia":[{"embeddable":true,"href":"https:\/\/www.europesays.com\/fr\/wp-json\/wp\/v2\/media\/120548"}],"wp:attachment":[{"href":"https:\/\/www.europesays.com\/fr\/wp-json\/wp\/v2\/media?parent=120547"}],"wp:term":[{"taxonomy":"category","embeddable":true,"href":"https:\/\/www.europesays.com\/fr\/wp-json\/wp\/v2\/categories?post=120547"},{"taxonomy":"post_tag","embeddable":true,"href":"https:\/\/www.europesays.com\/fr\/wp-json\/wp\/v2\/tags?post=120547"}],"curies":[{"name":"wp","href":"https:\/\/api.w.org\/{rel}","templated":true}]}}